{"id":81852,"date":"2026-08-31T13:29:47","date_gmt":"2026-08-31T13:29:47","guid":{"rendered":"https:\/\/litci.org\/es\/?p=81852"},"modified":"2026-08-31T13:30:00","modified_gmt":"2026-08-31T13:30:00","slug":"no-nos-callaran-ninguna-voz-por-palestina-sera-silenciada","status":"publish","type":"post","link":"https:\/\/litci.org\/es\/no-nos-callaran-ninguna-voz-por-palestina-sera-silenciada\/","title":{"rendered":"No nos callar\u00e1n: ninguna voz por Palestina ser\u00e1 silenciada"},"content":{"rendered":"\n<p>Se fij\u00f3 para el <strong>24 de septiembre<\/strong> el juicio en segunda instancia del recurso contra la condena a <strong>dos a\u00f1os de prisi\u00f3n en r\u00e9gimen abierto<\/strong>, impuesta por la 4.\u00aa Sala Penal de la Justicia Federal de S\u00e3o Paulo al presidente nacional del PSTU, <strong>Jos\u00e9 Maria de Almeida, Z\u00e9 Maria<\/strong>. Vamos a un nuevo cap\u00edtulo de la persecuci\u00f3n sionista contra aquellos y aquellas que se atreven a levantar sus voces para denunciar el genocidio del pueblo palestino y los <strong>78 a\u00f1os de ocupaci\u00f3n de sus tierras por parte del Estado colonialista y racista de Israel<\/strong>.<\/p>\n\n\n\n<p>La acusaci\u00f3n del Ministerio P\u00fablico se basa en la gastada falacia que equipara <strong>antisionismo con antisemitismo<\/strong>, para luego inventar una acusaci\u00f3n de racismo contra todos y todas quienes denuncian las atrocidades cometidas por Israel contra el pueblo palestino. La verdad detr\u00e1s de todo esto es la desesperaci\u00f3n de las organizaciones sionistas que act\u00faan en nuestro pa\u00eds (<strong>Confederaci\u00f3n Israelita Brasile\u00f1a, Federaci\u00f3n Israelita de S\u00e3o Paulo<\/strong>), que tienen cada vez m\u00e1s dificultades para defender lo indefendible: el genocidio del pueblo palestino cometido por el Estado sionista.<\/p>\n\n\n\n<p>Lamentablemente, no constituye una sorpresa el hecho de que el Poder Judicial del pa\u00eds sea utilizado como instrumento para ello. Las relaciones del sionismo con la \u00e9lite econ\u00f3mica del pa\u00eds propician esta instrumentalizaci\u00f3n. La sentencia dictada por el juez de la 4.\u00aa Sala Penal de la Justicia Federal no tiene ni un m\u00ednimo de sustento legal y forma parte de una ofensiva que no afecta solamente a Z\u00e9 Maria, sino tambi\u00e9n a decenas de otros activistas y dirigentes pol\u00edticos de nuestro pa\u00eds, como <strong>Jos\u00e9 Genoino<\/strong>, expresidente del PT, y <strong>Breno Altman<\/strong>, del portal OperaMundi.<\/p>\n\n\n\n<p>\u00abDecir que el Estado de Israel tiene que desaparecer no tiene nada que ver con hacer propaganda contra el pueblo jud\u00edo; es lo mismo que decir que el Estado de <em>apartheid<\/em> de Sud\u00e1frica ten\u00eda que terminar, y eso no significaba promover la muerte de los blancos sudafricanos, sino defender el fin de un Estado de segregaci\u00f3n racial\u00bb, afirma Z\u00e9 Maria.<\/p>\n\n\n\n<h3 class=\"wp-block-heading\">Un precedente peligroso<\/h3>\n\n\n\n<h2 class=\"wp-block-heading\">Un ataque a las libertades democr\u00e1ticas<\/h2>\n\n\n\n<p>Ser\u00eda un error considerar que esta condena se limita a un ataque contra el compa\u00f1ero Z\u00e9 Maria. Se trata de una ofensiva que busca <strong>criminalizar un derecho democr\u00e1tico fundamental: el derecho de cada ciudadano de este pa\u00eds a expresar libremente sus opiniones<\/strong>, de acuerdo con la Constituci\u00f3n Federal. Un derecho y una libertad fundamentales conquistados a duras penas en la lucha contra la dictadura militar. Es decir, afecta a todos y todas quienes valoran este derecho b\u00e1sico en cualquier democracia. Sin mencionar que, si esta pr\u00e1ctica se extiende, ma\u00f1ana podr\u00eda criminalizarse el derecho a expresar una opini\u00f3n cr\u00edtica contra el gobierno, los patrones, etc.<\/p>\n\n\n\n<p>La lucha contra la condena de Z\u00e9 Maria debe ser asumida, entonces, por todos y todas quienes defienden las libertades democr\u00e1ticas. Se trata de enfrentar una ofensiva, impulsada por el sionismo, para criminalizar la defensa de la lucha del pueblo palestino, que tambi\u00e9n se expresa en los procesos iniciados contra varios otros dirigentes y activistas, en el <strong>Proyecto de Ley 1424\/26 de la diputada Tabata Amaral (PSB-SP)<\/strong>, en el ataque y secuestro de los participantes de la <strong>Flotilla Global Sumud<\/strong>, etc. <strong>Derrotar esta ofensiva y fortalecer la lucha en defensa del pueblo palestino: ese debe ser nuestro objetivo.<\/strong><\/p>\n\n\n\n<p>Otro error que debemos evitar es concentrar nuestros esfuerzos en derrotar los ataques realizados por las organizaciones sionistas, dejando en segundo plano la defensa de la lucha del pueblo palestino. La lucha contra la condena de Z\u00e9 Maria y de los dem\u00e1s activistas y dirigentes procesados, para impedir la aprobaci\u00f3n del proyecto de ley de Tabata Amaral, etc., es inseparable de nuestro esfuerzo por <strong>elevar a\u00fan m\u00e1s las voces y las movilizaciones en nuestro pa\u00eds en apoyo al pueblo palestino y en denuncia del Estado racista y colonialista de Israel<\/strong>.<\/p>\n\n\n\n<p><strong>Audiencia p\u00fablica en defensa del pueblo palestino en Belo Horizonte (MG)<\/strong><\/p>\n\n\n\n<h2 class=\"wp-block-heading\">Intensificar la campa\u00f1a contra la condena de Z\u00e9 Maria<\/h2>\n\n\n\n<p>La campa\u00f1a contra la condena de Z\u00e9 Maria ha tenido una importante repercusi\u00f3n y generado numerosas manifestaciones de solidaridad y apoyo. Adem\u00e1s del acto pol\u00edtico realizado en S\u00e3o Paulo, que dio inicio a la campa\u00f1a, tuvimos un importante acto en R\u00edo de Janeiro y otro muy concurrido en Belo Horizonte, en la Asamblea Legislativa de Minas Gerais. Se recibieron cientos de notas y mociones de solidaridad de organizaciones y movimientos de Brasil y de diversos otros pa\u00edses.<\/p>\n\n\n\n<p>Ahora, con el juicio ya fijado, es necesario <strong>intensificar la campa\u00f1a<\/strong>. Reforzar la necesidad de enviar notas y mociones de apoyo de las organizaciones y movimientos que todav\u00eda no lo hayan hecho a los magistrados que integran el tribunal designado para juzgar el recurso presentado contra la condena sufrida por el compa\u00f1ero en primera instancia. Y profundizar nuestra lucha en defensa del pueblo palestino y la denuncia de las atrocidades cometidas por el Estado de Israel, continuando incluso con el reclamo al gobierno brasile\u00f1o para que <strong>rompa las relaciones diplom\u00e1ticas, econ\u00f3micas y militares con el Estado sionista<\/strong>.<\/p>\n\n\n\n<p><strong>\u00a1Palestina ser\u00e1 libre, desde el r\u00edo Jord\u00e1n hasta el mar!<\/strong><\/p>\n\n\n\n<h3 class=\"wp-block-heading\">Por la absoluci\u00f3n de Z\u00e9 Maria<\/h3>\n\n\n\n<p><strong>Env\u00ede mociones y mensajes<\/strong><\/p>\n\n\n\n<p>Desembargador Federal Helio Edydio de Matos Nogueira \u2014 <a href=\"mailto:gab1241@trf3.jus.br\">gab1241@trf3.jus.br<\/a><br>Desembargador Federal Jos\u00e9 Marcos Lunardeli \u2014 <a href=\"mailto:gabjl@trf3.jus.br\">gabjl@trf3.jus.br<\/a><br>Desembargador Federal Fausto Martins De Sanctis \u2014 <a href=\"mailto:gabfs@trf3.jus.br\">gabfs@trf3.jus.br<\/a><br>Desembargador Federal Nino Oliveira Toldo \u2014 <a href=\"mailto:gabnt@trf3.jus.br\">gabnt@trf3.jus.br<\/a><\/p>\n\n\n\n<p>Con copia a: <a href=\"mailto:liberdadesdemocraticaszemaria@gmail.com\">liberdadesdemocraticaszemaria@gmail.com<\/a><\/p>\n","protected":false},"excerpt":{"rendered":"<p>Se fij\u00f3 para el 24 de septiembre el juicio en segunda instancia del recurso contra la condena a dos a\u00f1os de prisi\u00f3n en r\u00e9gimen abierto, impuesta por la 4.\u00aa Sala Penal de la Justicia Federal de S\u00e3o Paulo al presidente nacional del PSTU, Jos\u00e9 Maria de Almeida, Z\u00e9 Maria. Vamos a un nuevo cap\u00edtulo de [&hellip;]<\/p>\n","protected":false},"author":17,"featured_media":81853,"menu_order":12,"comment_status":"open","ping_status":"open","sticky":false,"template":"","format":"standard","meta":{"litci_post_political_author":"PSTU Brasil","footnotes":""},"categories":[2676],"tags":[],"class_list":["post-81852","post","type-post","status-publish","format-standard","has-post-thumbnail","hentry","category-brasil"],"fimg_url":"https:\/\/litci.org\/es\/wp-content\/uploads\/2026\/08\/Ze-Maria.webp","categories_names":["Brasil"],"author_info":{"name":"Cris","pic":"https:\/\/secure.gravatar.com\/avatar\/8be19d9542307ef9e5c90edceee6bf8064823a89e1c6319d77e8c5798fc2b7ed?s=96&d=mm&r=g"},"political_author":"PSTU Brasil","tagline":"","_links":{"self":[{"href":"https:\/\/litci.org\/es\/wp-json\/wp\/v2\/posts\/81852","targetHints":{"allow":["GET"]}}],"collection":[{"href":"https:\/\/litci.org\/es\/wp-json\/wp\/v2\/posts"}],"about":[{"href":"https:\/\/litci.org\/es\/wp-json\/wp\/v2\/types\/post"}],"author":[{"embeddable":true,"href":"https:\/\/litci.org\/es\/wp-json\/wp\/v2\/users\/17"}],"replies":[{"embeddable":true,"href":"https:\/\/litci.org\/es\/wp-json\/wp\/v2\/comments?post=81852"}],"version-history":[{"count":1,"href":"https:\/\/litci.org\/es\/wp-json\/wp\/v2\/posts\/81852\/revisions"}],"predecessor-version":[{"id":81854,"href":"https:\/\/litci.org\/es\/wp-json\/wp\/v2\/posts\/81852\/revisions\/81854"}],"wp:featuredmedia":[{"embeddable":true,"href":"https:\/\/litci.org\/es\/wp-json\/wp\/v2\/media\/81853"}],"wp:attachment":[{"href":"https:\/\/litci.org\/es\/wp-json\/wp\/v2\/media?parent=81852"}],"wp:term":[{"taxonomy":"category","embeddable":true,"href":"https:\/\/litci.org\/es\/wp-json\/wp\/v2\/categories?post=81852"},{"taxonomy":"post_tag","embeddable":true,"href":"https:\/\/litci.org\/es\/wp-json\/wp\/v2\/tags?post=81852"}],"curies":[{"name":"wp","href":"https:\/\/api.w.org\/{rel}","templated":true}]}}