{"id":81450,"date":"2026-05-02T23:05:28","date_gmt":"2026-05-02T23:05:28","guid":{"rendered":"https:\/\/litci.org\/es\/?p=81450"},"modified":"2026-05-02T23:39:39","modified_gmt":"2026-05-02T23:39:39","slug":"la-embajada-confirma-la-tortura-del-ciudadano-brasileno-y-testimonios-de-primera-mano-confirman-la-tortura-del-ciudadano-espanol-mientras-los-dos-activistas-de-la-global-sumud-flotilla-eran","status":"publish","type":"post","link":"https:\/\/litci.org\/es\/la-embajada-confirma-la-tortura-del-ciudadano-brasileno-y-testimonios-de-primera-mano-confirman-la-tortura-del-ciudadano-espanol-mientras-los-dos-activistas-de-la-global-sumud-flotilla-eran\/","title":{"rendered":"La embajada confirma la tortura del ciudadano brasile\u00f1o y testimonios de primera mano confirman la tortura del ciudadano espa\u00f1ol mientras los dos activistas de la Global\u00a0Sumud\u00a0Flotilla eran trasladados a la\u00a0fuerza a\u00a0Askalan, en la Palestina ocupada.\u00a0"},"content":{"rendered":"\n<p>Nuevos testimonios detallan palizas, negligencia m\u00e9dica y huelga de hambre mientras&nbsp;Saif&nbsp;<\/p>\n\n\n\n<p>Abukeshek&nbsp;y Thiago \u00c1vila permanecen bajo custodia sin cargos tras ser interceptados en&nbsp;<\/p>\n\n\n\n<p>aguas internacionales.&nbsp;<\/p>\n\n\n\n<p>2 de mayo&nbsp;<\/p>\n\n\n\n<p>de 2026&nbsp;&nbsp;<\/p>\n\n\n\n<p>Mar Mediterr\u00e1neo \/\u00a0Askalan\u00a0(Palestina ocupada) \u2014 Mientras miles de Palestinos\u00a0permanecen encarcelados sin cargos y sometidos a abusos sistem\u00e1ticos, la Global\u00a0Sumud\u00a0Flotilla confirma que\u00a0Saif\u00a0Abukeshek\u00a0y Thiago \u00c1vila han sido trasladados a la prisi\u00f3n de\u00a0Shikma\u00a0en\u00a0Askalan, al norte de Gaza, en la Palestina ocupada, tras su secuestro ilegal en\u00a0aguas europeas por fuerzas israel\u00edes.\u00a0\u00a0<\/p>\n\n\n\n<p>La prisi\u00f3n es conocida por haber sido utilizada para detener a prisioneros palestinos en\u00a0condiciones muy duras, y m\u00e1s recientemente para encarcelar a civiles secuestrados en\u00a0Gaza como parte de la campa\u00f1a genocida de Israel contra el pueblo palestino.\u00a0\u00a0<\/p>\n\n\n\n<p>Este hecho supone una escalada cr\u00edtica, agravada ahora por informes confirmados\u00a0\u00a0de tortura bajo custodia. A pesar de las urgentes intervenciones legales y los numerosos\u00a0llamamientos internacionales, los pa\u00edses europeos incumplieron sus obligaciones legales\u00a0y permitieron el traslado de los dos civiles, poni\u00e9ndolos en riesgo inmediato.\u00a0\u00a0<\/p>\n\n\n\n<p>Tras su traslado forzoso, han surgido nuevos testimonios alarmantes a trav\u00e9s de canales\u00a0diplom\u00e1ticos que alertan sobre el trato que reciben los detenidos.\u00a0\u00a0Seg\u00fan la embajada brasile\u00f1a, Thiago \u00c1vila denunci\u00f3 haber sido sometido a torturas,\u00a0palizas y malos tratos. Durante una visita vigilada, en la que estuvo separado por un cristal\u00a0y no pudo comunicarse libremente, los funcionarios de la embajada observaron marcas\u00a0visibles en su rostro. Refiri\u00f3 un dolor intenso, especialmente en el hombro.\u00a0\u00a0A pesar de haber sido examinado por un m\u00e9dico, no recibi\u00f3 la atenci\u00f3n m\u00e9dica\u00a0adecuada. La embajada ahora insiste en que reciba tratamiento inmediato y\u00a0apropiado.\u00a0\u00a0<\/p>\n\n\n\n<p>Thiago se encuentra en huelga de hambre desde su secuestro, consumiendo\u00a0\u00fanicamente agua. No se le han notificado los cargos en su contra, y la embajada no ha\u00a0recibido ninguna aclaraci\u00f3n sobre el fundamento legal de su detenci\u00f3n. Se espera que\u00a0un abogado lo visite pr\u00f3ximamente.\u00a0\u00a0<\/p>\n\n\n\n<p>En un nuevo gesto de solidaridad, Thiago comunic\u00f3 que se niega a ser liberado a\u00a0menos que\u00a0Saif\u00a0Abukeshek\u00a0tambi\u00e9n sea liberado, insistiendo en que salgan juntos.\u00a0Abukeshek\u00a0tambi\u00e9n se encuentra actualmente en huelga de hambre.\u00a0\u00a0<\/p>\n\n\n\n<p>Lo que se informa en este caso refleja, de forma concentrada, las condiciones a las que\u00a0los palestinos han estado sometidos durante a\u00f1os bajo asedio, ocupaci\u00f3n y detenci\u00f3n.\u00a0\u00a0<\/p>\n\n\n\n<p>Estos hechos se basan en testimonios previos de\u00a0testigos presenciales, participantes\u00a0liberados, que indican que\u00a0Saif\u00a0Abukeshek\u00a0fue sometido a torturas y abusos graves\u00a0mientras estuvo detenido a bordo del buque militar antes de su traslado, un trato que\u00a0coincide con los informes de larga data sobre abusos a detenidos palestinos bajo\u00a0custodia israel\u00ed.\u00a0\u00a0<\/p>\n\n\n\n<p>Saif\u00a0Abukeshek, de nacionalidad hispano-sueca y origen palestino, y Thiago \u00c1vila, de\u00a0nacionalidad brasile\u00f1a, fueron los \u00fanicos dos participantes que no fueron liberados\u00a0tras la interceptaci\u00f3n de la Global\u00a0Sumud\u00a0Flotilla en aguas internacionales cerca de\u00a0Creta. Su detenci\u00f3n prolongada suscita serias preocupaciones sobre la detenci\u00f3n\u00a0arbitraria, la denegaci\u00f3n del debido proceso y las violaciones de la prohibici\u00f3n absoluta\u00a0de la tortura seg\u00fan el derecho internacional.\u00a0\u00a0<\/p>\n\n\n\n<p>La Global\u00a0Sumud\u00a0Flotilla reitera que el traslado forzoso de civiles desde aguas\u00a0internacionales y europeas a centros de detenci\u00f3n, junto con denuncias cre\u00edbles de\u00a0tortura y la ausencia de las debidas garant\u00edas procesales, constituye una grave violaci\u00f3n\u00a0del derecho internacional y debe ser sancionado con la correspondiente rendici\u00f3n de\u00a0cuentas.\u00a0\u00a0<\/p>\n\n\n\n<p>Hacemos un llamamiento urgente a los gobiernos, las organizaciones de derechos\u00a0humanos, las instituciones jur\u00eddicas, los medios de comunicaci\u00f3n y la sociedad civil\u00a0de todo el mundo para que exijan:\u00a0\u00a0<\/p>\n\n\n\n<p>Los gobiernos de Espa\u00f1a, Suecia y Brasil deber\u00e1n tomar medidas acciones&nbsp;<\/p>\n\n\n\n<p>diplom\u00e1ticas inmediatas para asegurar la liberaci\u00f3n de sus nacionales&nbsp;<\/p>\n\n\n\n<p>Organizaciones internacionales y \u00f3rganos jur\u00eddicos deben intervenir&nbsp;<\/p>\n\n\n\n<p>urgentemente para garantizar la seguridad y los derechos de los detenidos&nbsp;&nbsp;<\/p>\n\n\n\n<p>Los gobiernos y las instituciones p\u00fablicas deben rechazar y cuestionar las&nbsp;<\/p>\n\n\n\n<p>acusaciones infundadas que ponen en peligro a los civiles detenidos.&nbsp;<\/p>\n\n\n\n<p>Las autoridades competentes deben garantizar la rendici\u00f3n de cuentas por&nbsp;<\/p>\n\n\n\n<p>violaciones que incluyen tortura, detenci\u00f3n ilegal y traslado forzoso&nbsp;&nbsp;<\/p>\n\n\n\n<p>Declaraci\u00f3n de principios generales y derechos humanos&nbsp;&nbsp;<\/p>\n\n\n\n<p>El trato que reciben los detenidos en cualquier contexto debe regirse por normas\u00a0jur\u00eddicas internacionales vinculantes, incluida la prohibici\u00f3n absoluta de la tortura\u00a0\u00a0y la obligaci\u00f3n de garantizar el debido proceso y un trato humano.\u00a0\u00a0<\/p>\n\n\n\n<p>El trato que reciben los detenidos bajo custodia israel\u00ed, sumado a la escalada de ret\u00f3rica\u00a0y las acusaciones infundadas, suscita una profunda y urgente preocupaci\u00f3n en la\u00a0comunidad internacional. Cualquier pol\u00edtica o pr\u00e1ctica que ponga en riesgo la vida\u00a0\u00a0de los presos constituye un desaf\u00edo directo a los principios fundamentales del derecho\u00a0internacional, la dignidad humana y la justicia.\u00a0\u00a0<\/p>\n\n\n\n<p>Saif\u00a0y Thiago no son abstracciones, son seres humanos con derechos inviolables. Tienen\u00a0derecho a la protecci\u00f3n, al debido proceso y a la plena preservaci\u00f3n de sus vidas y\u00a0dignidad. Son padres, hijos y pilares de comunidades que dependen de su regreso sanos\u00a0\u00a0y salvos. Su secuestro constituye una grave violaci\u00f3n de las normas internacionales\u00a0\u00a0y exige una acci\u00f3n global urgente, firme y coordinada.\u00a0\u00a0<\/p>\n\n\n\n<p>Su secuestro exige una acci\u00f3n internacional inmediata y decisiva, no solo para\u00a0lograr su liberaci\u00f3n, sino tambi\u00e9n para hacer frente al sistema m\u00e1s amplio de\u00a0asedio, detenci\u00f3n y deshumanizaci\u00f3n impuesto a los palestinos, en particular en\u00a0Gaza.\u00a0\u00a0<\/p>\n\n\n\n<p>CONTACTO PARA APOYO A B\u00daSQUEDA Y RESCATE:&nbsp;<\/p>\n\n\n\n<p><a href=\"mailto:rescue@globalsumudflotilla.org\" target=\"_blank\" rel=\"noreferrer noopener\">rescue@globalsumudflotilla.org<\/a>&nbsp;&nbsp;<\/p>\n\n\n\n<p>CONTACTO PARA MEDIOS:&nbsp;&nbsp;<\/p>\n\n\n\n<p>Correo electr\u00f3nico:&nbsp;&nbsp;<\/p>\n\n\n\n<p><a href=\"mailto:media@globalsumudflotilla.org\" target=\"_blank\" rel=\"noreferrer noopener\">media@globalsumudflotilla.org<\/a>&nbsp;&nbsp;<\/p>\n\n\n\n<p>Correo electr\u00f3nico ESPA\u00d1A&nbsp;G.S. :&nbsp;&nbsp;<\/p>\n\n\n\n<p><a href=\"mailto:gmtgcomunicacionspain@proton.me\" target=\"_blank\" rel=\"noreferrer noopener\">gmtgcomunicacionspain@proton.me<\/a>&nbsp;<\/p>\n\n\n\n<p>Tel\u00e9fono:&nbsp;<\/p>\n\n\n\n<p>Coord. Prensa ESPA\u00d1A GLOBAL&nbsp;SUMUD :&nbsp;+33 651 19 13 73&nbsp;<\/p>\n\n\n\n<p>Coordinaci\u00f3n de Impacto Pol\u00edtico:&nbsp;<\/p>\n\n\n\n<p>Elena Zurita&nbsp;Baone&nbsp;: +34 697 39 70 92&nbsp;<\/p>\n\n\n\n<p>Sitio web:&nbsp;<\/p>\n\n\n\n<p>globalsumudflotilla.org&nbsp;&nbsp;<\/p>\n\n\n\n<p>Sigue nuestros anuncios en&nbsp;&nbsp;<\/p>\n\n\n\n<p>Telegram&nbsp;<\/p>\n\n\n\n<p>Redes sociales: @globalsumudflotilla&nbsp;&nbsp;<\/p>\n\n\n\n<p>@spain_GlobalSumud&nbsp;<\/p>\n\n\n\n<p>y&nbsp;<\/p>\n\n\n\n<figure class=\"wp-block-embed\"><div class=\"wp-block-embed__wrapper\">\nhttps:\/\/www.instagram.com\/wavesofsumud\n<\/div><\/figure>\n\n\n\n<p><\/p>\n","protected":false},"excerpt":{"rendered":"<p>Nuevos testimonios detallan palizas, negligencia m\u00e9dica y huelga de hambre mientras&nbsp;Saif&nbsp; Abukeshek&nbsp;y Thiago \u00c1vila permanecen bajo custodia sin cargos tras ser interceptados en&nbsp; aguas internacionales.&nbsp; 2 de mayo&nbsp; de 2026&nbsp;&nbsp; Mar Mediterr\u00e1neo \/\u00a0Askalan\u00a0(Palestina ocupada) \u2014 Mientras miles de Palestinos\u00a0permanecen encarcelados sin cargos y sometidos a abusos sistem\u00e1ticos, la Global\u00a0Sumud\u00a0Flotilla confirma que\u00a0Saif\u00a0Abukeshek\u00a0y Thiago \u00c1vila han sido [&hellip;]<\/p>\n","protected":false},"author":17,"featured_media":81452,"menu_order":0,"comment_status":"open","ping_status":"open","sticky":false,"template":"","format":"standard","meta":{"jetpack_post_was_ever_published":false,"_jetpack_newsletter_access":"","_jetpack_dont_email_post_to_subs":false,"_jetpack_newsletter_tier_id":0,"_jetpack_memberships_contains_paywalled_content":false,"litci_post_political_author":"Global\u00a0Sumud\u00a0Flotilla","_jetpack_memberships_contains_paid_content":false,"footnotes":""},"categories":[18309],"tags":[],"class_list":["post-81450","post","type-post","status-publish","format-standard","has-post-thumbnail","hentry","category-especial-palestina"],"jetpack_featured_media_url":"https:\/\/i0.wp.com\/litci.org\/es\/wp-content\/uploads\/2026\/05\/WhatsApp-Image-2026-05-02-at-19.33.39.jpeg?fit=960%2C1280&ssl=1","fimg_url":"https:\/\/i0.wp.com\/litci.org\/es\/wp-content\/uploads\/2026\/05\/WhatsApp-Image-2026-05-02-at-19.33.39.jpeg?fit=960%2C1280&ssl=1","categories_names":["Especial Palestina"],"author_info":{"name":"Cris","pic":"https:\/\/secure.gravatar.com\/avatar\/8be19d9542307ef9e5c90edceee6bf8064823a89e1c6319d77e8c5798fc2b7ed?s=96&d=mm&r=g"},"political_author":"Global\u00a0Sumud\u00a0Flotilla","tagline":"","jetpack_sharing_enabled":true,"_links":{"self":[{"href":"https:\/\/litci.org\/es\/wp-json\/wp\/v2\/posts\/81450","targetHints":{"allow":["GET"]}}],"collection":[{"href":"https:\/\/litci.org\/es\/wp-json\/wp\/v2\/posts"}],"about":[{"href":"https:\/\/litci.org\/es\/wp-json\/wp\/v2\/types\/post"}],"author":[{"embeddable":true,"href":"https:\/\/litci.org\/es\/wp-json\/wp\/v2\/users\/17"}],"replies":[{"embeddable":true,"href":"https:\/\/litci.org\/es\/wp-json\/wp\/v2\/comments?post=81450"}],"version-history":[{"count":2,"href":"https:\/\/litci.org\/es\/wp-json\/wp\/v2\/posts\/81450\/revisions"}],"predecessor-version":[{"id":81455,"href":"https:\/\/litci.org\/es\/wp-json\/wp\/v2\/posts\/81450\/revisions\/81455"}],"wp:featuredmedia":[{"embeddable":true,"href":"https:\/\/litci.org\/es\/wp-json\/wp\/v2\/media\/81452"}],"wp:attachment":[{"href":"https:\/\/litci.org\/es\/wp-json\/wp\/v2\/media?parent=81450"}],"wp:term":[{"taxonomy":"category","embeddable":true,"href":"https:\/\/litci.org\/es\/wp-json\/wp\/v2\/categories?post=81450"},{"taxonomy":"post_tag","embeddable":true,"href":"https:\/\/litci.org\/es\/wp-json\/wp\/v2\/tags?post=81450"}],"curies":[{"name":"wp","href":"https:\/\/api.w.org\/{rel}","templated":true}]}}