{"id":81437,"date":"2026-04-28T22:53:27","date_gmt":"2026-04-28T22:53:27","guid":{"rendered":"https:\/\/litci.org\/es\/?p=81437"},"modified":"2026-04-28T22:53:45","modified_gmt":"2026-04-28T22:53:45","slug":"juez-condena-a-ze-maria-por-discurso-contra-el-estado-de-israel-el-pstu-va-a-apelar-y-reafirma-su-lucha-en-apoyo-al-pueblo-palestino","status":"publish","type":"post","link":"https:\/\/litci.org\/es\/juez-condena-a-ze-maria-por-discurso-contra-el-estado-de-israel-el-pstu-va-a-apelar-y-reafirma-su-lucha-en-apoyo-al-pueblo-palestino\/","title":{"rendered":"Juez\u00a0condena\u00a0a\u00a0Z\u00e9\u00a0Mar\u00eda por discurso contra\u00a0el\u00a0Estado de Israel:\u00a0el\u00a0PSTU\u00a0va a apelar\u00a0y\u00a0reafirma\u00a0su lucha en apoyo al pueblo\u00a0palestino\u00a0"},"content":{"rendered":"\n<p>28 de abril de 2026&nbsp;<\/p>\n\n\n\n<p>Este martes, 28,&nbsp;la&nbsp;4\u00aa Vara Criminal Federal\u202f<a href=\"https:\/\/g1.globo.com\/sp\/sao-paulo\/noticia\/2026\/04\/28\/justica-federal-condena-presidente-do-pstu-a-2-anos-de-prisao-por-racismo-em-discurso-contra-judeus-sionistas-de-israel.ghtml?utm_source=twitter&amp;utm_medium=social&amp;utm_campaign=g1-sao-paulo\" target=\"_blank\" rel=\"noreferrer noopener\">conden\u00f3<\/a>&nbsp;al\u202f presidente&nbsp;del&nbsp;PSTU,&nbsp;Z\u00e9&nbsp;Mar\u00eda, a 2&nbsp;a\u00f1os de prisi\u00f3n por el&nbsp;crimen&nbsp;&nbsp;\u201cracismo\u201d.&nbsp;Lo m\u00e1s sorprendente es que la decisi\u00f3n&nbsp;ocurre&nbsp;por&nbsp;un&nbsp;discurso de&nbsp;Z\u00e9&nbsp;Mar\u00eda&nbsp;en defensa del pueblo&nbsp;palestino, denunciando&nbsp;el&nbsp;genocidio y el r\u00e9gimen&nbsp;colonialista&nbsp;impuesto por el&nbsp;Estado de Israel sobre&nbsp;la&nbsp;Palestina ocupada.&nbsp;<\/p>\n\n\n\n<p>El proceso fue motivado por entidades sionistas, como&nbsp;la&nbsp;Conib&nbsp;(Confederaci\u00f3n&nbsp;Israelita&nbsp;de&nbsp;Brasil)&nbsp;y la&nbsp;Fisesp&nbsp;(Federaci\u00f3n&nbsp;Israelita&nbsp;del&nbsp;Estado de&nbsp;San&nbsp;Pablo).&nbsp;Mismas&nbsp;entidades que,&nbsp;ante el&nbsp;desgaste pol\u00edtico&nbsp;sufrido por el&nbsp;Estado de Israel&nbsp;con&nbsp;el avance del genocidio que ya victimiz\u00f3 m\u00e1s de&nbsp;67 mil&nbsp;personas en&nbsp;Gaza,&nbsp;la mayor\u00eda mujeres y ni\u00f1os, desat\u00f3 una campa\u00f1a de persecuci\u00f3n y asedio judicial contra periodistas y figuras&nbsp;p\u00fablicas que se&nbsp;pusieron&nbsp;contra&nbsp;esta masacre.&nbsp;<\/p>\n\n\n\n<p>Para&nbsp;Z\u00e9&nbsp;Mar\u00eda,&nbsp;esa&nbsp;decisi\u00f3n&nbsp;\u201cno tiene sustento,&nbsp;sea&nbsp;hist\u00f3rico, pol\u00edtico&nbsp;o&nbsp;legal\u201d.&nbsp;La decisi\u00f3n&nbsp;parte de&nbsp;una&nbsp;tergiversaci\u00f3n&nbsp;sustentada por&nbsp;organizaciones&nbsp;sionistas que&nbsp;equiparan&nbsp;falsamente \u201csionismo\u201d&nbsp;con&nbsp;\u201cjuda\u00edsmo\u201d. \u201cEl&nbsp;sionismo nada&nbsp;tiene que ver con religi\u00f3n o con un grupo \u00e9tnico,&nbsp;es una ideolog\u00eda&nbsp;de extrema&nbsp;derecha&nbsp;que&nbsp;no&nbsp;representa&nbsp;al pueblo\u201d,&nbsp;resalta&nbsp;el&nbsp;presidente&nbsp;del&nbsp;PSTU.&nbsp;<\/p>\n\n\n\n<p>\u201cDecir&nbsp;que&nbsp;el&nbsp;Estado de Israel&nbsp;tiene&nbsp;que acabar&nbsp;no&nbsp;tiene&nbsp;nada&nbsp;que&nbsp;ver&nbsp;con&nbsp;hacer predicaci\u00f3n&nbsp;contra&nbsp;el Pueblo jud\u00edo,&nbsp;es lo mismo que&nbsp;decir&nbsp;que&nbsp;el&nbsp;Estado de Apartheid&nbsp;de&nbsp;Sud\u00e1frica&nbsp;ten\u00eda&nbsp;que terminar,&nbsp;y eso no significa pregonar la&nbsp;muerte de los blancos sudafricanos,&nbsp;sino&nbsp;la&nbsp;defensa del fin de un Estado de segregaci\u00f3n&nbsp;racial\u201d, argumenta.&nbsp;No&nbsp;hay,&nbsp;de hecho,&nbsp;ninguna ley en el&nbsp;pa\u00eds que&nbsp;d\u00e9&nbsp;base legal a&nbsp;una&nbsp;decisi\u00f3n&nbsp;como&nbsp;esa,&nbsp;habiendo&nbsp;Z\u00e9&nbsp;Mar\u00eda apenas&nbsp;expresado su opini\u00f3n&nbsp;contra&nbsp;una&nbsp;masacre&nbsp;repudiada&nbsp;massivamente&nbsp;no mundo todo.&nbsp;<\/p>\n\n\n\n<p>Seg\u00fan&nbsp;Z\u00e9&nbsp;Mar\u00eda, \u201cel&nbsp;argumento utilizado por&nbsp;esas&nbsp;entidades sionistas parte de&nbsp;la&nbsp;desesperaci\u00f3n&nbsp;de&nbsp;intentar defender&nbsp;lo indefendible,&nbsp;ya&nbsp;que&nbsp;el&nbsp;mundo&nbsp;entero&nbsp;est\u00e1&nbsp;viendo el genocidio del pueblo&nbsp;palestino&nbsp;perpetrado&nbsp;por&nbsp;ese&nbsp;Estado racista, colonialista&nbsp;y&nbsp;genocida de Israel\u201d. Vale&nbsp;recordar&nbsp;que,&nbsp;esta misma ma\u00f1ana de martes,&nbsp;el propio&nbsp;Itamaraty&nbsp;confirm\u00f3&nbsp;la muerte de una familia incluido un ni\u00f1o,&nbsp;en el sur del&nbsp;L\u00edbano,&nbsp;v\u00edctima de los&nbsp;bombardeos&nbsp;israel\u00edes.&nbsp;<\/p>\n\n\n\n<p><strong>Palestina&nbsp;Libre,&nbsp;del&nbsp;r\u00edo&nbsp;al&nbsp;mar<\/strong>&nbsp;<\/p>\n\n\n\n<p>Ante una decisi\u00f3n sin base legal,&nbsp;el&nbsp;PSTU&nbsp;va a apelar ante el&nbsp;Tribunal Federal de&nbsp;San&nbsp;Pablo&nbsp;(TRF3).&nbsp;M\u00e1s all\u00e1 de eso, el&nbsp;partido&nbsp;no va&nbsp;a&nbsp;retroceder&nbsp;ni un&nbsp;mil\u00edmetro de&nbsp;su&nbsp;denuncia&nbsp;del&nbsp;Estado de Israel&nbsp;y de los&nbsp;sucesivos&nbsp;cr\u00edmenes&nbsp;contra&nbsp;la&nbsp;humanidad&nbsp;que&nbsp;viene&nbsp;perpetrando bajo la mirada del mundo. \u201cVamos&nbsp;a mantener nuestra lucha en defensa del pueblo&nbsp;palestino, contra&nbsp;el&nbsp;genocidio&nbsp;y&nbsp;por el fin del&nbsp;Estado sionista, racista&nbsp;y&nbsp;colonialista de Israel, por&nbsp;una&nbsp;Palestina laica, democr\u00e1tica&nbsp;y no&nbsp;racista,&nbsp;donde&nbsp;todos&nbsp;los pueblos,&nbsp;jud\u00edos, \u00e1rabes&nbsp;y&nbsp;de todas&nbsp;las&nbsp;etnias y regiones puedan convivir&nbsp;pac\u00edficamente\u201d, afirma&nbsp;Z\u00e9. \u201cPalestina&nbsp;libre,&nbsp;desde el r\u00edo hasta el mar\u201d, reafirma.&nbsp;<\/p>\n","protected":false},"excerpt":{"rendered":"<p>28 de abril de 2026&nbsp; Este martes, 28,&nbsp;la&nbsp;4\u00aa Vara Criminal Federal\u202fconden\u00f3&nbsp;al\u202f presidente&nbsp;del&nbsp;PSTU,&nbsp;Z\u00e9&nbsp;Mar\u00eda, a 2&nbsp;a\u00f1os de prisi\u00f3n por el&nbsp;crimen&nbsp;&nbsp;\u201cracismo\u201d.&nbsp;Lo m\u00e1s sorprendente es que la decisi\u00f3n&nbsp;ocurre&nbsp;por&nbsp;un&nbsp;discurso de&nbsp;Z\u00e9&nbsp;Mar\u00eda&nbsp;en defensa del pueblo&nbsp;palestino, denunciando&nbsp;el&nbsp;genocidio y el r\u00e9gimen&nbsp;colonialista&nbsp;impuesto por el&nbsp;Estado de Israel sobre&nbsp;la&nbsp;Palestina ocupada.&nbsp; El proceso fue motivado por entidades sionistas, como&nbsp;la&nbsp;Conib&nbsp;(Confederaci\u00f3n&nbsp;Israelita&nbsp;de&nbsp;Brasil)&nbsp;y la&nbsp;Fisesp&nbsp;(Federaci\u00f3n&nbsp;Israelita&nbsp;del&nbsp;Estado de&nbsp;San&nbsp;Pablo).&nbsp;Mismas&nbsp;entidades que,&nbsp;ante el&nbsp;desgaste pol\u00edtico&nbsp;sufrido por el&nbsp;Estado de Israel&nbsp;con&nbsp;el [&hellip;]<\/p>\n","protected":false},"author":17,"featured_media":81229,"menu_order":12,"comment_status":"open","ping_status":"open","sticky":false,"template":"","format":"standard","meta":{"jetpack_post_was_ever_published":false,"_jetpack_newsletter_access":"","_jetpack_dont_email_post_to_subs":false,"_jetpack_newsletter_tier_id":0,"_jetpack_memberships_contains_paywalled_content":false,"litci_post_political_author":"PSTU- Brasil","_jetpack_memberships_contains_paid_content":false,"footnotes":""},"categories":[2676],"tags":[],"class_list":["post-81437","post","type-post","status-publish","format-standard","has-post-thumbnail","hentry","category-brasil"],"jetpack_featured_media_url":"https:\/\/i0.wp.com\/litci.org\/es\/wp-content\/uploads\/2026\/02\/481125549_1180220980129204_8271411468877227751_n-e1770670948339.jpg?fit=616%2C494&ssl=1","fimg_url":"https:\/\/i0.wp.com\/litci.org\/es\/wp-content\/uploads\/2026\/02\/481125549_1180220980129204_8271411468877227751_n-e1770670948339.jpg?fit=616%2C494&ssl=1","categories_names":["Brasil"],"author_info":{"name":"Cris","pic":"https:\/\/secure.gravatar.com\/avatar\/8be19d9542307ef9e5c90edceee6bf8064823a89e1c6319d77e8c5798fc2b7ed?s=96&d=mm&r=g"},"political_author":"PSTU- Brasil","tagline":"","jetpack_sharing_enabled":true,"_links":{"self":[{"href":"https:\/\/litci.org\/es\/wp-json\/wp\/v2\/posts\/81437","targetHints":{"allow":["GET"]}}],"collection":[{"href":"https:\/\/litci.org\/es\/wp-json\/wp\/v2\/posts"}],"about":[{"href":"https:\/\/litci.org\/es\/wp-json\/wp\/v2\/types\/post"}],"author":[{"embeddable":true,"href":"https:\/\/litci.org\/es\/wp-json\/wp\/v2\/users\/17"}],"replies":[{"embeddable":true,"href":"https:\/\/litci.org\/es\/wp-json\/wp\/v2\/comments?post=81437"}],"version-history":[{"count":1,"href":"https:\/\/litci.org\/es\/wp-json\/wp\/v2\/posts\/81437\/revisions"}],"predecessor-version":[{"id":81438,"href":"https:\/\/litci.org\/es\/wp-json\/wp\/v2\/posts\/81437\/revisions\/81438"}],"wp:featuredmedia":[{"embeddable":true,"href":"https:\/\/litci.org\/es\/wp-json\/wp\/v2\/media\/81229"}],"wp:attachment":[{"href":"https:\/\/litci.org\/es\/wp-json\/wp\/v2\/media?parent=81437"}],"wp:term":[{"taxonomy":"category","embeddable":true,"href":"https:\/\/litci.org\/es\/wp-json\/wp\/v2\/categories?post=81437"},{"taxonomy":"post_tag","embeddable":true,"href":"https:\/\/litci.org\/es\/wp-json\/wp\/v2\/tags?post=81437"}],"curies":[{"name":"wp","href":"https:\/\/api.w.org\/{rel}","templated":true}]}}