{"id":81434,"date":"2026-04-28T22:40:27","date_gmt":"2026-04-28T22:40:27","guid":{"rendered":"https:\/\/litci.org\/es\/?p=81434"},"modified":"2026-04-28T22:41:21","modified_gmt":"2026-04-28T22:41:21","slug":"carta-abierta-de-la-madre-de-carolina-garzon-al-presidente-petro","status":"publish","type":"post","link":"https:\/\/litci.org\/es\/carta-abierta-de-la-madre-de-carolina-garzon-al-presidente-petro\/","title":{"rendered":"Carta abierta de la madre de Carolina Garz\u00f3n al presidente Petro"},"content":{"rendered":"\n<p>Se\u00f1or presidente Gustavo Petro, mi hija, Carolina Garz\u00f3n, desapareci\u00f3 en Quito, Ecuador, el 28 de abril de 2012 mientras estaba de vacaciones con otros compa\u00f1eros de la Universidad Distrital de Bogot\u00e1, donde estudiaba. Ella, de 22 a\u00f1os entonces, era activista estudiantil y militante del Partido Socialista de los Trabajadores.<\/p>\n\n\n\n<p>En ese entonces, el presidente de Ecuador era Rafael Correa y el de Colombia, Juan Manuel Santos. Los dos en cada pa\u00eds nos atendieron: el presidente Correa directamente en su despacho de Quito y el presidente Santos a trav\u00e9s de su canciller.<\/p>\n\n\n\n<p>El gobierno de Correa aprob\u00f3 una recompensa de 20.000 d\u00f3lares para quien supiera del paradero de mi hija y hubo coordinaci\u00f3n entre fiscal\u00edas de ambos pa\u00edses.<\/p>\n\n\n\n<p>Despu\u00e9s del cambio de presidentes, en Ecuador Len\u00edn Moreno y en Colombia Iv\u00e1n Duque, no hubo ning\u00fan inter\u00e9s por parte de ellos en el caso de desaparici\u00f3n de mi hija. Desde hace 14 a\u00f1os, cada 28 de abril vamos a la Canciller\u00eda colombiana a intentar hablar con quien est\u00e9 en el cargo para solicitar ayuda del gobierno colombiano para buscar coordinaci\u00f3n con el gobierno de Ecuador.<\/p>\n\n\n\n<p>Del presidente Iv\u00e1n Duque no esperamos nada; sab\u00edamos que, como buen uribista, no le interesaban las v\u00edctimas de desapariciones, menos si eran activistas estudiantiles y militantes de una organizaci\u00f3n de izquierda. Pero de su gobierno, del que s\u00ed esper\u00e1bamos al menos que nos atendiera, pasados m\u00e1s de tres a\u00f1os, no hemos recibido ning\u00fan apoyo y cuando vamos a la canciller\u00eda a buscar apoyo, se limitan a decirnos que la dejemos en correspondencia.<\/p>\n\n\n\n<p>El senador y candidato presidencial Iv\u00e1n Cepeda, como integrante del Movimiento de V\u00edctimas de Cr\u00edmenes de Estado (Movice), estuvo tambi\u00e9n pendiente del caso de mi hija y organizaciones como el Colectivo Jos\u00e9 Alvear Restrepo y el senador Alirio Uribe.&nbsp;&nbsp;<\/p>\n\n\n\n<p>Una vez m\u00e1s, tal vez como \u00faltima oportunidad en su gobierno, mi familia y el PST esperamos que nos pueda escuchar, directamente o a trav\u00e9s de su canciller. Los funcionarios que han estado al frente de la Canciller\u00eda no saben el dolor de tener un ser querido desaparecido; usted, que s\u00ed lo ha vivido con compa\u00f1eros y compa\u00f1eras del M-19, lo comprender\u00e1.<\/p>\n\n\n\n<p>Cordial saludo,<\/p>\n\n\n\n<p><em>Alix Mery Ardila<\/em><\/p>\n\n\n\n<p><em>Madre de Carolina Garz\u00f3n<\/em><\/p>\n\n\n\n<p><em>Bogot\u00e1, 28 de abril de 2026<\/em><\/p>\n","protected":false},"excerpt":{"rendered":"<p>Se\u00f1or presidente Gustavo Petro, mi hija, Carolina Garz\u00f3n, desapareci\u00f3 en Quito, Ecuador, el 28 de abril de 2012 mientras estaba de vacaciones con otros compa\u00f1eros de la Universidad Distrital de Bogot\u00e1, donde estudiaba. Ella, de 22 a\u00f1os entonces, era activista estudiantil y militante del Partido Socialista de los Trabajadores. En ese entonces, el presidente de [&hellip;]<\/p>\n","protected":false},"author":17,"featured_media":81435,"menu_order":10,"comment_status":"open","ping_status":"open","sticky":false,"template":"","format":"standard","meta":{"jetpack_post_was_ever_published":false,"_jetpack_newsletter_access":"","_jetpack_dont_email_post_to_subs":false,"_jetpack_newsletter_tier_id":0,"_jetpack_memberships_contains_paywalled_content":false,"litci_post_political_author":"Alix Mery Ardila","_jetpack_memberships_contains_paid_content":false,"footnotes":""},"categories":[2678],"tags":[],"class_list":["post-81434","post","type-post","status-publish","format-standard","has-post-thumbnail","hentry","category-colombia"],"jetpack_featured_media_url":"https:\/\/i0.wp.com\/litci.org\/es\/wp-content\/uploads\/2026\/04\/WhatsApp-Image-2026-04-28-at-18.55.23.jpeg?fit=1200%2C1600&ssl=1","fimg_url":"https:\/\/i0.wp.com\/litci.org\/es\/wp-content\/uploads\/2026\/04\/WhatsApp-Image-2026-04-28-at-18.55.23.jpeg?fit=1200%2C1600&ssl=1","categories_names":["Colombia"],"author_info":{"name":"Cris","pic":"https:\/\/secure.gravatar.com\/avatar\/8be19d9542307ef9e5c90edceee6bf8064823a89e1c6319d77e8c5798fc2b7ed?s=96&d=mm&r=g"},"political_author":"Alix Mery Ardila","tagline":"","jetpack_sharing_enabled":true,"_links":{"self":[{"href":"https:\/\/litci.org\/es\/wp-json\/wp\/v2\/posts\/81434","targetHints":{"allow":["GET"]}}],"collection":[{"href":"https:\/\/litci.org\/es\/wp-json\/wp\/v2\/posts"}],"about":[{"href":"https:\/\/litci.org\/es\/wp-json\/wp\/v2\/types\/post"}],"author":[{"embeddable":true,"href":"https:\/\/litci.org\/es\/wp-json\/wp\/v2\/users\/17"}],"replies":[{"embeddable":true,"href":"https:\/\/litci.org\/es\/wp-json\/wp\/v2\/comments?post=81434"}],"version-history":[{"count":1,"href":"https:\/\/litci.org\/es\/wp-json\/wp\/v2\/posts\/81434\/revisions"}],"predecessor-version":[{"id":81436,"href":"https:\/\/litci.org\/es\/wp-json\/wp\/v2\/posts\/81434\/revisions\/81436"}],"wp:featuredmedia":[{"embeddable":true,"href":"https:\/\/litci.org\/es\/wp-json\/wp\/v2\/media\/81435"}],"wp:attachment":[{"href":"https:\/\/litci.org\/es\/wp-json\/wp\/v2\/media?parent=81434"}],"wp:term":[{"taxonomy":"category","embeddable":true,"href":"https:\/\/litci.org\/es\/wp-json\/wp\/v2\/categories?post=81434"},{"taxonomy":"post_tag","embeddable":true,"href":"https:\/\/litci.org\/es\/wp-json\/wp\/v2\/tags?post=81434"}],"curies":[{"name":"wp","href":"https:\/\/api.w.org\/{rel}","templated":true}]}}