{"id":80977,"date":"2025-11-12T20:55:08","date_gmt":"2025-11-12T20:55:08","guid":{"rendered":"https:\/\/litci.org\/es\/?p=80977"},"modified":"2025-12-05T11:53:17","modified_gmt":"2025-12-05T11:53:17","slug":"camarada-eduardo-lamentamos-tu-muerte-celebramos-tu-vida","status":"publish","type":"post","link":"https:\/\/litci.org\/es\/camarada-eduardo-lamentamos-tu-muerte-celebramos-tu-vida\/","title":{"rendered":"\u00a1Camarada Eduardo, lamentamos tu muerte, celebramos tu vida!"},"content":{"rendered":"\n<p>El Negro Barrag\u00e1n, ese fue su nombre de combate durante toda su vida militante hasta el d\u00eda de su muerte. Mucho\/as j\u00f3venes militantes de nuestro partido y de la internacional no lo conocieron, pero muy seguramente han escuchado hablar de \u00e9l. Fue un militante socialista desde su juventud, en Colombia, primero, donde su papel fue decisivo en el proceso de unificaci\u00f3n de los grupos marxistas que ya en la d\u00e9cada del 60 del siglo XX se comenzaron a identificar con las ideas trotskistas, en oposici\u00f3n a la izquierda estalinista, conformando lo que se conoci\u00f3 como la tendencia socialista, finalmente organizada en el Bloque Socialista. Su lucha continu\u00f3 con tenacidad, junto con otros dirigentes, hasta lograr que parte del Bloque Socialista se convirtiera en un partido de car\u00e1cter bolchevique, con centralismo democr\u00e1tico e internacionalista; el Partido Socialista de los Trabajadores (PST), fundado en septiembre de 1977, como parte de la Tendencia Bolchevique de la IV Internacional. Pocos a\u00f1os despu\u00e9s, como internacionalista convencido, viaj\u00f3 a Argentina ayudando en la construcci\u00f3n de la secci\u00f3n argentina, el PST, que luego cambiar\u00eda de nombre por (Movimiento al Socialismo (MAS), al lado del equipo internacional dirigido por Nahuel Moreno, que, en 1982, despu\u00e9s de una dura batalla con corrientes revisionistas de la IV Internacional, dan vida a la Liga Internacional de los Trabajadores Cuarta internacional. En los \u00faltimos a\u00f1os milit\u00f3 con el PSTU, secci\u00f3n argentina de la LIT.<\/p>\n\n\n\n<p>La vida termina, pero los seres humanos dejan su huella y la del Negro Barrag\u00e1n es enorme. Enorme porque su compromiso, y entrega a la causa de la clase obrera mundial y la construcci\u00f3n de su partido revolucionario, fue, como se dice coloquialmente, 24-7, desde su juventud hasta que su salud se lo permiti\u00f3. Hablamos de una huella colectiva en la que las individualidades aportan sus talentos y, a la vez, su grandeza es forjada en la lucha cotidiana por las aspiraciones y principios de un colectivo que act\u00faa, que se\u00f1ala y abre caminos, que destruye obst\u00e1culos y construye estrategias. Esa fue su vida, como la de tanto\/as otro\/as camaradas que desde la direcci\u00f3n o la base han ayudado a construir lo que somos. Por eso el mejor homenaje es nuestro compromiso de reconstruir esa historia de lucha que sirva para que las generaciones actuales y las venideras encuentren en ella ense\u00f1anzas valiosas, ejemplo y experiencia. Que sean capaces de recoger y defender lo construido, no para que quede en la historia, sino para que cambie la historia. Que sean capaces de tener en cuenta y no olvidar ni por un segundo todo lo que cuesta construir y ganar a todo\/s y cada uno\/a de los que han puesto su granito de arena en esta gigantesca tarea. Que sean capaces de mantener siempre los principios pol\u00edticos y metodol\u00f3gicos, la estrategia y la fraternidad. &nbsp;Que no busquen atajos, por m\u00e1s dif\u00edcil que nos la ponga la realidad, porque confiamos que los reveses que ha sufrido nuestra clase obrera m\u00e1s temprano que tarde ser\u00e1n superados y su causa ser\u00e1 victoriosa.<\/p>\n\n\n\n<p><em>\u00a1Camarada Barrag\u00e1n, hasta el socialismo, siempre!<\/em><\/p>\n\n\n\n<p><em>Partido Socialista de los Trabajadores<\/em><\/p>\n\n\n\n<p><em>Comit\u00e9 Central<\/em><em>Bogot\u00e1, 12 de noviembre de 2025<\/em><\/p>\n","protected":false},"excerpt":{"rendered":"<p>El Negro Barrag\u00e1n, ese fue su nombre de combate durante toda su vida militante hasta el d\u00eda de su muerte. Mucho\/as j\u00f3venes militantes de nuestro partido y de la internacional no lo conocieron, pero muy seguramente han escuchado hablar de \u00e9l. Fue un militante socialista desde su juventud, en Colombia, primero, donde su papel fue [&hellip;]<\/p>\n","protected":false},"author":17,"featured_media":80978,"menu_order":0,"comment_status":"open","ping_status":"open","sticky":false,"template":"","format":"standard","meta":{"jetpack_post_was_ever_published":false,"_jetpack_newsletter_access":"","_jetpack_dont_email_post_to_subs":false,"_jetpack_newsletter_tier_id":0,"_jetpack_memberships_contains_paywalled_content":false,"litci_post_political_author":"PST-Colombia","_jetpack_memberships_contains_paid_content":false,"footnotes":""},"categories":[2659],"tags":[],"class_list":["post-80977","post","type-post","status-publish","format-standard","has-post-thumbnail","hentry","category-pst-colombia"],"jetpack_featured_media_url":"https:\/\/i0.wp.com\/litci.org\/es\/wp-content\/uploads\/2025\/11\/Imagen-de-WhatsApp-2025-11-11-a-las-17.42.35_9d83911a.jpg?fit=2048%2C1536&ssl=1","fimg_url":"https:\/\/i0.wp.com\/litci.org\/es\/wp-content\/uploads\/2025\/11\/Imagen-de-WhatsApp-2025-11-11-a-las-17.42.35_9d83911a.jpg?fit=2048%2C1536&ssl=1","categories_names":["PST - Colombia"],"author_info":{"name":"Cris","pic":"https:\/\/secure.gravatar.com\/avatar\/8be19d9542307ef9e5c90edceee6bf8064823a89e1c6319d77e8c5798fc2b7ed?s=96&d=mm&r=g"},"political_author":"PST-Colombia","tagline":"","jetpack_sharing_enabled":true,"_links":{"self":[{"href":"https:\/\/litci.org\/es\/wp-json\/wp\/v2\/posts\/80977","targetHints":{"allow":["GET"]}}],"collection":[{"href":"https:\/\/litci.org\/es\/wp-json\/wp\/v2\/posts"}],"about":[{"href":"https:\/\/litci.org\/es\/wp-json\/wp\/v2\/types\/post"}],"author":[{"embeddable":true,"href":"https:\/\/litci.org\/es\/wp-json\/wp\/v2\/users\/17"}],"replies":[{"embeddable":true,"href":"https:\/\/litci.org\/es\/wp-json\/wp\/v2\/comments?post=80977"}],"version-history":[{"count":1,"href":"https:\/\/litci.org\/es\/wp-json\/wp\/v2\/posts\/80977\/revisions"}],"predecessor-version":[{"id":80979,"href":"https:\/\/litci.org\/es\/wp-json\/wp\/v2\/posts\/80977\/revisions\/80979"}],"wp:featuredmedia":[{"embeddable":true,"href":"https:\/\/litci.org\/es\/wp-json\/wp\/v2\/media\/80978"}],"wp:attachment":[{"href":"https:\/\/litci.org\/es\/wp-json\/wp\/v2\/media?parent=80977"}],"wp:term":[{"taxonomy":"category","embeddable":true,"href":"https:\/\/litci.org\/es\/wp-json\/wp\/v2\/categories?post=80977"},{"taxonomy":"post_tag","embeddable":true,"href":"https:\/\/litci.org\/es\/wp-json\/wp\/v2\/tags?post=80977"}],"curies":[{"name":"wp","href":"https:\/\/api.w.org\/{rel}","templated":true}]}}