{"id":80957,"date":"2025-11-09T17:37:09","date_gmt":"2025-11-09T17:37:09","guid":{"rendered":"https:\/\/litci.org\/es\/?p=80957"},"modified":"2025-12-05T13:49:47","modified_gmt":"2025-12-05T13:49:47","slug":"un-informe-de-la-onu-muestra-el-fracaso-del-acuerdo-de-paris-y-que-nos-encaminamos-hacia-un-colapso-climatico","status":"publish","type":"post","link":"https:\/\/litci.org\/es\/un-informe-de-la-onu-muestra-el-fracaso-del-acuerdo-de-paris-y-que-nos-encaminamos-hacia-un-colapso-climatico\/","title":{"rendered":"Un informe de la ONU muestra el fracaso del Acuerdo de Par\u00eds y que nos encaminamos hacia un colapso clim\u00e1tico"},"content":{"rendered":"\n<p><mark style=\"background-color:rgba(0, 0, 0, 0)\" class=\"has-inline-color has-vivid-red-color\"><em>Cient\u00edficos y ambientalistas hablan de desastre clim\u00e1tico al referirse al grado de<br>destrucci\u00f3n ambiental en el planeta <\/em><\/mark><br><br>Mientras los jefes de Estado y los negociadores llegan a Bel\u00e9m para la 30.\u00aa<br>Conferencia de las Naciones Unidas sobre el Cambio Clim\u00e1tico (COP 30),<br>resuena una advertencia de la ONU: el mundo est\u00e1 a punto de superar, de<br>forma definitiva, el l\u00edmite de 1,5 \u00b0C por encima de los niveles preindustriales, un<br>umbral considerado extremadamente peligroso para el calentamiento global.<br>Seg\u00fan el nuevo informe del Programa de las Naciones Unidas para el Medio<br>Ambiente (PNUMA), incluso si se cumplen todos los compromisos asumidos<br>desde el Acuerdo de Par\u00eds, la temperatura media del planeta aumentar\u00e1 entre<br>2,5 \u00b0C y 2,9 \u00b0C hasta finales de siglo. En otras palabras, el objetivo de limitar el<br>calentamiento global a 1,5 \u00b0C ha fracasado. Y, con \u00e9l, tambi\u00e9n se ha<br>derrumbado la creencia de que bastar\u00eda con \u00abajustar el rumbo\u00bb del capitalismo<br>verde para salvar el planeta.<br>Las cifras son contundentes. El PNUMA estima que las posibilidades de<br>contener el calentamiento en 1,5 \u00b0C son hoy nulas; de mantenerlo por debajo<br>de los 2 \u00b0C, solo del 8 %. Incluso los objetivos \u00abm\u00ednimos\u00bb de mitigaci\u00f3n solo<br>reducir\u00edan las posibilidades de colapso a niveles estad\u00edsticamente irrelevantes.<br>En resumen, avanzamos hacia un escenario de calentamiento de entre 2,3 \u00b0C y<br>2,5 \u00b0C, incluso si se cumplen todas las promesas actuales.<br>El capitalismo, como indica una lectura atenta del informe, es incapaz de<br>detener la cat\u00e1strofe que \u00e9l mismo ha provocado.<br>El motor f\u00f3sil sigue acelerando<br>El contraste entre el discurso diplom\u00e1tico y pol\u00edtico y la realidad es evidente. En<br>lugar de reducir la producci\u00f3n de combustibles f\u00f3siles, las potencias<br>econ\u00f3micas est\u00e1n ampliando la producci\u00f3n. Seg\u00fan la Agencia Internacional de<br>la Energ\u00eda (AIE), la producci\u00f3n mundial de petr\u00f3leo alcanzar\u00e1 los 105,8<br>millones de barriles diarios en 2025 (2,7 millones m\u00e1s que en 2024) y llegar\u00e1 a<br>los 107,9 millones en 2026.<\/p>\n\n\n\n<p>El Informe sobre la brecha de producci\u00f3n 2025, tambi\u00e9n de la ONU, confirma el<br>abismo: los pa\u00edses planean producir un 120 % m\u00e1s de petr\u00f3leo, gas y carb\u00f3n<br>hasta 2030 de lo que ser\u00eda compatible con el objetivo de 1,5 \u00b0C. Mientras los<br>l\u00edderes hablan de una \u00abtransici\u00f3n energ\u00e9tica justa\u00bb, la maquinaria f\u00f3sil avanza,<br>impulsada por ganancias multimillonarias.<br>Al borde del colapso<br>Los efectos ya son visibles. Por primera vez, en 2024, la temperatura global<br>super\u00f3 de manera permanente la marca de 1.5 \u00b0C con respecto a los niveles<br>preindustriales. En camino hacia los 2 \u00b0C, el planeta se acerca a un punto de<br>inflexi\u00f3n irreversible: el derretimiento acelerado de los casquetes polares, el<br>deshielo del permafrost (liberando gases y pat\u00f3genos milenarios), el colapso de<br>la biodiversidad y la destrucci\u00f3n de ecosistemas clave.<br>La Amazon\u00eda, uno de los principales reguladores clim\u00e1ticos del planeta,<br>tambi\u00e9n se encuentra al borde del abismo. Los cient\u00edficos advierten que, si<br>entre el 20 % y el 25 % de la selva se destruye, dejar\u00e1 de absorber carbono y<br>comenzar\u00e1 a emitir gases de efecto invernadero. Hoy en d\u00eda, ya ha perdido<br>alrededor del 17 % de su cobertura original. El colapso de la Amazonia<br>significar\u00eda el fracaso de la regulaci\u00f3n h\u00eddrica de Am\u00e9rica del Sur, la<br>multiplicaci\u00f3n de fen\u00f3menos extremos y el avance de pandemias provocadas<br>por desequilibrios ecol\u00f3gicos.<br>Nos enfrentamos a una crisis civilizatoria que amenaza con desintegrar<br>sociedades, destruir fuerzas productivas e imponer un retroceso hist\u00f3rico sin<br>precedentes.<br>El discurso de Lula en la COP 30<br>La elecci\u00f3n de Bel\u00e9m como sede de la COP 30 deber\u00eda simbolizar un nuevo<br>protagonismo ambiental brasile\u00f1o. Pero el pa\u00eds llega al evento en medio de<br>contradicciones flagrantes.<br>Por un lado, la extrema derecha bolsonarista sigue siendo una enemiga<br>declarada del medio ambiente, defendiendo abiertamente la invasi\u00f3n de tierras<br>ind\u00edgenas, el desmantelamiento de la legislaci\u00f3n ambiental y la reanudaci\u00f3n de<br>la \u00abboiada\u00bb si vuelve al poder.<br>Por otro lado, el gobierno de Lula, aunque adopta un discurso supuestamente<br>\u00abprogresista\u00bb, ha reforzado pol\u00edticas que profundizan la destrucci\u00f3n ambiental.<br>En su discurso de apertura de la COP, Lula afirm\u00f3: \u00abAcelerar la transici\u00f3n<br>energ\u00e9tica y proteger la naturaleza son las dos formas m\u00e1s efectivas de<br>contener el calentamiento global. Estoy convencido de que, a pesar de<br>nuestras dificultades y contradicciones, necesitamos hojas de ruta para, de<br>manera justa y planificada, revertir la deforestaci\u00f3n, superar la dependencia de<\/p>\n\n\n\n<p>los combustibles f\u00f3siles y movilizar los recursos necesarios para estos<br>objetivos\u00bb. Bonitas palabras, pero alejadas de la pr\u00e1ctica.<br>\u00bfC\u00f3mo conciliar el compromiso con la transici\u00f3n energ\u00e9tica con el entusiasmo<br>del propio gobierno por la explotaci\u00f3n petrolera en la Amazon\u00eda? Los estudios<br>muestran que, si se extrajera y quemara todo el petr\u00f3leo de la regi\u00f3n, se<br>liberar\u00edan entre 4 y 13 mil millones de toneladas de CO\u2082, equivalentes a las<br>emisiones combinadas de China y Estados Unidos en 2020.<br>Las contradicciones no terminan ah\u00ed. Lula salud\u00f3 a la Amazon\u00eda y a sus<br>pueblos en su discurso, diciendo: \u00abEn el imaginario global, no hay mayor<br>s\u00edmbolo de la causa medioambiental que la selva amaz\u00f3nica. Aqu\u00ed corren los<br>miles de r\u00edos y arroyos que conforman la mayor cuenca hidrogr\u00e1fica del<br>planeta. (\u2026) Por eso, es justo que sea el turno de los amaz\u00f3nicos de preguntar<br>qu\u00e9 est\u00e1 haciendo el resto del mundo para evitar el colapso de su hogar\u00bb.<br>Pero, en la pr\u00e1ctica, el gobierno defiende pol\u00edticas que llevan a la Amazonia<br>cada vez m\u00e1s cerca del colapso. Lula apoya la pavimentaci\u00f3n de la BR-319,<br>que ser\u00e1 un corredor de deforestaci\u00f3n que atravesar\u00e1 el coraz\u00f3n de la selva, y<br>la construcci\u00f3n de Ferrogr\u00e3o, un ferrocarril que conectar\u00e1 Mato Grosso con<br>Par\u00e1 para transportar la soja de la agroindustria, atravesando zonas ind\u00edgenas<br>y unidades de conservaci\u00f3n. Adem\u00e1s, avanza la privatizaci\u00f3n de las v\u00edas<br>navegables de los r\u00edos Madeira, Tocantins y Tapaj\u00f3s, transformando los<br>mayores cursos de agua amaz\u00f3nicos en autopistas fluviales para la<br>exportaci\u00f3n de materias primas.<br>Estos proyectos forman un paquete de bombas clim\u00e1ticas que ampl\u00edan la<br>deforestaci\u00f3n, perpet\u00faan el modelo extractivista y someten al pa\u00eds a los<br>intereses del capital internacional.<br>Mientras tanto, el gobierno negocia con los Estados Unidos de Trump la<br>explotaci\u00f3n de minerales cr\u00edticos y tierras raras, y concede exenciones fiscales<br>multimillonarias a centros de datos que consumen enormes vol\u00famenes de<br>energ\u00eda y agua, sin ning\u00fan retorno social.<br>Entre el discurso y el abismo<br>El contraste entre el discurso verde y la pr\u00e1ctica negacionista revela el<br>estancamiento estructural de la pol\u00edtica ambiental brasile\u00f1a y global. El<br>capitalismo, dependiente de la expansi\u00f3n infinita del consumo y la extracci\u00f3n<br>de recursos finitos, no puede resolver la crisis clim\u00e1tica sin negarse a s\u00ed mismo.<br>La COP 30, por lo tanto, ser\u00e1 una vez m\u00e1s un escaparate de promesas vac\u00edas.<br>Mientras los l\u00edderes posan para las fotos y proclaman compromisos, la m\u00e1quina<br>f\u00f3sil sigue girando, acelerada, lubricada por las ganancias y la ret\u00f3rica<br>\u00abprogresista\u00bb.<\/p>\n\n\n\n<p>Bel\u00e9m ser\u00e1 el escenario simb\u00f3lico de una elecci\u00f3n: mantener el modelo que<br>empuja al planeta al colapso. El tornado de categor\u00eda F3 que destruy\u00f3 una<br>ciudad en Paran\u00e1 fue una peque\u00f1a demostraci\u00f3n m\u00e1s de que el futuro ya ha<br>llegado. O tomamos las riendas de la historia y superamos el capitalismo, o la<br>humanidad se enfrentar\u00e1 a una cat\u00e1strofe sin precedentes.<\/p>\n","protected":false},"excerpt":{"rendered":"<p>Cient\u00edficos y ambientalistas hablan de desastre clim\u00e1tico al referirse al grado dedestrucci\u00f3n ambiental en el planeta Mientras los jefes de Estado y los negociadores llegan a Bel\u00e9m para la 30.\u00aaConferencia de las Naciones Unidas sobre el Cambio Clim\u00e1tico (COP 30),resuena una advertencia de la ONU: el mundo est\u00e1 a punto de superar, deforma definitiva, el [&hellip;]<\/p>\n","protected":false},"author":17,"featured_media":80958,"menu_order":0,"comment_status":"open","ping_status":"open","sticky":false,"template":"","format":"standard","meta":{"jetpack_post_was_ever_published":false,"_jetpack_newsletter_access":"","_jetpack_dont_email_post_to_subs":false,"_jetpack_newsletter_tier_id":0,"_jetpack_memberships_contains_paywalled_content":false,"litci_post_political_author":"Jeferson Choma | Cobertura especial Cumbre de los Pueblos\/COP 30","_jetpack_memberships_contains_paid_content":false,"footnotes":""},"categories":[18924],"tags":[],"class_list":["post-80957","post","type-post","status-publish","format-standard","has-post-thumbnail","hentry","category-cop30"],"jetpack_featured_media_url":"https:\/\/i0.wp.com\/litci.org\/es\/wp-content\/uploads\/2025\/11\/Incendio-Florestal.jpg?fit=1280%2C720&ssl=1","fimg_url":"https:\/\/i0.wp.com\/litci.org\/es\/wp-content\/uploads\/2025\/11\/Incendio-Florestal.jpg?fit=1280%2C720&ssl=1","categories_names":["COP30"],"author_info":{"name":"Cris","pic":"https:\/\/secure.gravatar.com\/avatar\/8be19d9542307ef9e5c90edceee6bf8064823a89e1c6319d77e8c5798fc2b7ed?s=96&d=mm&r=g"},"political_author":"Jeferson Choma | Cobertura especial Cumbre de los Pueblos\/COP 30","tagline":"","jetpack_sharing_enabled":true,"_links":{"self":[{"href":"https:\/\/litci.org\/es\/wp-json\/wp\/v2\/posts\/80957","targetHints":{"allow":["GET"]}}],"collection":[{"href":"https:\/\/litci.org\/es\/wp-json\/wp\/v2\/posts"}],"about":[{"href":"https:\/\/litci.org\/es\/wp-json\/wp\/v2\/types\/post"}],"author":[{"embeddable":true,"href":"https:\/\/litci.org\/es\/wp-json\/wp\/v2\/users\/17"}],"replies":[{"embeddable":true,"href":"https:\/\/litci.org\/es\/wp-json\/wp\/v2\/comments?post=80957"}],"version-history":[{"count":1,"href":"https:\/\/litci.org\/es\/wp-json\/wp\/v2\/posts\/80957\/revisions"}],"predecessor-version":[{"id":80959,"href":"https:\/\/litci.org\/es\/wp-json\/wp\/v2\/posts\/80957\/revisions\/80959"}],"wp:featuredmedia":[{"embeddable":true,"href":"https:\/\/litci.org\/es\/wp-json\/wp\/v2\/media\/80958"}],"wp:attachment":[{"href":"https:\/\/litci.org\/es\/wp-json\/wp\/v2\/media?parent=80957"}],"wp:term":[{"taxonomy":"category","embeddable":true,"href":"https:\/\/litci.org\/es\/wp-json\/wp\/v2\/categories?post=80957"},{"taxonomy":"post_tag","embeddable":true,"href":"https:\/\/litci.org\/es\/wp-json\/wp\/v2\/tags?post=80957"}],"curies":[{"name":"wp","href":"https:\/\/api.w.org\/{rel}","templated":true}]}}