{"id":80804,"date":"2025-10-25T12:35:56","date_gmt":"2025-10-25T12:35:56","guid":{"rendered":"https:\/\/litci.org\/es\/?p=80804"},"modified":"2026-02-24T20:46:14","modified_gmt":"2026-02-24T20:46:14","slug":"justicia-ya-para-tom-alter","status":"publish","type":"post","link":"https:\/\/litci.org\/es\/justicia-ya-para-tom-alter\/","title":{"rendered":"\u00a1Justicia ya para Tom Alter!"},"content":{"rendered":"\n<p>El Dr. Tom Alter, un respetado profesor universitario titular, fue despedido por el presidente de la Universidad Estatal de Texas, Kelly Damphousse, el 10 de septiembre por expresar sus opiniones pol\u00edticas durante una conferencia socialista en web. Su participaci\u00f3n como miembro de Socialist Horizon no ten\u00eda relaci\u00f3n con su puesto de educador y se realiz\u00f3 en su tiempo libre, no bajo los auspicios de la universidad. El supuesto motivo de su despido fueron las acusaciones de que el Dr. Alter hab\u00eda defendido la violencia durante su charla; la acusaci\u00f3n fue realizada por una autodenominada fascista, Karlyn Borysenko, que manipul\u00f3 el v\u00eddeo grabado de la charla del Dr. Alter.<\/p>\n\n\n\n<h2 class=\"wp-block-heading\">Cronolog\u00eda y fallo judicial<\/h2>\n\n\n\n<p>Tras el despido inicial, un juez dictamin\u00f3 que la universidad hab\u00eda violado los derechos procesales del Dr. Alter y orden\u00f3 su reincorporaci\u00f3n. Alter fue \u00abreincorporado\u00bb, pero se le prohibi\u00f3 dar clases hasta que se celebrara una audiencia. La audiencia tuvo lugar el 6 de octubre, pero la universidad esper\u00f3 hasta el 13 de octubre para comunicar al Dr. Alter que hab\u00eda sido despedido de forma definitiva.<\/p>\n\n\n\n<h2 class=\"wp-block-heading\">Violaci\u00f3n de derechos y comit\u00e9 de defensa<\/h2>\n\n\n\n<p>Se trata de una violaci\u00f3n flagrante de los derechos de Alter amparados por la Primera Enmienda del Estatuto de EEUU. En los d\u00edas posteriores al despido inicial del Dr. Alter, una red de activistas sindicales y socialistas form\u00f3 el Comit\u00e9 para la Defensa de Tom Alter, con el prop\u00f3sito de luchar por su puesto de trabajo y proteger su derecho a la libertad de expresi\u00f3n.<\/p>\n\n\n\n<p>Los partidarios del Comit\u00e9 para la Defensa de Tom Alter se han comprometido a construir la defensa m\u00e1s amplia posible de sus derechos democr\u00e1ticos, involucrando a los sindicatos, las comunidades religiosas y las organizaciones estudiantiles en una lucha que nos afecta a todos. El Estado trata de utilizar el miedo para mantenernos callados. Si el despido de Tom no se impugna, cualquier persona que sea blanco del Estado puede ser victimizada y marginada.<\/p>\n\n\n\n<h2 class=\"wp-block-heading\">Declaraci\u00f3n del Dr. Alter<\/h2>\n\n\n\n<p>Tras el anuncio de su despido el 13 de octubre, el Dr. Alter emiti\u00f3 esta declaraci\u00f3n: \u00abMe opongo al ataque de la Universidad Estatal de Texas contra los derechos democr\u00e1ticos protegidos por las constituciones de Texas y Estados Unidos, as\u00ed como contra la libertad acad\u00e9mica que en su d\u00eda fue el sello distintivo de la educaci\u00f3n superior en Texas.<\/p>\n\n\n\n<p>Para que quede claro, mi despido forma parte de un ataque pol\u00edtico m\u00e1s amplio llevado a cabo por la extrema derecha autoritaria para aplastar la democracia y las instituciones democr\u00e1ticas en Estados Unidos en general y en Texas en particular. Pero los cargos que me imputa la administraci\u00f3n de la Universidad Estatal de Texas no se sostienen ante los hechos; la verdad esta de mi lado y espero con inter\u00e9s mi d\u00eda en los tribunales.<\/p>\n\n\n\n<p>Mi despido, que viola claramente mis derechos de libertad de expresi\u00f3n, asociaci\u00f3n y reuni\u00f3n recogidos en la Primera Enmienda, supone una verg\u00fcenza, una humillaci\u00f3n y un duro golpe para la reputaci\u00f3n acad\u00e9mica de la Universidad Estatal de Texas. Esto perjudica no solo al profesorado, al personal, a los estudiantes actuales y a los antiguos alumnos, sino tambi\u00e9n a la comunidad de San Marcos.<\/p>\n\n\n\n<p>Esta lucha no comenz\u00f3 conmigo ni terminar\u00e1 conmigo. Quiero dar las gracias a mis sindicatos, el Sindicato de Empleados del Estado de Texas, la Asociaci\u00f3n Americana de Profesores Universitarios y Texas-AFT; a la amplia coalici\u00f3n de defensores de los derechos democr\u00e1ticos del Comit\u00e9 para la Defensa de Tom Alter; a la secci\u00f3n de Texas de los J\u00f3venes Socialistas Democr\u00e1ticos de Am\u00e9rica; a Socialist Horizon; y a todos aquellos que valoran la democracia b\u00e1sica\u00bb.<\/p>\n\n\n\n<h2 class=\"wp-block-heading\">Reacciones<\/h2>\n\n\n\n<p>El peri\u00f3dico universitario University Star cit\u00f3 una declaraci\u00f3n del Sindicato de Empleados del Estado de Texas (TSEU): \u00abEn una medida profundamente preocupante que atenta contra el coraz\u00f3n de la Primera Enmienda, Damphousse ha confirmado el despido del Dr. Tom Alter, profesor titular de Historia, tras una audiencia coercitiva y fundamentalmente viciada\u00bb.<\/p>\n\n\n\n<h2 class=\"wp-block-heading\">Contexto pol\u00edtico<\/h2>\n\n\n\n<p>Esta campa\u00f1a se inscribe en el contexto de un ataque generalizado a los derechos democr\u00e1ticos por parte de la administraci\u00f3n Trump, que incluye un nuevo macartismo en las universidades, una fren\u00e9tica represi\u00f3n sindical sin precedentes desde la era Reagan, la amenaza de supresi\u00f3n de los movimientos sociales progresistas y un notable aumento del tama\u00f1o y el alcance del aparato represivo del Estado.<\/p>\n\n\n\n<p>El auge de la extrema derecha y las crecientes acciones antidemocr\u00e1ticas del Estado son consecuencia de la crisis m\u00faltiple del sistema capitalista: la persistente crisis econ\u00f3mica capitalista, una profunda crisis pol\u00edtica y la creciente competencia entre Estados Unidos y las potencias imperialistas emergentes, que coincide con la p\u00e9rdida de la hegemon\u00eda estadounidense en la escena mundial. Todo ello se ve agravado por la inminente cat\u00e1strofe clim\u00e1tica. Es en este contexto que una parte de la clase dominante ha decidido que la democracia liberal es algo inconveniente y prescindible.<\/p>\n\n\n\n<h2 class=\"wp-block-heading\">Pol\u00edtica de defensa<\/h2>\n\n\n\n<p>La izquierda estadounidense tiene un largo legado de la organizaci\u00f3n de campa\u00f1as de defensa de las v\u00edctimas de la represi\u00f3n estatal. Desde los Trabajadores Industriales del Mundo (IWW) hasta los movimientos comunistas y socialistas, la izquierda se ha enfrentado a la represi\u00f3n con una solidaridad incondicional y un compromiso inquebrantable con la preservaci\u00f3n de los derechos democr\u00e1ticos por los que lucharon y murieron nuestros antepasados. Como hemos escrito en otra ocasi\u00f3n, \u00absi los miembros de cualquier organizaci\u00f3n o movimiento social \u2014desde Black Lives Matter, pasando por el movimiento obrero, los antifascistas y las organizaciones pol\u00edticas de izquierda\u2014 son objeto de la represi\u00f3n, la violencia o el espionaje, debemos permanecer unidos en solidaridad, independientemente de nuestras diferencias pol\u00edticas o t\u00e1cticas\u00bb.<\/p>\n\n\n\n<p>El escritor y educador del Partido Socialista de los Trabajadores, George Novack, escribi\u00f3: \u00abPerm\u00edtanme resumir las caracter\u00edsticas fundamentales de la pol\u00edtica de defensa que elaboraron los pioneros de nuestro movimiento y que han guiado todas nuestras actividades y logros posteriores.<\/p>\n\n\n\n<p>\u00abLos derechos democr\u00e1ticos, constitucionales y legales del pueblo estadounidense son las adquisiciones pol\u00edticas m\u00e1s valiosas de sus luchas pasadas. Los socialistas deben defender firmemente estos instrumentos indispensables de la lucha de los trabajadores por la emancipaci\u00f3n contra cualquier intromisi\u00f3n, ataque o erosi\u00f3n por parte de las fuerzas reaccionarias. Una defensa firme de los derechos existentes es la mejor manera de ampliarlos\u00bb.<\/p>\n\n\n\n<p>Los socialistas defienden los derechos democr\u00e1ticos de todas las v\u00edctimas del sistema capitalista estadounidense y su aparato estatal. Esto no significa que tengamos ilusiones en su Constituci\u00f3n o en la ret\u00f3rica del gobierno capitalista sobre la democracia y la libertad. Sabemos que su concepto de libertad no se extiende realmente a la clase trabajadora y a los oprimidos. Sin embargo, tenemos que utilizar las escasas protecciones que nos ofrece la apariencia de derechos democr\u00e1ticos en Estados Unidos para defender nuestro derecho a expresarnos, organizarnos y luchar. Por eso debemos defendernos unos a otros contra la represi\u00f3n de forma incondicional y sin importar las diferencias pol\u00edticas. Una vez m\u00e1s, levantamos el viejo lema obrero: \u00abUna herida para uno es una herida para todos\u00bb.<\/p>\n\n\n\n<p>Los abogados de Tom Alter est\u00e1n presentando una demanda, pero sabemos que las demandas por s\u00ed solas no preservar\u00e1n nuestras libertades. Lo que hacemos cada d\u00eda en nuestras organizaciones y en las calles es lo que marcar\u00e1 la diferencia.<\/p>\n\n\n\n<h2 class=\"wp-block-heading\">Qu\u00e9 se puede hacer<\/h2>\n\n\n\n<p>Hay varias medidas concretas que puedes tomar para unirte a la lucha por los derechos democr\u00e1ticos del Dr. Tom Alter.<\/p>\n\n\n\n<ul class=\"wp-block-list\">\n<li>Firmar la declaraci\u00f3n emitida por el Comit\u00e9 para la Defensa de Tom Alter.<\/li>\n\n\n\n<li>Unirte a un comit\u00e9 de defensa local en tu zona y ayudar.<\/li>\n\n\n\n<li>Llevar el caso de Tom a tu comunidad religiosa, tu sindicato o tu organizaci\u00f3n estudiantil y pedirles que respalden la campa\u00f1a.<\/li>\n\n\n\n<li>Hacer una contribuci\u00f3n para ayudar a Tom Alter y a su familia a pagar sus gastos b\u00e1sicos mientras llevamos adelante esta lucha.<\/li>\n\n\n\n<li>Publicar sobre el caso de Tom en las redes sociales y seguir nuestra p\u00e1gina de Instagram.<\/li>\n\n\n\n<li>Enviar un correo electr\u00f3nico o llamar al presidente de la Universidad Estatal de Texas, Kelly Damphousse, a <a href=\"mailto:president@txstate.edu\">president@txstate.edu<\/a> o al 512-245-2121.<\/li>\n<\/ul>\n\n\n\n<h2 class=\"wp-block-heading\">Exigimos<\/h2>\n\n\n\n<ul class=\"wp-block-list\">\n<li>\u00a1Reincorporen al Dr. Tom Alter ahora mismo!<\/li>\n\n\n\n<li>\u00a1No al nuevo macartismo!<\/li>\n\n\n\n<li>\u00a1Defiendan la libertad de expresi\u00f3n y todos los derechos democr\u00e1ticos!<\/li>\n\n\n\n<li>\u00a1Protejan la libertad acad\u00e9mica!<\/li>\n<\/ul>\n","protected":false},"excerpt":{"rendered":"<p>El despido del Dr. Tom Alter, profesor titular de la Universidad Estatal de Texas, tras participar en una conferencia socialista, desat\u00f3 una ola de indignaci\u00f3n y solidaridad. Su caso simboliza un ataque m\u00e1s amplio contra la libertad acad\u00e9mica y los derechos democr\u00e1ticos en Estados Unidos. A pesar de una orden judicial que reconoci\u00f3 la violaci\u00f3n de sus derechos, la universidad confirm\u00f3 su destituci\u00f3n definitiva. Sindicatos, organizaciones socialistas y activistas han conformado el Comit\u00e9 para la Defensa de Tom Alter, exigiendo su reincorporaci\u00f3n y denunciando el avance del autoritarismo y la censura pol\u00edtica en las universidades.<\/p>\n","protected":false},"author":13,"featured_media":80805,"menu_order":0,"comment_status":"open","ping_status":"open","sticky":false,"template":"","format":"standard","meta":{"jetpack_post_was_ever_published":false,"_jetpack_newsletter_access":"","_jetpack_dont_email_post_to_subs":true,"_jetpack_newsletter_tier_id":0,"_jetpack_memberships_contains_paywalled_content":false,"litci_post_political_author":"John Leslie","_jetpack_memberships_contains_paid_content":false,"footnotes":""},"categories":[2695],"tags":[6298,3346,18933,8868,18936,18935,3236,18932,18934],"class_list":["post-80804","post","type-post","status-publish","format-standard","has-post-thumbnail","hentry","category-estados-unidos","tag-derechos-democraticos","tag-estados-unidos-2","tag-libertad-academica","tag-libertad-de-expresion","tag-macartismo","tag-represion-politica","tag-sindicatos","tag-tom-alter","tag-universidad-estatal-de-texas"],"jetpack_featured_media_url":"https:\/\/i0.wp.com\/litci.org\/es\/wp-content\/uploads\/2025\/10\/Tom-Alter.jpeg?fit=720%2C405&ssl=1","fimg_url":"https:\/\/i0.wp.com\/litci.org\/es\/wp-content\/uploads\/2025\/10\/Tom-Alter.jpeg?fit=720%2C405&ssl=1","categories_names":["Estados Unidos"],"author_info":{"name":"Marcel","pic":"https:\/\/secure.gravatar.com\/avatar\/64aeccc828290fde9134a2db86f1ead4c45df90f38f7e1454124ed1f0985915d?s=96&d=mm&r=g"},"political_author":"John Leslie","tagline":"Un ataque a la libertad acad\u00e9mica y los derechos democr\u00e1ticos en Texas","jetpack_sharing_enabled":true,"_links":{"self":[{"href":"https:\/\/litci.org\/es\/wp-json\/wp\/v2\/posts\/80804","targetHints":{"allow":["GET"]}}],"collection":[{"href":"https:\/\/litci.org\/es\/wp-json\/wp\/v2\/posts"}],"about":[{"href":"https:\/\/litci.org\/es\/wp-json\/wp\/v2\/types\/post"}],"author":[{"embeddable":true,"href":"https:\/\/litci.org\/es\/wp-json\/wp\/v2\/users\/13"}],"replies":[{"embeddable":true,"href":"https:\/\/litci.org\/es\/wp-json\/wp\/v2\/comments?post=80804"}],"version-history":[{"count":1,"href":"https:\/\/litci.org\/es\/wp-json\/wp\/v2\/posts\/80804\/revisions"}],"predecessor-version":[{"id":80806,"href":"https:\/\/litci.org\/es\/wp-json\/wp\/v2\/posts\/80804\/revisions\/80806"}],"wp:featuredmedia":[{"embeddable":true,"href":"https:\/\/litci.org\/es\/wp-json\/wp\/v2\/media\/80805"}],"wp:attachment":[{"href":"https:\/\/litci.org\/es\/wp-json\/wp\/v2\/media?parent=80804"}],"wp:term":[{"taxonomy":"category","embeddable":true,"href":"https:\/\/litci.org\/es\/wp-json\/wp\/v2\/categories?post=80804"},{"taxonomy":"post_tag","embeddable":true,"href":"https:\/\/litci.org\/es\/wp-json\/wp\/v2\/tags?post=80804"}],"curies":[{"name":"wp","href":"https:\/\/api.w.org\/{rel}","templated":true}]}}