{"id":80591,"date":"2025-09-27T19:12:56","date_gmt":"2025-09-27T19:12:56","guid":{"rendered":"https:\/\/litci.org\/es\/?p=80591"},"modified":"2025-09-27T19:17:33","modified_gmt":"2025-09-27T19:17:33","slug":"28-de-septiembre-legalizar-el-aborto-salva-vidas-y-garantiza-la-autonomia","status":"publish","type":"post","link":"https:\/\/litci.org\/es\/28-de-septiembre-legalizar-el-aborto-salva-vidas-y-garantiza-la-autonomia\/","title":{"rendered":"28 de septiembre: Legalizar el aborto salva vidas y garantiza la autonom\u00eda"},"content":{"rendered":"\n<p>Por Partido Socialista de los Trabajadores Unificado &#8211; Brasil<\/p>\n\n\n\n<p>El 28 de septiembre, D\u00eda Latinoamericano y del Caribe por la Legalizaci\u00f3n del Aborto, es un momento fundamental para reafirmar: la lucha por la legalizaci\u00f3n del aborto no es un tema secundario ni una cuesti\u00f3n de moralidad individual, sino una cuesti\u00f3n vital de salud p\u00fablica, de justicia social y de autonom\u00eda de las mujeres y de las personas que gestan hijos sobre sus propios cuerpos.<\/p>\n\n\n\n<h5 class=\"wp-block-heading\">Salud p\u00fablica y autonom\u00eda<\/h5>\n\n\n\n<p>Los abortos ilegales se encuentran entre las principales causas de muerte materna en Brasil y en todo el mundo. Miles de mujeres, especialmente las m\u00e1s pobres, se ven obligadas a recurrir a procedimientos inseguros, poniendo en riesgo su vida y su salud. La legalizaci\u00f3n salva vidas al garantizar que el procedimiento se realice en condiciones adecuadas, con asistencia profesional y dentro del sistema p\u00fablico de salud.<\/p>\n\n\n\n<p>Sin embargo, no se trata solo de supervivencia. La criminalizaci\u00f3n niega a las mujeres, y a las embarazadas, el derecho fundamental a la autonom\u00eda sobre sus cuerpos, sus vidas y su futuro. Defender la legalizaci\u00f3n implica reconocer que la maternidad debe ser una opci\u00f3n, y que las mujeres deben decidir si ser madres y cu\u00e1ndo, rompiendo con siglos de imposici\u00f3n patriarcal, religiosa y estatal.<\/p>\n\n\n\n<h5 class=\"wp-block-heading\">Avances y retrocesos en el mundo<\/h5>\n\n\n\n<p>En 2020, Argentina aprob\u00f3 la Ley de Interrupci\u00f3n Voluntaria del Embarazo hasta la decimocuarta semana. En 2022, Colombia despenaliz\u00f3 el aborto hasta las 24 semanas. Estas victorias demuestran que la organizaci\u00f3n y la lucha pueden lograr derechos.<\/p>\n\n\n\n<p>Al mismo tiempo, enfrentamos reveses. En Estados Unidos, la Corte Suprema anul\u00f3 el fallo Roe v. Wade, lo que permiti\u00f3 a varios estados prohibir el aborto. En Argentina, el gobierno de Milei intenta debilitar la aplicaci\u00f3n de la ley, recortando recursos y alimentando una ofensiva reaccionaria contra las mujeres.<\/p>\n\n\n\n<p>Esta disputa demuestra que ning\u00fan derecho se garantiza sin lucha bajo el capitalismo. Donde las mujeres se organizan, avanzan; pero una vez logradas, estas leyes no son eternas y pueden ser revocadas en cualquier momento, dependiendo de la lucha de clases.<\/p>\n\n\n\n<h5 class=\"wp-block-heading\">Brasil: La brutal realidad del pa\u00eds y la hipocres\u00eda oficial<\/h5>\n\n\n\n<p>En este caso, las cifras son impactantes. En 2023, Brasil registr\u00f3 13.932 nacimientos de ni\u00f1as de entre 10 y 14 a\u00f1os, seg\u00fan el Ministerio de Salud. Estudios indican que m\u00e1s de 11.000 nacimientos al a\u00f1o en este grupo de edad son resultado de violencia sexual. En promedio, 26 ni\u00f1as menores de 14 a\u00f1os dan a luz cada d\u00eda en el pa\u00eds. La mayor\u00eda de los abusadores son allegados: padres, padrastros, familiares o amigos cercanos.<\/p>\n\n\n\n<p>Estas ni\u00f1as deber\u00edan haber tenido acceso inmediato al derecho al aborto legal, ya previsto en casos de violaci\u00f3n. Sin embargo, se enfrentan a obst\u00e1culos penales: exigencias de informes policiales, jueces que intentan impedir el procedimiento y hospitales que se niegan a brindarles atenci\u00f3n. Muchas terminan obligadas a una maternidad prematura y violenta o a abortos ilegales inseguros.<\/p>\n\n\n\n<h5 class=\"wp-block-heading\">Una cuesti\u00f3n de clase<\/h5>\n\n\n\n<p>Mientras tanto, las mujeres adineradas viajan al extranjero o pagan cl\u00ednicas privadas. La desigualdad de clases es flagrante: las mujeres de clase trabajadora y pobres se enfrentan a la ilegalidad y al riesgo; las mujeres privilegiadas gozan de libertad de elecci\u00f3n y acceso a un aborto seguro.<\/p>\n\n\n\n<h5 class=\"wp-block-heading\">Congreso reaccionario y gobierno c\u00f3mplice<\/h5>\n\n\n\n<p>El Congreso Nacional est\u00e1 dominado por sectores ultraconservadores que, en nombre de la \u00abdefensa de la familia y la vida\u00bb, atacan el derecho al aborto, incluso en los pocos casos previstos por la ley. Este tema se utiliza con hipocres\u00eda: no les importa la vida de las mujeres, sino controlar sus cuerpos y reforzar su opresi\u00f3n.<\/p>\n\n\n\n<p>El gobierno de Lula, en nombre de la gobernabilidad, utiliza los derechos de las mujeres como moneda de cambio. Lleg\u00f3 incluso a intentar bloquear una resoluci\u00f3n del Consejo Nacional de los Derechos del Ni\u00f1o y del Adolescente (Conanda) que recomendaba el aborto legal para ni\u00f1as y ni\u00f1os v\u00edctimas de violencia sexual. En estados y municipios, gobernadores, alcaldes, diputados y concejales de extrema derecha est\u00e1n aprobando medidas para restringir a\u00fan m\u00e1s el acceso. Mientras tanto, el Supremo Tribunal Federal (STF) bloquea la votaci\u00f3n de la ADPF 442 (Acci\u00f3n por Incumplimiento de Precepto Fundamental), que despenaliza el aborto hasta la duod\u00e9cima semana de gestaci\u00f3n.<\/p>\n\n\n\n<h5 class=\"wp-block-heading\">Aborto legal:Una lucha de la clase trabajadora<\/h5>\n\n\n\n<p>La lucha por la legalizaci\u00f3n del aborto es una lucha de clases. Las mujeres trabajadoras son las que m\u00e1s sufren la criminalizaci\u00f3n: carecen de guarder\u00edas, vivienda, empleo estable o condiciones adecuadas para la maternidad. Cuando deciden interrumpir un embarazo, se ven obligadas a someterse a procedimientos inseguros.<\/p>\n\n\n\n<p>Defender el aborto legal significa luchar por el derecho de todas las personas a elegir, con seguridad y dignidad. Significa luchar contra la explotaci\u00f3n y la opresi\u00f3n que azotan a la clase trabajadora, especialmente a las mujeres negras y pobres.<\/p>\n\n\n\n<p>Este 28 de septiembre reafirmamos que legalizar el aborto:<\/p>\n\n\n\n<ul class=\"wp-block-list\">\n<li>es salvar vidas;<\/li>\n\n\n\n<li>es garantizar la autonom\u00eda;<\/li>\n\n\n\n<li>es justicia social.<\/li>\n<\/ul>\n\n\n\n<p>La tarea es organizar y fortalecer esta lucha en cada centro de trabajo, escuela, universidad, sindicato y movimiento de base. El 28 de septiembre debe ser un d\u00eda de denuncia, pero tambi\u00e9n de movilizaci\u00f3n y unidad para que las mujeres de nuestra clase puedan conquistar el derecho a decidir sobre sus cuerpos y sus vidas.<\/p>\n\n\n\n<p><\/p>\n","protected":false},"excerpt":{"rendered":"<p>Por Partido Socialista de los Trabajadores Unificado &#8211; Brasil El 28 de septiembre, D\u00eda Latinoamericano y del Caribe por la Legalizaci\u00f3n del Aborto, es un momento fundamental para reafirmar: la lucha por la legalizaci\u00f3n del aborto no es un tema secundario ni una cuesti\u00f3n de moralidad individual, sino una cuesti\u00f3n vital de salud p\u00fablica, de [&hellip;]<\/p>\n","protected":false},"author":14,"featured_media":80592,"menu_order":0,"comment_status":"open","ping_status":"open","sticky":false,"template":"","format":"standard","meta":{"jetpack_post_was_ever_published":false,"_jetpack_newsletter_access":"","_jetpack_dont_email_post_to_subs":false,"_jetpack_newsletter_tier_id":0,"_jetpack_memberships_contains_paywalled_content":false,"litci_post_political_author":"PSTU - Brasil","_jetpack_memberships_contains_paid_content":false,"footnotes":""},"categories":[18817,2676,2653],"tags":[17926,8901,5501,4880],"class_list":["post-80591","post","type-post","status-publish","format-standard","has-post-thumbnail","hentry","category-28s-aborto-legal-2025","category-brasil","category-pstu-brasil","tag-28s","tag-aborto-libre-y-gratuito","tag-derecho-al-aborto","tag-despenalizacion-del-aborto"],"jetpack_featured_media_url":"https:\/\/i0.wp.com\/litci.org\/es\/wp-content\/uploads\/2025\/09\/28set.png?fit=1086%2C527&ssl=1","fimg_url":"https:\/\/i0.wp.com\/litci.org\/es\/wp-content\/uploads\/2025\/09\/28set.png?fit=1086%2C527&ssl=1","categories_names":["28S Aborto legal 2025","Brasil","PSTU - Brasil"],"author_info":{"name":"leonardo","pic":"https:\/\/secure.gravatar.com\/avatar\/5b026831a33fc9397b874aaf2fbce7cc661697946383efa447f6bf2fd4c79d48?s=96&d=mm&r=g"},"political_author":"PSTU - Brasil","tagline":"","jetpack_sharing_enabled":true,"_links":{"self":[{"href":"https:\/\/litci.org\/es\/wp-json\/wp\/v2\/posts\/80591","targetHints":{"allow":["GET"]}}],"collection":[{"href":"https:\/\/litci.org\/es\/wp-json\/wp\/v2\/posts"}],"about":[{"href":"https:\/\/litci.org\/es\/wp-json\/wp\/v2\/types\/post"}],"author":[{"embeddable":true,"href":"https:\/\/litci.org\/es\/wp-json\/wp\/v2\/users\/14"}],"replies":[{"embeddable":true,"href":"https:\/\/litci.org\/es\/wp-json\/wp\/v2\/comments?post=80591"}],"version-history":[{"count":2,"href":"https:\/\/litci.org\/es\/wp-json\/wp\/v2\/posts\/80591\/revisions"}],"predecessor-version":[{"id":80594,"href":"https:\/\/litci.org\/es\/wp-json\/wp\/v2\/posts\/80591\/revisions\/80594"}],"wp:featuredmedia":[{"embeddable":true,"href":"https:\/\/litci.org\/es\/wp-json\/wp\/v2\/media\/80592"}],"wp:attachment":[{"href":"https:\/\/litci.org\/es\/wp-json\/wp\/v2\/media?parent=80591"}],"wp:term":[{"taxonomy":"category","embeddable":true,"href":"https:\/\/litci.org\/es\/wp-json\/wp\/v2\/categories?post=80591"},{"taxonomy":"post_tag","embeddable":true,"href":"https:\/\/litci.org\/es\/wp-json\/wp\/v2\/tags?post=80591"}],"curies":[{"name":"wp","href":"https:\/\/api.w.org\/{rel}","templated":true}]}}