{"id":80575,"date":"2025-09-27T11:48:52","date_gmt":"2025-09-27T11:48:52","guid":{"rendered":"https:\/\/litci.org\/es\/?p=80575"},"modified":"2025-10-06T14:58:12","modified_gmt":"2025-10-06T14:58:12","slug":"denuncia-publica-y-llamado-a-la-solidaridad-internacional","status":"publish","type":"post","link":"https:\/\/litci.org\/es\/denuncia-publica-y-llamado-a-la-solidaridad-internacional\/","title":{"rendered":"Denuncia p\u00fablica y llamado a la solidaridad internacional"},"content":{"rendered":"\n<p>Por ART &#8211; Ecuardor<\/p>\n\n\n\n<p>En el marco del del Paro Nacional en Ecuador, 12 manifestantes originarios de la provincia de Imbabura que fueron detenidos y declarados como terroristas por el gobierno por ejercer su leg\u00edtmo derecho a la protesta.&nbsp; Con fecha 25 de septiembre fueron trasladados ilegalmente hacia las c\u00e1rceles de Esmeraldas y Potoviejo, alejados de sus lugares de residencia y de sus familias, lo que constituye una grave vulneraci\u00f3n de sus derechos.<\/p>\n\n\n\n<p>Durante las audiencias se registraron graves irregularidades, como:<\/p>\n\n\n\n<ul class=\"wp-block-list\">\n<li>Negaci\u00f3n del derecho a un abogado particular, impidiendo una defensa adecuada.<\/li>\n\n\n\n<li>Presuntas acusaciones infundadas de terrorismo, criminalizando la protesta social.<\/li>\n<\/ul>\n\n\n\n<p>La Fundaci\u00f3n Regional de Asesor\u00eda en Derechos Humanos (INREDH) ha alertado que este traslado forzado no solo representa una violaci\u00f3n del debido proceso y de los principios fundamentales de justicia sino que tambi\u00e9n pone en riesgo la vida de los luchadores detenidos ya que no existe ning\u00fan tipo de garant\u00eda de derechos por parte del Estado&nbsp; y muestra de ello es que en estos d\u00edas se registraron dos masacres carcelarias en Esmeraldas y Machala con 14 y 17 v\u00edctimas mortales respectivamente.<\/p>\n\n\n\n<p>Alertamos a la comunidad nacional e internacional que este tipo de acciones represivas sientan un peligroso precedente para el ejercicio de los derechos humanos en el pa\u00eds.<\/p>\n\n\n\n<p>Exigimos:<\/p>\n\n\n\n<ul class=\"wp-block-list\">\n<li>La liberaci\u00f3n inmediata de los detenidos arbitrariamente.<\/li>\n\n\n\n<li>Que se respeten los principios del debido proceso.<\/li>\n\n\n\n<li>Que se investigue y sancione a los responsables de estas violaciones. <\/li>\n\n\n\n<li>Que se garantice el derecho a la protesta y la libre expresi\u00f3n.<\/li>\n<\/ul>\n\n\n\n<figure class=\"wp-block-image size-large\"><img data-recalc-dims=\"1\" loading=\"lazy\" decoding=\"async\" width=\"819\" height=\"1024\" src=\"https:\/\/i0.wp.com\/litci.org\/es\/wp-content\/uploads\/2025\/09\/12-de-Otavalo.jpg?resize=819%2C1024\" alt=\"\" class=\"wp-image-80577\" srcset=\"https:\/\/i0.wp.com\/litci.org\/es\/wp-content\/uploads\/2025\/09\/12-de-Otavalo.jpg?resize=819%2C1024&amp;ssl=1 819w, https:\/\/i0.wp.com\/litci.org\/es\/wp-content\/uploads\/2025\/09\/12-de-Otavalo.jpg?resize=240%2C300&amp;ssl=1 240w, https:\/\/i0.wp.com\/litci.org\/es\/wp-content\/uploads\/2025\/09\/12-de-Otavalo.jpg?resize=768%2C960&amp;ssl=1 768w, https:\/\/i0.wp.com\/litci.org\/es\/wp-content\/uploads\/2025\/09\/12-de-Otavalo.jpg?w=1080&amp;ssl=1 1080w\" sizes=\"auto, (max-width: 819px) 100vw, 819px\" \/><\/figure>\n\n\n\n<p>Responsabilizamos al Estado ecuatoriano y al gobierno de Daniel Noboa por la vida y la integridad de:<\/p>\n\n\n\n<p>Luis Enrique Moreta Flores<\/p>\n\n\n\n<p>Elvis Dami\u00e1n Lanchimba Mor\u00e1n<\/p>\n\n\n\n<p>Juan Sebasti\u00e1n Muenala Traves<\/p>\n\n\n\n<p>Diego Armando L\u00f3pez Ram\u00edrez<\/p>\n\n\n\n<p>Luis Ernesto Titua\u00f1a Maldonado<\/p>\n\n\n\n<p>Jos\u00e9 Segundo Amagua\u00f1a Quinchuqu\u00ed<\/p>\n\n\n\n<p>Washinton Jeremy Lita Perugachi<\/p>\n\n\n\n<p>Luis Henry J\u00e1come Espinosa<\/p>\n\n\n\n<p>Berny Jonathan Anchundia Andrade<\/p>\n\n\n\n<p>Alfredo Padilla Criollo<\/p>\n\n\n\n<p>William Andr\u00e9s Rojas L\u00f3pez<\/p>\n\n\n\n<p>Nosotros, el ART secci\u00f3n simpatizante de la LIT-CI, hacemos un llamado urgente a las organizaciones de derechos humanos, medios de comunicaci\u00f3n internacionales, movimientos sociales y a la ciudadan\u00eda global a estar vigilantes, pronunciarse y solidarizarse con quienes hoy enfrentan la criminalizaci\u00f3n por defender sus derechos.<\/p>\n\n\n\n<p>\u00a1Luchar no es delito!<\/p>\n\n\n\n<p>\u00a1Libertad para los presos por luchar!<\/p>\n\n\n\n<p>\u00a1Viva el Paro! \u00a1Fuera Noboa!<\/p>\n\n\n\n<p><\/p>\n","protected":false},"excerpt":{"rendered":"<p>Por ART &#8211; Ecuardor En el marco del del Paro Nacional en Ecuador, 12 manifestantes originarios de la provincia de Imbabura que fueron detenidos y declarados como terroristas por el gobierno por ejercer su leg\u00edtmo derecho a la protesta.&nbsp; Con fecha 25 de septiembre fueron trasladados ilegalmente hacia las c\u00e1rceles de Esmeraldas y Potoviejo, alejados [&hellip;]<\/p>\n","protected":false},"author":14,"featured_media":80576,"menu_order":0,"comment_status":"open","ping_status":"open","sticky":false,"template":"","format":"standard","meta":{"jetpack_post_was_ever_published":false,"_jetpack_newsletter_access":"","_jetpack_dont_email_post_to_subs":false,"_jetpack_newsletter_tier_id":0,"_jetpack_memberships_contains_paywalled_content":false,"litci_post_political_author":"ART - Ecuador","_jetpack_memberships_contains_paid_content":false,"footnotes":""},"categories":[2682,17819],"tags":[2994,2865,18814],"class_list":["post-80575","post","type-post","status-publish","format-standard","has-post-thumbnail","hentry","category-ecuador","category-destacado","tag-campana-internacional","tag-ecuador-2","tag-paro"],"jetpack_featured_media_url":"https:\/\/i0.wp.com\/litci.org\/es\/wp-content\/uploads\/2025\/09\/2-de-Otavalo-1.jpg?fit=640%2C528&ssl=1","fimg_url":"https:\/\/i0.wp.com\/litci.org\/es\/wp-content\/uploads\/2025\/09\/2-de-Otavalo-1.jpg?fit=640%2C528&ssl=1","categories_names":["Destacado","Ecuador"],"author_info":{"name":"leonardo","pic":"https:\/\/secure.gravatar.com\/avatar\/5b026831a33fc9397b874aaf2fbce7cc661697946383efa447f6bf2fd4c79d48?s=96&d=mm&r=g"},"political_author":"ART - Ecuador","tagline":"","jetpack_sharing_enabled":true,"_links":{"self":[{"href":"https:\/\/litci.org\/es\/wp-json\/wp\/v2\/posts\/80575","targetHints":{"allow":["GET"]}}],"collection":[{"href":"https:\/\/litci.org\/es\/wp-json\/wp\/v2\/posts"}],"about":[{"href":"https:\/\/litci.org\/es\/wp-json\/wp\/v2\/types\/post"}],"author":[{"embeddable":true,"href":"https:\/\/litci.org\/es\/wp-json\/wp\/v2\/users\/14"}],"replies":[{"embeddable":true,"href":"https:\/\/litci.org\/es\/wp-json\/wp\/v2\/comments?post=80575"}],"version-history":[{"count":2,"href":"https:\/\/litci.org\/es\/wp-json\/wp\/v2\/posts\/80575\/revisions"}],"predecessor-version":[{"id":80590,"href":"https:\/\/litci.org\/es\/wp-json\/wp\/v2\/posts\/80575\/revisions\/80590"}],"wp:featuredmedia":[{"embeddable":true,"href":"https:\/\/litci.org\/es\/wp-json\/wp\/v2\/media\/80576"}],"wp:attachment":[{"href":"https:\/\/litci.org\/es\/wp-json\/wp\/v2\/media?parent=80575"}],"wp:term":[{"taxonomy":"category","embeddable":true,"href":"https:\/\/litci.org\/es\/wp-json\/wp\/v2\/categories?post=80575"},{"taxonomy":"post_tag","embeddable":true,"href":"https:\/\/litci.org\/es\/wp-json\/wp\/v2\/tags?post=80575"}],"curies":[{"name":"wp","href":"https:\/\/api.w.org\/{rel}","templated":true}]}}