{"id":80554,"date":"2025-09-22T02:19:16","date_gmt":"2025-09-22T02:19:16","guid":{"rendered":"https:\/\/litci.org\/es\/?p=80554"},"modified":"2025-09-22T02:19:18","modified_gmt":"2025-09-22T02:19:18","slug":"la-descertificacion-un-nuevo-gesto-injerencista-del-imperialismo-yanqui","status":"publish","type":"post","link":"https:\/\/litci.org\/es\/la-descertificacion-un-nuevo-gesto-injerencista-del-imperialismo-yanqui\/","title":{"rendered":"La descertificaci\u00f3n, un nuevo gesto injerencista del imperialismo yanqui"},"content":{"rendered":"\n<p>Por Partido Socialista de los Trabajadores &#8211; Colombia<\/p>\n\n\n\n<p>Ante la a la decisi\u00f3n del gobierno de Trump, anunciada el 15 de septiembre, de retirar la certificaci\u00f3n anual a Colombia como aliado en la lucha contra el narcotr\u00e1fico, como clase trabajadora es importante comprender qu\u00e9 significa esto y poder tener una pol\u00edtica independiente.<\/p>\n\n\n\n<p>Esta medida unilateral del gobierno de los EE. UU. eval\u00faa (con criterios definidos tambi\u00e9n unilateralmente por ellos) el cumplimiento de pa\u00edses productores o de tr\u00e1nsito de drogas en la erradicaci\u00f3n de cultivos il\u00edcitos y el combate al tr\u00e1fico, seg\u00fan la Ley de Abuso de Drogas de 1986 (enmienda a la Ley de Asistencia Extranjera de 1961). Colombia, principal productor mundial de coca\u00edna, fue calificada para 2025, &nbsp;como \u00abno cooperativa\u00bb debido al aumento r\u00e9cord de cultivos de coca (253.000 hect\u00e1reas en 2023, seg\u00fan la ONU) y producci\u00f3n de coca\u00edna bajo el gobierno de Gustavo Petro, pese a que la pol\u00edtica de Petro en la realidad dista mucho de su discurso y se enmarca dentro de los mandatos imperialistas: manejo de las drogas como un tema de criminalidad y no de salud p\u00fablica; resultados medidos por monto de las incautaciones, que su propio gobierno llama hist\u00f3ricas, y la reciente orden de retomar el uso de glifosato contra comunidades poco cooperativas con la erradicaci\u00f3n manual. Todo esto desconociendo las razones estructurales por las que operan las econom\u00edas ilegales en el mundo capitalista, abord\u00e1ndolo como si fuera un problema de la \u201cvoluntad\u201d de la gente.<\/p>\n\n\n\n<p>Como antecedente, debemos recordar que Colombia fue descertificada por \u00faltima vez en 1996-1997 durante la presidencia de Ernesto Samper, por sus nexos con el C\u00e1rtel de Cali. Desde entonces, hab\u00eda obtenido siempre la certificaci\u00f3n plena o parcial, recibiendo hasta US$500 millones anuales en \u201cayuda\u201d para seguridad y cuerpos antinarc\u00f3ticos.<\/p>\n\n\n\n<p>Actualmente, la administraci\u00f3n Trump critica la \u00abmala gesti\u00f3n\u00bb y \u00abfalta de liderazgo\u00bb de Petro, quien al menos en su discurso priorizar\u00eda pol\u00edticas de sustituci\u00f3n voluntaria de cultivos sobre la aspersi\u00f3n a\u00e9rea (suspendidas desde 2015 por un fallo de la corte). M\u00e1s a\u00fan, en realidad la certificaci\u00f3n en s\u00ed misma, poco o nada tiene que ver con la \u201clucha contra el narcotr\u00e1fico\u201d, y es m\u00e1s una medida pol\u00edtica de corte injerencista para presionar a los gobiernos no alineados totalmente a los intereses imperialistas yanquis; en este caso, la descertificaci\u00f3n a Colombia constituye un gesto de chantaje motivado principalmente por la postura de Petro frente a Palestina y su negativa a colaborar en una posible (aunque improbable) invasi\u00f3n a Venezuela por parte de EE. UU., as\u00ed como por la reciente condena a Uribe que ha sido rechazada por Trump y principales figuras del partido Republicano. Es una medida de presi\u00f3n buscando alinear bajo sus designios a los gobiernos del subcontinente, a los que ve como su patio trasero.<\/p>\n\n\n\n<p>La descertificaci\u00f3n es una advertencia pol\u00edtica, con ciertas consecuencias. En este caso se otorg\u00f3 un\u00a0<em>waiver<\/em>\u00a0(exenci\u00f3n por inter\u00e9s nacional) que evita sanciones inmediatas y mantiene la financiaci\u00f3n (alrededor de US$450 millones para Fuerzas Armadas, inteligencia y operaciones). Pero la descertificaci\u00f3n implica posibles sanciones econ\u00f3micas y de cooperaci\u00f3n: Posible recorte futuro de ayuda (hasta 50-70%, equivalente a US$270-315 millones), aplicaci\u00f3n de aranceles a exportaciones, veto a cr\u00e9ditos en el Banco Mundial o BID, y bloqueo a inversiones de empresas estadounidenses. Igualmente, Colombia queda en la \u00ablista negra\u00bb junto a Bolivia y Venezuela, da\u00f1ando su imagen, indeseable para los intereses de los trabajadores y el pueblo en general, como socio estrat\u00e9gico global de la OTAN.<\/p>\n\n\n\n<p>Esta descertificaci\u00f3n es m\u00e1s un golpe simb\u00f3lico y pol\u00edtico que econ\u00f3mico inmediato, ya que presiona al Gobierno a alinear su enfoque de \u00abpaz total\u00bb con los intereses del imperialismo estadounidense, y a moderar su discurso frente a Palestina y Venezuela. Por su parte, la burgues\u00eda opositora lacaya del imperialismo, sali\u00f3 a celebrar la medida, y a hacer campa\u00f1a de que en un gobierno de ellos la cooperaci\u00f3n imperialista estar\u00eda garantizada\u2026 lo cual no dudamos que sea cierto. La cuesti\u00f3n es, si Colombia o cualquier pa\u00eds necesita tener esta certificaci\u00f3n, que en \u00faltimas significa ser parte del c\u00edrculo de confianza del imperialismo. Nosotros afirmamos categ\u00f3ricamente que no.<\/p>\n\n\n\n<p>Ante este hecho, gran parte de la llamada izquierda y sus organizaciones reformistas plegadas al Gobierno, han salido a defenderlo de manera acr\u00edtica; alegando el compromiso con la erradicaci\u00f3n de cultivos, caza de narcotraficantes e incautaciones. Es decir, rechazan el gesto injerencista del imperialismo por las razones equivocadas y con una pol\u00edtica totalmente contraria a los intereses de la clase trabajadora y el campesinado.<\/p>\n\n\n\n<p>Efectivamente, se trata de un ataque a la soberan\u00eda nacional que debe ser rechazado. Pero este rechazo no debe provenir de demostrar que hemos sido buenos cumplidores de la pol\u00edtica antidrogas de EE. UU., sino todo lo contrario. El problema del narcotr\u00e1fico y sus consecuencias de criminalidad y violencia exacerbada en nuestro pa\u00eds es causado en \u00faltimas por el car\u00e1cter ilegal del mercado de las drogas psicoactivas como la coca\u00edna. Petro, debe aprovechar la oportunidad para dar un giro total a su pol\u00edtica antidrogas, aline\u00e1ndola consecuentemente a su propio discurso: regularizaci\u00f3n inmediata de los cultivos, legalizaci\u00f3n de las drogas y manejo de estas como un problema de salud p\u00fablica, ruptura de los pactos militares con el imperialismo, suspensi\u00f3n de la base militar de EE. UU. en Gorgona (disfrazada de cient\u00edfica), salida de la OTAN (tal como ha prometido), expulsi\u00f3n de los militares norteamericanos de las bases militares colombianas, y dejar de pagar la deuda externa para tener fondos reales y suficientes para un presupuesto general al servicio de las mayor\u00edas obreras, campesinas y populares.<\/p>\n","protected":false},"excerpt":{"rendered":"<p>Por Partido Socialista de los Trabajadores &#8211; Colombia Ante la a la decisi\u00f3n del gobierno de Trump, anunciada el 15 de septiembre, de retirar la certificaci\u00f3n anual a Colombia como aliado en la lucha contra el narcotr\u00e1fico, como clase trabajadora es importante comprender qu\u00e9 significa esto y poder tener una pol\u00edtica independiente. Esta medida unilateral [&hellip;]<\/p>\n","protected":false},"author":14,"featured_media":80555,"menu_order":0,"comment_status":"open","ping_status":"open","sticky":false,"template":"","format":"standard","meta":{"jetpack_post_was_ever_published":false,"_jetpack_newsletter_access":"","_jetpack_dont_email_post_to_subs":false,"_jetpack_newsletter_tier_id":0,"_jetpack_memberships_contains_paywalled_content":false,"litci_post_political_author":"PST - Colombia","_jetpack_memberships_contains_paid_content":false,"footnotes":""},"categories":[2678,2659],"tags":[3077,18808,18810,18809,12409,9098],"class_list":["post-80554","post","type-post","status-publish","format-standard","has-post-thumbnail","hentry","category-colombia","category-pst-colombia","tag-colombia-3","tag-descertificacion","tag-lucha-contra-el-narcotrafico","tag-lucha-contra-las-drogas","tag-petro","tag-trump"],"jetpack_featured_media_url":"https:\/\/i0.wp.com\/litci.org\/es\/wp-content\/uploads\/2025\/09\/img2.rtve_.jpg?fit=1600%2C900&ssl=1","fimg_url":"https:\/\/i0.wp.com\/litci.org\/es\/wp-content\/uploads\/2025\/09\/img2.rtve_.jpg?fit=1600%2C900&ssl=1","categories_names":["Colombia","PST - Colombia"],"author_info":{"name":"leonardo","pic":"https:\/\/secure.gravatar.com\/avatar\/5b026831a33fc9397b874aaf2fbce7cc661697946383efa447f6bf2fd4c79d48?s=96&d=mm&r=g"},"political_author":"PST - Colombia","tagline":"","jetpack_sharing_enabled":true,"_links":{"self":[{"href":"https:\/\/litci.org\/es\/wp-json\/wp\/v2\/posts\/80554","targetHints":{"allow":["GET"]}}],"collection":[{"href":"https:\/\/litci.org\/es\/wp-json\/wp\/v2\/posts"}],"about":[{"href":"https:\/\/litci.org\/es\/wp-json\/wp\/v2\/types\/post"}],"author":[{"embeddable":true,"href":"https:\/\/litci.org\/es\/wp-json\/wp\/v2\/users\/14"}],"replies":[{"embeddable":true,"href":"https:\/\/litci.org\/es\/wp-json\/wp\/v2\/comments?post=80554"}],"version-history":[{"count":1,"href":"https:\/\/litci.org\/es\/wp-json\/wp\/v2\/posts\/80554\/revisions"}],"predecessor-version":[{"id":80556,"href":"https:\/\/litci.org\/es\/wp-json\/wp\/v2\/posts\/80554\/revisions\/80556"}],"wp:featuredmedia":[{"embeddable":true,"href":"https:\/\/litci.org\/es\/wp-json\/wp\/v2\/media\/80555"}],"wp:attachment":[{"href":"https:\/\/litci.org\/es\/wp-json\/wp\/v2\/media?parent=80554"}],"wp:term":[{"taxonomy":"category","embeddable":true,"href":"https:\/\/litci.org\/es\/wp-json\/wp\/v2\/categories?post=80554"},{"taxonomy":"post_tag","embeddable":true,"href":"https:\/\/litci.org\/es\/wp-json\/wp\/v2\/tags?post=80554"}],"curies":[{"name":"wp","href":"https:\/\/api.w.org\/{rel}","templated":true}]}}