{"id":80017,"date":"2025-06-14T15:44:06","date_gmt":"2025-06-14T15:44:06","guid":{"rendered":"https:\/\/litci.org\/es\/?p=80017"},"modified":"2025-07-05T17:11:43","modified_gmt":"2025-07-05T17:11:43","slug":"repudiamos-el-ataque-israeli-a-iran-y-apoyamos-el-contrataque-irani","status":"publish","type":"post","link":"https:\/\/litci.org\/es\/repudiamos-el-ataque-israeli-a-iran-y-apoyamos-el-contrataque-irani\/","title":{"rendered":"Repudiamos el ataque israel\u00ed a Ir\u00e1n y apoyamos el contraataque iran\u00ed"},"content":{"rendered":"\n<p><em>Las fuerzas armadas israel\u00edes han realizado un ataque a\u00e9reo sobre territorio iran\u00ed, con 200 aviones de combate que dispararon misiles y destruyeron bases militares, plantas nucleares y residencias particulares de militares. <strong>The<\/strong> <strong>New York Times<\/strong> inform\u00f3 la muerte de tres altos generales iran\u00edes y tambi\u00e9n de cuatro cient\u00edficos nucleares<a id=\"_ftnref1\" href=\"#_ftn1\"><strong>[1]<\/strong><\/a>. El gobierno iran\u00ed <strong>\u201cpromete una respuesta contundente\u201d<\/strong><a id=\"_ftnref2\" href=\"#_ftn2\"><strong>[2]<\/strong><\/a><\/em> y ya lanz\u00f3 un ataque a distancia con misiles sobre Tel Aviv y alcanz\u00f3 algunos objetivos militares<a id=\"_ftnref3\" href=\"#_ftn3\">[3]<\/a><em>. \u00bfPor qu\u00e9 el gobierno de Netanyahu lanz\u00f3 este ataque? \u00bfCu\u00e1l ser\u00e1 el nivel de la respuesta iran\u00ed? \u00bfC\u00f3mo analizamos estos hechos en el marco de la escalada de conflictos en la regi\u00f3n de Medio Oriente?<\/em><\/p>\n\n\n\n<p>Por Redacci\u00f3n<\/p>\n\n\n\n<p>Para responder esta pregunta es necesario ver la combinaci\u00f3n del enfrentamiento entre el Estado de Israel e Ir\u00e1n, por un lado, y la situaci\u00f3n regional e internacional creada por la ocupaci\u00f3n israel\u00ed en la Franja de Gaza, con m\u00e9todos genocidas.<\/p>\n\n\n\n<p>Comencemos por Ir\u00e1n, hoy gobernado por el r\u00e9gimen religioso de los ayatol\u00e1s. Este r\u00e9gimen se instal\u00f3 luego de la gran revoluci\u00f3n que derrib\u00f3 el r\u00e9gimen mon\u00e1rquico del Sha Mohamed Reza Pahlevi, t\u00edtere del imperialismo estadounidense. Esta gran revoluci\u00f3n democr\u00e1tica avanzaba en la din\u00e1mica de que la clase obrera tomase el poder lo que abr\u00eda la posibilidad de una continuidad hacia una revoluci\u00f3n socialista<a href=\"#_ftn4\" id=\"_ftnref4\">[4]<\/a>.<\/p>\n\n\n\n<figure class=\"wp-block-image size-large\"><img data-recalc-dims=\"1\" loading=\"lazy\" decoding=\"async\" width=\"1024\" height=\"683\" src=\"https:\/\/i0.wp.com\/litci.org\/es\/wp-content\/uploads\/2025\/06\/15955999441926.webp?resize=1024%2C683\" alt=\"\" class=\"wp-image-80018\" srcset=\"https:\/\/i0.wp.com\/litci.org\/es\/wp-content\/uploads\/2025\/06\/15955999441926.webp?resize=1024%2C683&amp;ssl=1 1024w, https:\/\/i0.wp.com\/litci.org\/es\/wp-content\/uploads\/2025\/06\/15955999441926.webp?resize=300%2C200&amp;ssl=1 300w, https:\/\/i0.wp.com\/litci.org\/es\/wp-content\/uploads\/2025\/06\/15955999441926.webp?resize=768%2C512&amp;ssl=1 768w, https:\/\/i0.wp.com\/litci.org\/es\/wp-content\/uploads\/2025\/06\/15955999441926.webp?w=1200&amp;ssl=1 1200w\" sizes=\"auto, (max-width: 1000px) 100vw, 1000px\" \/><figcaption class=\"wp-element-caption\"><em>\u00daltimo Sha de Ir\u00e1n, Mohamed Reza Pahlevi y su tercera esposa, Farah Diba.<\/em><\/figcaption><\/figure>\n\n\n\n<p>Para impedirlo, volvi\u00f3 al pa\u00eds Ruhollah Khomeini (jefe del clero chiita, obligado a exiliarse por el Sha) quien, con su influencia y la fuerza militante de ese clero, primero consigui\u00f3 frenar la revoluci\u00f3n, destruy\u00f3 sus organismos, y finalmente la derrot\u00f3. Se instal\u00f3 una \u201crep\u00fablica isl\u00e1mica\u201d, etiqueta de un r\u00e9gimen burgu\u00e9s dictatorial al servicio del enriquecimiento del alto clero chiita y de sectores asociados, a partir de control del Estado y sus empresas.<\/p>\n\n\n\n<p>Es un r\u00e9gimen que, a trav\u00e9s de una dur\u00edsima represi\u00f3n, no solo garantiza un alto grado de explotaci\u00f3n de los trabajadores sino que oprime duramente a las mujeres y a las minor\u00edas \u00e9tnicas, como los kurdos. Por eso, en los \u00faltimos a\u00f1os ha enfrentado numerosas huelgas y rebeliones, a las que respondi\u00f3 con una dura represi\u00f3n y ejecuciones<a href=\"#_ftn5\" id=\"_ftnref5\">[5]<\/a>. Es decir, est\u00e1 parado sobre un volc\u00e1n en actividad.<\/p>\n\n\n\n<figure class=\"wp-block-image size-large\"><img data-recalc-dims=\"1\" loading=\"lazy\" decoding=\"async\" width=\"1024\" height=\"680\" src=\"https:\/\/i0.wp.com\/litci.org\/es\/wp-content\/uploads\/2025\/06\/ayatollah-khomeini-praying-in-neauphle-le-chateau-france-on-news-photo-1677199375-1024x680.jpg?resize=1024%2C680&#038;ssl=1\" alt=\"\" class=\"wp-image-80021\" srcset=\"https:\/\/i0.wp.com\/litci.org\/es\/wp-content\/uploads\/2025\/06\/ayatollah-khomeini-praying-in-neauphle-le-chateau-france-on-news-photo-1677199375-scaled.jpg?resize=1024%2C680&amp;ssl=1 1024w, https:\/\/i0.wp.com\/litci.org\/es\/wp-content\/uploads\/2025\/06\/ayatollah-khomeini-praying-in-neauphle-le-chateau-france-on-news-photo-1677199375-scaled.jpg?resize=300%2C199&amp;ssl=1 300w, https:\/\/i0.wp.com\/litci.org\/es\/wp-content\/uploads\/2025\/06\/ayatollah-khomeini-praying-in-neauphle-le-chateau-france-on-news-photo-1677199375-scaled.jpg?resize=768%2C510&amp;ssl=1 768w, https:\/\/i0.wp.com\/litci.org\/es\/wp-content\/uploads\/2025\/06\/ayatollah-khomeini-praying-in-neauphle-le-chateau-france-on-news-photo-1677199375-scaled.jpg?resize=1536%2C1020&amp;ssl=1 1536w, https:\/\/i0.wp.com\/litci.org\/es\/wp-content\/uploads\/2025\/06\/ayatollah-khomeini-praying-in-neauphle-le-chateau-france-on-news-photo-1677199375-scaled.jpg?resize=2048%2C1361&amp;ssl=1 2048w\" sizes=\"auto, (max-width: 1000px) 100vw, 1000px\" \/><figcaption class=\"wp-element-caption\"><em>Ayatollah Ruhollah Khomeini<\/em><\/figcaption><\/figure>\n\n\n\n<h5 class=\"wp-block-heading\"><strong>Juego propio en el plano internacional<\/strong><strong><\/strong><\/h5>\n\n\n\n<p>Sin embargo, al mismo tiempo, por su origen, ese r\u00e9gimen ha mantenido un importante grado de autonom\u00eda del imperialismo yanqui y un discurso muy antiimperialista. A su vez, aspira a que Ir\u00e1n sea reconocido como potencia de influencia regional. Para eso se apoya en los imperialismos chino y ruso. China le ha posibilitado superar el bloqueo econ\u00f3mico del imperialismo estadounidense por el tema nuclear y es su mayor socio comercial. Con el imperialismo ruso tiene una alianza econ\u00f3mica, pol\u00edtica y militar, pero no de defensa mutua. Ahora en la ONU, China y Rusia criticaron Israel por el ataque (EEEU lo apoy\u00f3).<\/p>\n\n\n\n<p>Por su parte, el imperialismo yanqui tiene \u201ccuentas pendientes\u201d con el r\u00e9gimen iran\u00ed y diversos gobiernos lo consideran como un \u201cenemigo a combatir\u201d. Parte de ello ha sido la pretensi\u00f3n de supervisar y limitar el desarrollo nuclear iran\u00ed, y aplicar sanciones comerciales para ello<a href=\"#_ftn6\" id=\"_ftnref6\">[6]<\/a>.<\/p>\n\n\n\n<p>En su aspiraci\u00f3n de tener un juego internacional propio en la regi\u00f3n, el r\u00e9gimen iran\u00ed se ha ubicado en algunos casos del lado opuesto a la lucha revolucionaria de las masas. Por ejemplo, colabor\u00f3 con el imperialismo yanqui para lograr alg\u00fan grado de estabilidad en Irak, pa\u00eds que hab\u00eda quedado fragmentado en varios pedazos luego de la derrota de la ocupaci\u00f3n militar realizada por el gobierno de Bush en 2003. Durante la guerra civil siria, soldados iran\u00edes fueron parte de las fuerzas militares que sostuvieron la dictadura de Bashar al-Assad contra la ofensiva \u201crebelde\u201d, al igual que los combatientes rusos enviados por Putin.<\/p>\n\n\n\n<p>En otros casos, est\u00e1 del \u201clado correcto\u201d de la lucha: es uno de los pa\u00edses musulmanes que no ha reconocido al Estado de Israel y mantiene una posici\u00f3n de apoyo a la lucha palestina. Ha provisto las armas con que Hezbol\u00e1 logr\u00f3 derrotar dos veces las invasiones israel\u00edes. Recientemente, el r\u00e9gimen iran\u00ed ha sido acusado de proveer \u201cbajo cuerda\u201d las armas con que los hut\u00edes yemenitas combaten contra Arabia Saud\u00ed y atacan barcos israel\u00edes que navegan por el mar Ar\u00e1bigo y el golfo de Adem<a id=\"_ftnref7\" href=\"#_ftn7\">[7]<\/a>.<\/p>\n\n\n\n<p>Se trata de un apoyo limitado. Durante toda la ocupaci\u00f3n de Gaza, Ir\u00e1n no ha dado apoyo militar concreto a los palestinos. Solo se ha limitado expl\u00edcitamente a responder a los ataques israel\u00edes a su territorio.<\/p>\n\n\n\n<p>Por eso, los gobiernos sionistas siempre han considerado a Ir\u00e1n como un \u201cenemigo peligroso\u201d que debe ser derrotado. A lo largo de estos a\u00f1os, los gobiernos israel\u00edes afirmaron que sus fuerzas armadas estaban en condiciones de destruir el desarrollo iran\u00ed y gran parte de su infraestructura militar y le pidieron apoyo al imperialismo yanqui para hacerlo. Este siempre les pidi\u00f3 que no hicieran ese ataque, incluido el propio Trump hace pocos d\u00edas, porque <em>\u201cestamos cerca de un acuerdo\u201d<\/em> con el r\u00e9gimen iran\u00ed y un ataque israel\u00ed <em>\u201clo echar\u00eda a perder\u201d<a href=\"#_ftn8\" id=\"_ftnref8\"><strong>[8]<\/strong><\/a>.<\/em><\/p>\n\n\n\n<h5 class=\"wp-block-heading\"><strong>La encrucijada de Netanyahu&nbsp; &nbsp;&nbsp;&nbsp;&nbsp;<\/strong><strong><\/strong><\/h5>\n\n\n\n<p>A pesar de este pedido del \u201chermano grande\u201d, el gobierno de Benjamin Netanyahu decidi\u00f3 lanzar el ataque. \u00bfPor qu\u00e9 lo hizo? En esa decisi\u00f3n se combinaron varios factores que pusieron a su gobierno en una encrucijada.<\/p>\n\n\n\n<p>En primer lugar, la gran dificultad de lograr los objetivos que ten\u00eda la invasi\u00f3n a la Franja de Gaza: \u201caniquilar a Hamas\u201d, expulsar a un mill\u00f3n de palestinos a Egipto y anexar al Estado de Israel el norte de este territorio. A pesar de los m\u00e9todos genocidas utilizados, de las miles de v\u00edctimas y del terrible sufrimiento ocasionado a los palestinos de Gaza, Netanyahu no consigui\u00f3 la \u201cvictoria definitiva\u201d ni estabilizar el dominio sobre Gaza dada la heroica resistencia del pueblo palestino que se niega a abandonar su tierra. Una situaci\u00f3n que es reconocida incluso por los m\u00e1s l\u00facidos analistas sionistas, como Mario Sznajder, profesor de Ciencias Pol\u00edticas de la Universidad Hebrea de Jerusal\u00e9n, quien considera que <em>\u201cNetanyahu no logr\u00f3 ninguno de los objetivos que justificaron la pesad\u00edsima intervenci\u00f3n militar en Gaza\u201d<a href=\"#_ftn9\" id=\"_ftnref9\"><strong>[9]<\/strong><\/a><\/em>.<\/p>\n\n\n\n<p>Al mismo tiempo, esta invasi\u00f3n reabri\u00f3 una divisi\u00f3n en la sociedad israel\u00ed que ya se hab\u00eda manifestado en las grandes manifestaciones que derrotaron la reforma judicial que en 2023 impulsaba Netanyahu<a href=\"#_ftn10\" id=\"_ftnref10\">[10]<\/a>. En las \u00faltimas d\u00e9cadas, un sector importante de israel\u00edes (empresarios y empleados) trabaja en empresas privadas de seguridad, software y sistemas, farmacolog\u00eda y alimentos, que exportan por miles de millones de d\u00f3lares, y quieren obtener inversiones imperialistas.<\/p>\n\n\n\n<p>Por la invasi\u00f3n a Gaza aument\u00f3 el impacto de la campa\u00f1a BDS y eso ha generado una fuerte crisis econ\u00f3mica del Estado de Israel y la salida de muchas empresas y profesionales<a href=\"#_ftn11\" id=\"_ftnref11\">[11]<\/a>. Este sector de la sociedad israel\u00ed quiere terminar con la \u201cguerra permanente\u201d y se ha movilizado (junto con otros) para exigirle al gobierno de Netanyahu que detenga la invasi\u00f3n a Gaza y abra alg\u00fan tipo de negociaci\u00f3n con los palestinos<a href=\"#_ftn12\" id=\"_ftnref12\">[12]<\/a>. Incluso, se ha abierto una incipiente crisis con los reservistas, que se niegan a reincorporarse al ej\u00e9rcito porque no quieren volver a Gaza<a href=\"#_ftn13\" id=\"_ftnref13\">[13]<\/a>.<\/p>\n\n\n\n<p>Como resultado de esta oposici\u00f3n y de otros reclamos espec\u00edficos (como el tema del fin de la exenci\u00f3n del servicio militar obligatorio para los religiosos ultraortodoxos) el gobierno de Netanyahu vive una crisis pol\u00edtica y no est\u00e1 excluido que caiga si pierde su mayor\u00eda parlamentaria<a href=\"#_ftn14\" id=\"_ftnref14\">[14]<\/a>.<\/p>\n\n\n\n<p>Veamos ahora el tema del aislamiento internacional del Estado de Israel. Las masivas movilizaciones de repudio por la invasi\u00f3n a Gaza y por sus m\u00e9todos y la solidaridad con los palestinos han generado varias olas de masivas movilizaciones, incluso en EE.UU. y los pa\u00edses imperialistas europeos que siempre apoyaron incondicionalmente al Estado sionista. Han obligado a sus gobiernos a criticar la invasi\u00f3n a Gaza<a href=\"#_ftn15\" id=\"_ftnref15\">[15]<\/a> y, junto con la campa\u00f1a BDS, obligaron a algunas a no invertir en el Estado de Israel o comprar sus productos. Incluso Yair Gol\u00e1n, un exgeneral israel\u00ed de alto rango, expres\u00f3 que <strong><em>\u201cIsrael va camino a convertirse en un Estado paria entre las naciones, como la Sud\u00e1frica de anta\u00f1o\u201d<\/em><\/strong><a href=\"#_ftn16\" id=\"_ftnref16\"><em><strong>[16]<\/strong><\/em><\/a><strong><em>.<\/em><\/strong><strong><em><\/em><\/strong><\/p>\n\n\n\n<h5 class=\"wp-block-heading\"><strong>La Flotilla y la Marcha a Gaza<\/strong><strong><\/strong><\/h5>\n\n\n\n<p><strong>Como una expresi\u00f3n de ese repudio al genocidio en Gaza y de solidaridad con el pueblo palestino, personalidades de varios pa\u00edses del mundo, como la activista sueca Greta Thunberg, organizaron la Flotilla de la Libertad, un embarcaci\u00f3n que intentar\u00eda llegar a Gaza por el mar Mediterr\u00e1neo, romper el bloqueo impuesto por el Estado sionista y entregar alimentos y medicamentos a la poblaci\u00f3n. Las fuerzas israel\u00edes amenazaron la embarcaci\u00f3n con drones, la cercaron, la atacaron con armas qu\u00edmicas, y secuestraron y detuvieron en Israel a varios de sus integrantes, entre ellos, el activista brasile\u00f1o Thiago \u00c1vila<\/strong><a href=\"#_ftn17\" id=\"_ftnref17\">[17]<\/a><strong>. La mayor\u00eda fueron liberados y deportados excepto dos activistas franceses<\/strong> y un holand\u00e9s, que no fueron deportados ni pudieron ser visitados por sus abogados, supuestamente por <em>\u201cel cierre de los aeropuertos israel\u00edes\u201d<\/em> ante la situaci\u00f3n con Ir\u00e1n<a href=\"#_ftn18\" id=\"_ftnref18\">[18]<\/a>.<\/p>\n\n\n\n<figure class=\"wp-block-image size-large\"><img data-recalc-dims=\"1\" loading=\"lazy\" decoding=\"async\" width=\"1024\" height=\"576\" src=\"https:\/\/i0.wp.com\/litci.org\/es\/wp-content\/uploads\/2025\/06\/1536x864_cmsv2_a36138a6-0bbd-5cfe-93fe-7a933cc86abc-9321111-1024x576.webp?resize=1024%2C576&#038;ssl=1\" alt=\"\" class=\"wp-image-80022\" srcset=\"https:\/\/i0.wp.com\/litci.org\/es\/wp-content\/uploads\/2025\/06\/1536x864_cmsv2_a36138a6-0bbd-5cfe-93fe-7a933cc86abc-9321111.webp?resize=1024%2C576&amp;ssl=1 1024w, https:\/\/i0.wp.com\/litci.org\/es\/wp-content\/uploads\/2025\/06\/1536x864_cmsv2_a36138a6-0bbd-5cfe-93fe-7a933cc86abc-9321111.webp?resize=300%2C169&amp;ssl=1 300w, https:\/\/i0.wp.com\/litci.org\/es\/wp-content\/uploads\/2025\/06\/1536x864_cmsv2_a36138a6-0bbd-5cfe-93fe-7a933cc86abc-9321111.webp?resize=768%2C432&amp;ssl=1 768w, https:\/\/i0.wp.com\/litci.org\/es\/wp-content\/uploads\/2025\/06\/1536x864_cmsv2_a36138a6-0bbd-5cfe-93fe-7a933cc86abc-9321111.webp?w=1536&amp;ssl=1 1536w\" sizes=\"auto, (max-width: 1000px) 100vw, 1000px\" \/><figcaption class=\"wp-element-caption\"><em>Velero Madleen, embarcaci\u00f3n que hace parte de la \u00abFlotilla de la Libertad\u00bb en la que viajaban, entre otros, el activista brasile\u00f1o Thiago \u00c1vila y la activista ambientalista sueca Greta Thunberg.<\/em><\/figcaption><\/figure>\n\n\n\n<p>De modo paralelo a la Flotilla de la Libertad, se organiz\u00f3 la Marcha Global a Gaza con un convoy de varios miles de activistas provenientes de pa\u00edses \u00e1rabes del norte de \u00c1frica, como Marruecos, Argelia, Libia y T\u00fanez, que march\u00f3 a pie y en veh\u00edculos hacia Egipto para cruzar el pa\u00eds, entrar en la pen\u00ednsula del Sina\u00ed, llegar al paso de Rafah (que conecta Gaza con Egipto) y as\u00ed quebrar el bloqueo por el sur del territorio<a href=\"#_ftn19\" id=\"_ftnref19\">[19]<\/a>. Activistas de varios pa\u00edses del mundo se unieron a la marcha en El Cairo para participar de ella, como el militante de la LIT-CI Fabio Bosco.<\/p>\n\n\n\n<p>En este caso, el Estado sionista \u201cterceriz\u00f3\u201d la tarea de detener la Marcha en el r\u00e9gimen egipcio, c\u00f3mplice del sionismo y del imperialismo desde los acuerdos de Camp David (1978)<a href=\"#_ftn20\" id=\"_ftnref20\">[20]<\/a>. El r\u00e9gimen egipcio cumpli\u00f3 esta misi\u00f3n: detuvo la Marcha en el <em>checkpoint<\/em> de acceso al Sina\u00ed y la oblig\u00f3 a volver a El Cairo.<\/p>\n\n\n\n<h5 class=\"wp-block-heading\"><strong>El ataque a Ir\u00e1n<\/strong><strong><\/strong><\/h5>\n\n\n\n<figure class=\"wp-block-image size-large\"><img data-recalc-dims=\"1\" loading=\"lazy\" decoding=\"async\" width=\"1024\" height=\"576\" src=\"https:\/\/i0.wp.com\/litci.org\/es\/wp-content\/uploads\/2025\/06\/98.webp?resize=1024%2C576\" alt=\"\" class=\"wp-image-80019\" srcset=\"https:\/\/i0.wp.com\/litci.org\/es\/wp-content\/uploads\/2025\/06\/98.webp?resize=1024%2C576&amp;ssl=1 1024w, https:\/\/i0.wp.com\/litci.org\/es\/wp-content\/uploads\/2025\/06\/98.webp?resize=300%2C169&amp;ssl=1 300w, https:\/\/i0.wp.com\/litci.org\/es\/wp-content\/uploads\/2025\/06\/98.webp?resize=768%2C432&amp;ssl=1 768w, https:\/\/i0.wp.com\/litci.org\/es\/wp-content\/uploads\/2025\/06\/98.webp?resize=1536%2C864&amp;ssl=1 1536w, https:\/\/i0.wp.com\/litci.org\/es\/wp-content\/uploads\/2025\/06\/98.webp?w=1900&amp;ssl=1 1900w\" sizes=\"auto, (max-width: 1000px) 100vw, 1000px\" \/><figcaption class=\"wp-element-caption\"><em>Edificio alcanzado por el bombardeo sionista en Teher\u00e1n<\/em>.<\/figcaption><\/figure>\n\n\n\n<p>En este marco de agudo aislamiento internacional y de crisis econ\u00f3mica y pol\u00edtica interna, Netanyahu decidi\u00f3 <em>\u201csalir disparando balas\u201d<\/em> (tal como lo hizo en otras ocasiones, como en la propia invasi\u00f3n a Gaza). Es decir,atacar a Ir\u00e1n para llamar a la \u201cunidad nacional\u201d y \u201cunir filas\u201d alrededor de su gobierno para combatir al enemigo com\u00fan.En los pr\u00f3ximos d\u00edas sabremos en qu\u00e9 medida lo consigui\u00f3.<\/p>\n\n\n\n<p>Al cierre de este art\u00edculo, los medios informan de un segundo ataque iran\u00ed que, a pesar del \u201cescudo antimisiles\u201d que despliega el Estado sionista, ayudado por tecnolog\u00eda e informaci\u00f3n de EE.UU., consiguen quebrarlo y alcanzar algunos objetivos. En ese contexto, Netanyahu y su ministro de Defensa se refugiaron en un b\u00fanker antimisiles.<\/p>\n\n\n\n<p>Sobre el tema central de este art\u00edculo, repudiamos esta nueva agresi\u00f3n del Estado sionista contra Ir\u00e1n y apoyamos su contraataque sobre territorio israel\u00ed. Lo hacemos porque es una expresi\u00f3n de la lucha de los pueblos \u00e1rabes y musulmanes contra el enclave militar del imperialismo que es el Estado de Israel, que solo puede mantenerse como tal con agresiones y ataques militares permanentes.<\/p>\n\n\n\n<p>En este conflicto, estamos en el <strong>campo militar<\/strong> de Ir\u00e1n y contra el Estado sionista. Al mismo tiempo, mantenemos nuestra total independencia pol\u00edtica frente a esta dictadura burguesa. &nbsp;<\/p>\n\n\n\n<p>Ese objetivo es muy dif\u00edcil de lograr a trav\u00e9s de una \u201cguerra tecnol\u00f3gica a distancia\u201d donde el Estado de Israel tiene mucha ventaja, m\u00e1s a\u00fan con el apoyo de EE.UU. Por el contrario, las cosas se le complican y mucho cuando el combate es terrestre, m\u00e1s convencional, como lo demuestran sus dos derrotas en la invasi\u00f3n al L\u00edbano.<\/p>\n\n\n\n<figure class=\"wp-block-image size-large\"><img data-recalc-dims=\"1\" loading=\"lazy\" decoding=\"async\" width=\"1024\" height=\"652\" src=\"https:\/\/i0.wp.com\/litci.org\/es\/wp-content\/uploads\/2025\/06\/17498404092495.jpg?resize=1024%2C652\" alt=\"\" class=\"wp-image-80020\" srcset=\"https:\/\/i0.wp.com\/litci.org\/es\/wp-content\/uploads\/2025\/06\/17498404092495.jpg?resize=1024%2C652&amp;ssl=1 1024w, https:\/\/i0.wp.com\/litci.org\/es\/wp-content\/uploads\/2025\/06\/17498404092495.jpg?resize=300%2C191&amp;ssl=1 300w, https:\/\/i0.wp.com\/litci.org\/es\/wp-content\/uploads\/2025\/06\/17498404092495.jpg?resize=768%2C489&amp;ssl=1 768w, https:\/\/i0.wp.com\/litci.org\/es\/wp-content\/uploads\/2025\/06\/17498404092495.jpg?resize=1536%2C978&amp;ssl=1 1536w, https:\/\/i0.wp.com\/litci.org\/es\/wp-content\/uploads\/2025\/06\/17498404092495.jpg?resize=2048%2C1304&amp;ssl=1 2048w\" sizes=\"auto, (max-width: 1000px) 100vw, 1000px\" \/><\/figure>\n\n\n\n<p>Por eso, Ir\u00e1n debe avanzar hacia una guerra total con Israel. Al mismo tiempo, es necesario que eso se combine con un avance de la revoluci\u00f3n en los estados de la regi\u00f3n, con una nueva primavera \u00e1rabe que posibilite la incorporaci\u00f3n de las masas \u00e1rabes y musulmanas que apoyan a palestina en la lucha contra el Estado de Israel. Una revoluci\u00f3n que debe \u201cpasar por arriba\u201d de los gobiernos de Jordania, Egipto y Siria.<\/p>\n\n\n\n<p><\/p>\n\n\n\n<p><\/p>\n\n\n\n<hr class=\"wp-block-separator has-alpha-channel-opacity\"\/>\n\n\n\n<p><a href=\"#_ftnref1\" id=\"_ftn1\">[1]<\/a> <a href=\"https:\/\/www.ambito.com\/mundo\/israel-descabezo-la-cupula-militar-iran-quienes-son-generales-y-cientificos-asesinados-n6156285\" target=\"_blank\" rel=\"noopener\">https:\/\/www.ambito.com\/mundo\/israel-descabezo-la-cupula-militar-iran-quienes-son-generales-y-cientificos-asesinados-n6156285<\/a><\/p>\n\n\n\n<p><a href=\"#_ftnref2\" id=\"_ftn2\">[2]<\/a> https:\/\/www.aljazeera.com\/news\/liveblog\/2025\/6\/13\/live-explosions-reported-in-iran-amid-israel-tensions<\/p>\n\n\n\n<p><a href=\"#_ftnref3\" id=\"_ftn3\">[3]<\/a> https:\/\/www.nytimes.com\/live\/2025\/06\/12\/world\/israel-iran-us-nuclear<\/p>\n\n\n\n<p><a href=\"#_ftnref4\" id=\"_ftn4\">[4]<\/a> https:\/\/litci.org\/es\/iran-a-pesar-de-bani-sadr-la-revolucion-irani-continua-1980\/?utm_source=copylink&amp;utm_medium=browser<\/p>\n\n\n\n<p><a href=\"#_ftnref5\" id=\"_ftn5\">[5]<\/a> https:\/\/litci.org\/es\/repudiamos-los-fusilamientos-en-iran\/?utm_source=copylink&amp;utm_medium=browser<\/p>\n\n\n\n<p><a href=\"#_ftnref6\" id=\"_ftn6\">[6]<\/a> <a href=\"https:\/\/litci.org\/es\/las-sanciones-trump-iran\/?utm_source=copylink&amp;utm_medium=browser\">Las sanciones de Trump a Ir\u00e1n &#8211; Liga Internacional de los TrabajadoresLiga Internacional de los Trabajadores<\/a><\/p>\n\n\n\n<p><a href=\"#_ftnref7\" id=\"_ftn7\">[7]<\/a> <a href=\"https:\/\/www.eldebate.com\/internacional\/20250509\/como-arma-iran-huties-yemen_295113.html\" target=\"_blank\" rel=\"noopener\">C\u00f3mo arma Ir\u00e1n a los hut\u00edes de Yemen<\/a><\/p>\n\n\n\n<p><a href=\"#_ftnref8\" id=\"_ftn8\">[8]<\/a> <a href=\"https:\/\/www.infobae.com\/estados-unidos\/2025\/06\/12\/donald-trump-pidio-a-israel-que-no-ataque-las-instalaciones-nucleares-de-iran-estamos-cerca-de-un-acuerdo-lo-echarian-a-perder\/\" target=\"_blank\" rel=\"noopener\">Donald Trump pidi\u00f3 a Israel que no ataque las instalaciones nucleares de Ir\u00e1n: \u201cEstamos cerca de un acuerdo, lo echar\u00edan a perder\u201d &#8211; Infobae<\/a><\/p>\n\n\n\n<p><a href=\"#_ftnref9\" id=\"_ftn9\">[9]<\/a> https:\/\/www.lanacion.com.ar\/el-mundo\/netanyahu-bajo-asedio-presion-de-los-familiares-por-los-rehenes-una-ofensiva-empantanada-y-reclamos-nid03022024\/&nbsp;&nbsp;&nbsp;<\/p>\n\n\n\n<p><a href=\"#_ftnref10\" id=\"_ftn10\">[10]<\/a> https:\/\/litci.org\/es\/israel-a-netanyahu-se-le-complica-todo\/?utm_source=copylink&amp;utm_medium=browser<\/p>\n\n\n\n<p><a href=\"#_ftnref11\" id=\"_ftn11\">[11]<\/a> https:\/\/litci.org\/es\/crisis-economica-en-el-estado-de-israel\/?utm_source=copylink&amp;utm_medium=browser<\/p>\n\n\n\n<p><a href=\"#_ftnref12\" id=\"_ftn12\">[12]<\/a> https:\/\/www.bbc.com\/mundo\/articles\/cgeg48xn488o<\/p>\n\n\n\n<p><a href=\"#_ftnref13\" id=\"_ftn13\">[13]<\/a> https:\/\/cnnespanol.cnn.com\/2024\/10\/25\/reservistas-israelies-carta-rechazan-pelear-gaza-libano-trax\/<\/p>\n\n\n\n<p><a href=\"#_ftnref14\" id=\"_ftn14\">[14]<\/a> https:\/\/www.france24.com\/es\/medio-oriente\/20250604-israel-partidos-ultraortodoxos-abandonar%C3%A1n-a-netanyahu-si-no-logra-una-ley-de-excepci%C3%B3n-militar<\/p>\n\n\n\n<p><a href=\"#_ftnref15\" id=\"_ftn15\">[15]<\/a> https:\/\/www.youtube.com\/watch?v=LZ2mxwxnxW4<\/p>\n\n\n\n<p><a href=\"#_ftnref16\" id=\"_ftn16\">[16]<\/a> https:\/\/www.lanacion.com.ar\/el-mundo\/israel-se-esta-convirtiendo-en-un-estado-paria-nid21052025\/<\/p>\n\n\n\n<p><a href=\"#_ftnref17\" id=\"_ftn17\">[17]<\/a> <strong>https:\/\/litci.org\/es\/liberen-la-flotilla-de-la-libertad\/?utm_source=copylink&amp;utm_medium=browser<\/strong><\/p>\n\n\n\n<p><a href=\"#_ftnref18\" id=\"_ftn18\">[18]<\/a> https:\/\/www.swissinfo.ch\/spa\/tres-activistas-de-la-flotilla-no-pueden-ser-deportados-de-israel-por-la-escalada-con-ir%C3%A1n\/89512446<\/p>\n\n\n\n<p><a href=\"#_ftnref19\" id=\"_ftn19\">[19]<\/a> https:\/\/litci.org\/es\/marcha-global-y-convoy-contra-el-genocidio-se-dirige-a-gaza-la-solidaridad-con-palestina-crece-en-todo-el-mundo\/?utm_source=copylink&amp;utm_medium=browser&nbsp;&nbsp;<\/p>\n\n\n\n<p><a href=\"#_ftnref20\" id=\"_ftn20\">[20]<\/a> https:\/\/litci.org\/es\/egipto-el-impacto-de-la-situacion-en-gaza\/?utm_source=copylink&amp;utm_medium=browser<\/p>\n","protected":false},"excerpt":{"rendered":"<p>Las fuerzas armadas israel\u00edes han realizado un ataque a\u00e9reo sobre territorio iran\u00ed, con 200 aviones de combate que dispararon misiles y destruyeron bases militares, plantas nucleares y residencias particulares de militares. The New York Times inform\u00f3 la muerte de tres altos generales iran\u00edes y tambi\u00e9n de cuatro cient\u00edficos nucleares[1]. El gobierno iran\u00ed \u201cpromete una respuesta [&hellip;]<\/p>\n","protected":false},"author":14,"featured_media":80025,"menu_order":0,"comment_status":"open","ping_status":"open","sticky":false,"template":"","format":"standard","meta":{"jetpack_post_was_ever_published":false,"_jetpack_newsletter_access":"","_jetpack_dont_email_post_to_subs":false,"_jetpack_newsletter_tier_id":0,"_jetpack_memberships_contains_paywalled_content":false,"litci_post_political_author":"LITCI","_jetpack_memberships_contains_paid_content":false,"footnotes":""},"categories":[2708],"tags":[18620,17967,18619,18618,18621],"class_list":["post-80017","post","type-post","status-publish","format-standard","has-post-thumbnail","hentry","category-iran","tag-bombardeo-sobre-teheran","tag-iran","tag-iran-contraataca","tag-israel-ataca-iran","tag-teheran"],"jetpack_featured_media_url":"https:\/\/i0.wp.com\/litci.org\/es\/wp-content\/uploads\/2025\/06\/ca-times.brightspotcdn.jpg?fit=1200%2C800&ssl=1","fimg_url":"https:\/\/i0.wp.com\/litci.org\/es\/wp-content\/uploads\/2025\/06\/ca-times.brightspotcdn.jpg?fit=1200%2C800&ssl=1","categories_names":["Ir\u00e1n"],"author_info":{"name":"leonardo","pic":"https:\/\/secure.gravatar.com\/avatar\/5b026831a33fc9397b874aaf2fbce7cc661697946383efa447f6bf2fd4c79d48?s=96&d=mm&r=g"},"political_author":"LITCI","tagline":"","jetpack_sharing_enabled":true,"_links":{"self":[{"href":"https:\/\/litci.org\/es\/wp-json\/wp\/v2\/posts\/80017","targetHints":{"allow":["GET"]}}],"collection":[{"href":"https:\/\/litci.org\/es\/wp-json\/wp\/v2\/posts"}],"about":[{"href":"https:\/\/litci.org\/es\/wp-json\/wp\/v2\/types\/post"}],"author":[{"embeddable":true,"href":"https:\/\/litci.org\/es\/wp-json\/wp\/v2\/users\/14"}],"replies":[{"embeddable":true,"href":"https:\/\/litci.org\/es\/wp-json\/wp\/v2\/comments?post=80017"}],"version-history":[{"count":4,"href":"https:\/\/litci.org\/es\/wp-json\/wp\/v2\/posts\/80017\/revisions"}],"predecessor-version":[{"id":80033,"href":"https:\/\/litci.org\/es\/wp-json\/wp\/v2\/posts\/80017\/revisions\/80033"}],"wp:featuredmedia":[{"embeddable":true,"href":"https:\/\/litci.org\/es\/wp-json\/wp\/v2\/media\/80025"}],"wp:attachment":[{"href":"https:\/\/litci.org\/es\/wp-json\/wp\/v2\/media?parent=80017"}],"wp:term":[{"taxonomy":"category","embeddable":true,"href":"https:\/\/litci.org\/es\/wp-json\/wp\/v2\/categories?post=80017"},{"taxonomy":"post_tag","embeddable":true,"href":"https:\/\/litci.org\/es\/wp-json\/wp\/v2\/tags?post=80017"}],"curies":[{"name":"wp","href":"https:\/\/api.w.org\/{rel}","templated":true}]}}