{"id":79464,"date":"2025-03-11T13:30:19","date_gmt":"2025-03-11T13:30:19","guid":{"rendered":"https:\/\/litci.org\/es\/?p=79464"},"modified":"2025-03-11T13:30:21","modified_gmt":"2025-03-11T13:30:21","slug":"23f-respuesta-masiva-en-las-calles-contra-el-desmantelamiento-de-la-educacion-publica","status":"publish","type":"post","link":"https:\/\/litci.org\/es\/23f-respuesta-masiva-en-las-calles-contra-el-desmantelamiento-de-la-educacion-publica\/","title":{"rendered":"23F: Respuesta masiva en las calles contra el desmantelamiento de la Educaci\u00f3n P\u00fablica"},"content":{"rendered":"\n<p>Por Corriente Roja Madrid<\/p>\n\n\n\n<p>La Educaci\u00f3n P\u00fablica inund\u00f3 las calles de Madrid el pasado 23F. Sindicatos de clase, organizaciones pol\u00edticas y sociales, personal educativo, comunidad universitaria y estudiantes y familiares de todas las etapas educativas compartieron la protesta.<\/p>\n\n\n\n<p>Los m\u00e1s de 20 colectivos convocantes y los 70 que adhirieron a la convocatoria denunciaron el maltrato y los recortes que a\u00f1o tras a\u00f1o vienen sufriendo los Servicios P\u00fablicos y la Educaci\u00f3n en particular.<\/p>\n\n\n\n<p>La manifestaci\u00f3n arranc\u00f3 del Paseo del Prado a las 12:00 de la ma\u00f1ana en direcci\u00f3n a la Puerta del Sol,&nbsp;bajo una enorme pancarta cuyo lema central era: \u201cSalvemos la Educaci\u00f3n P\u00fablica. Su privatizaci\u00f3n, nuestra ruina\u201d.<\/p>\n\n\n\n<figure class=\"wp-block-image size-full\"><img data-recalc-dims=\"1\" loading=\"lazy\" decoding=\"async\" width=\"887\" height=\"591\" src=\"https:\/\/i0.wp.com\/litci.org\/es\/wp-content\/uploads\/2025\/03\/Imagen-1.png?resize=887%2C591\" alt=\"\" class=\"wp-image-79465\" srcset=\"https:\/\/i0.wp.com\/litci.org\/es\/wp-content\/uploads\/2025\/03\/Imagen-1.png?w=887&amp;ssl=1 887w, https:\/\/i0.wp.com\/litci.org\/es\/wp-content\/uploads\/2025\/03\/Imagen-1.png?resize=300%2C200&amp;ssl=1 300w, https:\/\/i0.wp.com\/litci.org\/es\/wp-content\/uploads\/2025\/03\/Imagen-1.png?resize=768%2C512&amp;ssl=1 768w\" sizes=\"auto, (max-width: 887px) 100vw, 887px\" \/><\/figure>\n\n\n\n<p>Las organizaciones sindicales CNT, CGT, Solidaridad Obrera, STEM y co.bas, participaron en la manifestaci\u00f3n en un Bloque Intersindical para denunciar \u00abel ataque que viene sufriendo la Educaci\u00f3n P\u00fablica\u00bb y avanzar \u00abun paso m\u00e1s\u00bb hacia \u00abuna gran Huelga\u00bb que busque&nbsp;<strong>\u00abdignificar, recuperar y ampliar\u00bb los derechos de l@s trabajadores y alumn@s de la Educaci\u00f3n P\u00fablica.<\/strong><\/p>\n\n\n\n<p><strong>Corriente Roja particip\u00f3 en la manifestaci\u00f3n sum\u00e1ndose su militancia al cortejo del Bloque Intersindical formado por los sindicatos.<\/strong><\/p>\n\n\n\n<figure class=\"wp-block-image\"><img data-recalc-dims=\"1\" height=\"1024\" width=\"576\" decoding=\"async\" src=\"https:\/\/i0.wp.com\/www.corrienteroja.net\/wp-content\/uploads\/2025\/02\/WhatsApp-Image-2025-02-27-at-09.55.15-1-576x1024.jpeg?resize=576%2C1024&#038;ssl=1\" alt=\"\" class=\"wp-image-9343\"\/><\/figure>\n\n\n\n<p>Son much@s l@s damnificados por los recortes y las pol\u00edticas privatizadoras de la presidenta de la Comunidad de Madrid, Isabel D\u00edaz Ayuso, que hoy se concretan en el estancamiento en los presupuestos, la negativa de la administraci\u00f3n reducir ratios y horas lectivas, la reincorporaci\u00f3n de 5.000 docentes y en el caso de las maestras de infantil, m\u00e1s salario entre otras cuestiones. Sin embargo, esto no impidi\u00f3 se\u00f1alar tambi\u00e9n al Gobierno central al que consideramos c\u00f3mplice de permitir que la Educaci\u00f3n P\u00fablica se siga mercantilizando y los recursos y espacios se sigan cediendo a la Educaci\u00f3n privada y concertada.<\/p>\n\n\n\n<p><strong>Durante todo el recorrido las consignas m\u00e1s coreadas fueron&nbsp;<u>\u201cEducaci\u00f3n P\u00fablica y de calidad\u201d,<\/u>&nbsp;<em>\u201cMadrid Comunidad de la precariedad\u201d, \u201cAyuso dimisi\u00f3n\u201d, \u201cA ver, a ver, quien lleva la batuta, la Educaci\u00f3n en lucha, o esa de la fruta\u201d, \u201cObreros y estudiantes, unidos adelante\u201d, \u201cCon esta ratio, no entramos ni en el patio\u201d, \u201cLa profe luchando, tambi\u00e9n est\u00e1 educando\u201d<\/em>, entre otras.<\/strong><\/p>\n\n\n\n<p>La manifestaci\u00f3n de Madrid hay que sumarla a otras movilizaciones que se han llevado a cabo en diferentes puntos del Estado espa\u00f1ol en defensa de la Educaci\u00f3n P\u00fablica. &nbsp;<\/p>\n\n\n\n<p>Algun@s estudiantes increparon la presencia de representantes del gobierno, record\u00e1ndoles que tambi\u00e9n han sido parte responsable en la aplicaci\u00f3n de los recortes y pol\u00edticas que afectan a la Educaci\u00f3n P\u00fablica. Los manifestantes criticaron la \u00abhipocres\u00eda\u00bb de estos partidos, que se sumaron a la protesta mientras sus acciones siguen sin corresponderse con la defensa de la Educaci\u00f3n P\u00fablica: \u201cAyuso culpable, gobiernos responsables\u201d.<\/p>\n\n\n\n<p>Se\u00f1alar tambi\u00e9n la importancia de esta convocatoria que despu\u00e9s de mucho tiempo volv\u00eda a UNIFICAR la lucha, desde Infantil hasta la Universidad. Cada uno por sus motivos, pero todos con una idea que hoy les une: la Educaci\u00f3n madrile\u00f1a se cae a pedazos, con tasas de inversi\u00f3n p\u00fablica a la cola del Estado espa\u00f1ol, mientras que a la privada se le contin\u00faa asignando ingentes cantidades.&nbsp;<\/p>\n\n\n\n<p>Por \u00faltimo, ser\u00eda muy importante que el \u00e9xito del pasado 23F, sirva de palanca para ir organizando y coordinando desde abajo a todos los sectores que hoy est\u00e1n en lucha para que la respuesta en el futuro sea m\u00e1s contundente en defensa de todos los Servicios P\u00fablicos de Madrid.<\/p>\n","protected":false},"excerpt":{"rendered":"<p>Por Corriente Roja Madrid La Educaci\u00f3n P\u00fablica inund\u00f3 las calles de Madrid el pasado 23F. Sindicatos de clase, organizaciones pol\u00edticas y sociales, personal educativo, comunidad universitaria y estudiantes y familiares de todas las etapas educativas compartieron la protesta. Los m\u00e1s de 20 colectivos convocantes y los 70 que adhirieron a la convocatoria denunciaron el maltrato [&hellip;]<\/p>\n","protected":false},"author":14,"featured_media":79466,"menu_order":0,"comment_status":"open","ping_status":"open","sticky":false,"template":"","format":"standard","meta":{"jetpack_post_was_ever_published":false,"_jetpack_newsletter_access":"","_jetpack_dont_email_post_to_subs":false,"_jetpack_newsletter_tier_id":0,"_jetpack_memberships_contains_paywalled_content":false,"litci_post_political_author":"Corriente Roja","_jetpack_memberships_contains_paid_content":false,"footnotes":""},"categories":[2697,2656],"tags":[18411,3083],"class_list":["post-79464","post","type-post","status-publish","format-standard","has-post-thumbnail","hentry","category-estado-espanol","category-corriente-roja-estado-espanol","tag-defensa-de-la-educacion-publica","tag-estado-espanol-3"],"jetpack_featured_media_url":"https:\/\/i0.wp.com\/litci.org\/es\/wp-content\/uploads\/2025\/03\/6fbcd019-999a-4a20-b519-1b2198be7dce_source-aspect-ratio_default_0.jpg?fit=2000%2C1333&ssl=1","fimg_url":"https:\/\/i0.wp.com\/litci.org\/es\/wp-content\/uploads\/2025\/03\/6fbcd019-999a-4a20-b519-1b2198be7dce_source-aspect-ratio_default_0.jpg?fit=2000%2C1333&ssl=1","categories_names":["Corriente Roja - Estado Espa\u00f1ol","Estado Espa\u00f1ol"],"author_info":{"name":"leonardo","pic":"https:\/\/secure.gravatar.com\/avatar\/5b026831a33fc9397b874aaf2fbce7cc661697946383efa447f6bf2fd4c79d48?s=96&d=mm&r=g"},"political_author":"Corriente Roja","tagline":"","jetpack_sharing_enabled":true,"_links":{"self":[{"href":"https:\/\/litci.org\/es\/wp-json\/wp\/v2\/posts\/79464","targetHints":{"allow":["GET"]}}],"collection":[{"href":"https:\/\/litci.org\/es\/wp-json\/wp\/v2\/posts"}],"about":[{"href":"https:\/\/litci.org\/es\/wp-json\/wp\/v2\/types\/post"}],"author":[{"embeddable":true,"href":"https:\/\/litci.org\/es\/wp-json\/wp\/v2\/users\/14"}],"replies":[{"embeddable":true,"href":"https:\/\/litci.org\/es\/wp-json\/wp\/v2\/comments?post=79464"}],"version-history":[{"count":1,"href":"https:\/\/litci.org\/es\/wp-json\/wp\/v2\/posts\/79464\/revisions"}],"predecessor-version":[{"id":79467,"href":"https:\/\/litci.org\/es\/wp-json\/wp\/v2\/posts\/79464\/revisions\/79467"}],"wp:featuredmedia":[{"embeddable":true,"href":"https:\/\/litci.org\/es\/wp-json\/wp\/v2\/media\/79466"}],"wp:attachment":[{"href":"https:\/\/litci.org\/es\/wp-json\/wp\/v2\/media?parent=79464"}],"wp:term":[{"taxonomy":"category","embeddable":true,"href":"https:\/\/litci.org\/es\/wp-json\/wp\/v2\/categories?post=79464"},{"taxonomy":"post_tag","embeddable":true,"href":"https:\/\/litci.org\/es\/wp-json\/wp\/v2\/tags?post=79464"}],"curies":[{"name":"wp","href":"https:\/\/api.w.org\/{rel}","templated":true}]}}