{"id":79125,"date":"2025-01-24T01:20:35","date_gmt":"2025-01-24T01:20:35","guid":{"rendered":"https:\/\/litci.org\/es\/?p=79125"},"modified":"2025-01-24T01:20:38","modified_gmt":"2025-01-24T01:20:38","slug":"el-balance-del-pais-de-los-ricos-y-el-balance-del-pais-de-los-pobres","status":"publish","type":"post","link":"https:\/\/litci.org\/es\/el-balance-del-pais-de-los-ricos-y-el-balance-del-pais-de-los-pobres\/","title":{"rendered":"El balance del pa\u00eds de los ricos y el balance del pa\u00eds de los pobres"},"content":{"rendered":"\n<p>Por Partido Socialista de los Trabajadores &#8211; Colombia<\/p>\n\n\n\n<p>Al final de cada a\u00f1o, los medios de comunicaci\u00f3n publican un balance sobre c\u00f3mo le fue al \u201cpa\u00eds\u201d. Pero, \u00bfa qu\u00e9 pa\u00eds hacen referencia? Pues al pa\u00eds de los ricos, desde luego, los medios de comunicaci\u00f3n son de ellos. En ese sentido, todos los balances son sobre c\u00f3mo estuvo el crecimiento de las ganancias: si los negocios para los exportadores mejoraron y si las inversiones para la explotaci\u00f3n laboral y el saqueo de las multinacionales crecieron o no.<\/p>\n\n\n\n<p><strong>A los ricos les fue bien, a los pobres mal<\/strong><\/p>\n\n\n\n<p>El crecimiento de la econom\u00eda fue del 2%, esto es el crecimiento de la riqueza generada por el aumento de la productividad de los trabajadores (menos gastos y m\u00e1s producci\u00f3n). Este aumento de la productividad se logra mejorando la tecnolog\u00eda (herramientas y m\u00e1quinas para el trabajo), pero la mayor riqueza resultante no se reparte proporcionalmente entre empresarios y trabajadores, aunque sean los trabajadores los que la producen realmente.<\/p>\n\n\n\n<p>Los empresarios ganan mientras los trabajadores perdemos, porque se mantiene la misma jornada laboral, al tiempo que aumenta el desempleo y la contrataci\u00f3n precarizada; aunque haya crecimiento econ\u00f3mico, los trabajadores de conjunto no mejoramos nuestras condiciones de vida. La explotaci\u00f3n de la fuerza de trabajo aument\u00f3 en 2024 en un 2 %; la misma proporci\u00f3n en que los empresarios lograron aumentar su capital.<\/p>\n\n\n\n<p><strong>Las reformas prometidas no llegaron, algunas contrarreformas s\u00ed<\/strong><\/p>\n\n\n\n<p>Las reformas que el gobierno prometi\u00f3 no llegaron. En el mejor de los casos, por ejemplo, si en 2025 se aprueba la reforma laboral tal como est\u00e1 propuesta, esta se limita a devolver una parte de lo que nos quitaron, como las horas extras. Pero eso est\u00e1 por verse. Eso s\u00ed, v\u00eda la aprobaci\u00f3n del nuevo C\u00f3digo Procesal del Trabajo, ya se incluyeron muchos elementos de contrarreforma laboral en la legislaci\u00f3n, empezando por el recorte del\u00a0principio de desigualdad compensatoria que reg\u00eda el c\u00f3digo anterior, dejando como iguales a trabajadores y empresarios, sabiendo que estos \u00faltimos tienen muchas m\u00e1s ventajas. De otra parte,\u00a0la reforma pensional aprobada tiene m\u00e1s de contrarreforma que de reforma, entre otras cosas porque obliga a los trabajadores que tengan un sueldo de m\u00e1s de 2,3 salarios m\u00ednimos a entregarle parte de la pensi\u00f3n a los fondos privados que solo se dedican a la especulaci\u00f3n financiera;\u00a0mientras que la reforma a la salud va por mal camino, porque aunque no se aprob\u00f3, los empresarios avanzaron en garantizar que en la propuesta actual sus negocios (las EPS), como intermediadores, se mantengan, sin garantizar la atenci\u00f3n requerida y la entrega de medicamentos a los usuarios.<\/p>\n\n\n\n<p><strong>Reducci\u00f3n del salario m\u00ednimo<\/strong><\/p>\n\n\n\n<p>Todos los empresarios est\u00e1n llorando porque el \u201caumento\u201d del salario m\u00ednimo no fue igual al valor del \u00edndice de la inflaci\u00f3n, de 5,2 %, que ama\u00f1adamente reporta el DANE; lloran porque se aument\u00f3 4,34 miserables puntos por encima. No les importa la deuda social hist\u00f3rica que hay por este tema, pues el valor de la fuerza de trabajo, comparado con el costo de la canasta familiar b\u00e1sica, est\u00e1 por debajo casi en un 50%. Es decir, que mientras la canasta b\u00e1sica en 2025 estar\u00e1 costando m\u00e1s o menos $2.700.000, el salario m\u00ednimo queda en $1.423.500.<\/p>\n\n\n\n<p>Para los trabajadores, ese aumento nominal, al no estar acompa\u00f1ado de una pol\u00edtica de control de precios a los productos b\u00e1sicos, resultar\u00e1 siendo una reducci\u00f3n real, porque la mayor parte de los productos que hacen parte de la canasta b\u00e1sica est\u00e1n indexados al aumento del salario m\u00ednimo, entre ellos los servicios p\u00fablicos y el transporte.<\/p>\n\n\n\n<p><strong>Desempleo seg\u00fan el DANE versus desempleo real<\/strong><\/p>\n\n\n\n<p>El DANE reporta una poblaci\u00f3n trabajadora de 25.000.000, de la que&nbsp;12.866.150 se encuentran en situaci\u00f3n de informalidad, y&nbsp;un desempleo del 10.2% (ver tabla de datos abajo). Pero la trampa en estas cifras est\u00e1 en no reconocer que la poblaci\u00f3n con trabajo informal es poblaci\u00f3n desempleada, que est\u00e1 en lo que en Colombia llamamos el rebusque para sobrevivir, pues es poblaci\u00f3n que no tiene las garant\u00edas que s\u00ed tiene un trabajador asalariado. Para esconder la realidad de este ej\u00e9rcito industrial de reserva, de desempleados, se les otorga el t\u00edtulo de emprendedores (\u201cempresarios\u201d). Dejando a un lado al DANE, la realidad es que el desempleo est\u00e1 cercano al 60%.<\/p>\n\n\n\n<figure class=\"wp-block-image size-large\"><img data-recalc-dims=\"1\" loading=\"lazy\" decoding=\"async\" width=\"410\" height=\"1024\" src=\"https:\/\/i0.wp.com\/litci.org\/es\/wp-content\/uploads\/2025\/01\/Estadisticas-de-la-poblacion-410x1024.png?resize=410%2C1024&#038;ssl=1\" alt=\"\" class=\"wp-image-79126\" srcset=\"https:\/\/i0.wp.com\/litci.org\/es\/wp-content\/uploads\/2025\/01\/Estadisticas-de-la-poblacion.png?resize=410%2C1024&amp;ssl=1 410w, https:\/\/i0.wp.com\/litci.org\/es\/wp-content\/uploads\/2025\/01\/Estadisticas-de-la-poblacion.png?resize=120%2C300&amp;ssl=1 120w, https:\/\/i0.wp.com\/litci.org\/es\/wp-content\/uploads\/2025\/01\/Estadisticas-de-la-poblacion.png?resize=768%2C1920&amp;ssl=1 768w, https:\/\/i0.wp.com\/litci.org\/es\/wp-content\/uploads\/2025\/01\/Estadisticas-de-la-poblacion.png?w=800&amp;ssl=1 800w\" sizes=\"auto, (max-width: 410px) 100vw, 410px\" \/><\/figure>\n\n\n\n<p><strong>En seguridad a la clase trabajadora nos va mal, pero a los ricos en corrupci\u00f3n les va bien<\/strong><\/p>\n\n\n\n<p>Ante el alto porcentaje de desempleo, la redistribuci\u00f3n violenta del salario de los trabajadores, mediante el robo, el atraco y el asesinato tambi\u00e9n aumenta. Los \u00edndices de criminalidad en este campo cada vez son m\u00e1s altos. Sin embargo, esto lo aprovecha la burgues\u00eda en las elecciones como consigna electoral. Fue lo que hizo Uribe con su&nbsp;Seguridad&nbsp;Democr\u00e1tica, que termin\u00f3 en mayor sicariato paramilitar y juicios extrajudiciales (falsos positivos) ejecutados por el ej\u00e9rcito, y aumento de asesinato de dirigentes sindicales.<\/p>\n\n\n\n<p>A la burgues\u00eda y a muchos de sus funcionarios les fue bien en corrupci\u00f3n (como todos los a\u00f1os), porque mediante distintos mecanismos, uno de ellos el sistema de contrataci\u00f3n con el Estado, logran apropiarse de m\u00e1s de 50 billones de pesos por a\u00f1o, de manera impune. En el mejor de los casos, cuando son condenados por estos hechos, los delincuentes devuelven un 10%, negocian pena anticipada y les dan unos meses de casa por c\u00e1rcel para luego quedar completamente libres y disfrutar el desfalco.<\/p>\n\n\n\n<p>En conclusi\u00f3n, la situaci\u00f3n econ\u00f3mica y social para los trabajadores fue peor que el a\u00f1o anterior, mientras que para los ricos fue mucho mejor. Con este panorama insistimos, en que la \u00fanica forma para que los trabajadores lograremos mejorar nuestras condiciones de vida y la de los dem\u00e1s sectores empobrecidos de la sociedad, es a trav\u00e9s de la movilizaci\u00f3n directa, colectiva e independiente, retomando la experiencia y las exigencias del paro de 2021. Para esto, es necesario presionar a las direcciones de las centrales obreras, que tienen capacidad de movilizar, que dejen el cretinismo parlamentario y convoquen un encuentro nacional de trabajadores y sectores populares para organizar la movilizaci\u00f3n, como en 2021, y conquistar, en la calle, lo que no hemos logrado ni lograremos con la concertaci\u00f3n en el congreso, ni con las ilusas expectativas electorales.<\/p>\n\n\n\n<p><\/p>\n","protected":false},"excerpt":{"rendered":"<p>Por Partido Socialista de los Trabajadores &#8211; Colombia Al final de cada a\u00f1o, los medios de comunicaci\u00f3n publican un balance sobre c\u00f3mo le fue al \u201cpa\u00eds\u201d. Pero, \u00bfa qu\u00e9 pa\u00eds hacen referencia? Pues al pa\u00eds de los ricos, desde luego, los medios de comunicaci\u00f3n son de ellos. En ese sentido, todos los balances son sobre [&hellip;]<\/p>\n","protected":false},"author":14,"featured_media":79127,"menu_order":0,"comment_status":"open","ping_status":"open","sticky":false,"template":"","format":"standard","meta":{"jetpack_post_was_ever_published":false,"_jetpack_newsletter_access":"","_jetpack_dont_email_post_to_subs":false,"_jetpack_newsletter_tier_id":0,"_jetpack_memberships_contains_paywalled_content":false,"litci_post_political_author":"PST - Colombia","_jetpack_memberships_contains_paid_content":false,"footnotes":""},"categories":[2678,2659],"tags":[],"class_list":["post-79125","post","type-post","status-publish","format-standard","has-post-thumbnail","hentry","category-colombia","category-pst-colombia"],"jetpack_featured_media_url":"https:\/\/i0.wp.com\/litci.org\/es\/wp-content\/uploads\/2025\/01\/https___archive-images.prod_.global.a201836.reutersmedia.net_2021_04_29_LYNXMPEH3S1CH.jpg?fit=1280%2C720&ssl=1","fimg_url":"https:\/\/i0.wp.com\/litci.org\/es\/wp-content\/uploads\/2025\/01\/https___archive-images.prod_.global.a201836.reutersmedia.net_2021_04_29_LYNXMPEH3S1CH.jpg?fit=1280%2C720&ssl=1","categories_names":["Colombia","PST - Colombia"],"author_info":{"name":"leonardo","pic":"https:\/\/secure.gravatar.com\/avatar\/5b026831a33fc9397b874aaf2fbce7cc661697946383efa447f6bf2fd4c79d48?s=96&d=mm&r=g"},"political_author":"PST - Colombia","tagline":"","jetpack_sharing_enabled":true,"_links":{"self":[{"href":"https:\/\/litci.org\/es\/wp-json\/wp\/v2\/posts\/79125","targetHints":{"allow":["GET"]}}],"collection":[{"href":"https:\/\/litci.org\/es\/wp-json\/wp\/v2\/posts"}],"about":[{"href":"https:\/\/litci.org\/es\/wp-json\/wp\/v2\/types\/post"}],"author":[{"embeddable":true,"href":"https:\/\/litci.org\/es\/wp-json\/wp\/v2\/users\/14"}],"replies":[{"embeddable":true,"href":"https:\/\/litci.org\/es\/wp-json\/wp\/v2\/comments?post=79125"}],"version-history":[{"count":1,"href":"https:\/\/litci.org\/es\/wp-json\/wp\/v2\/posts\/79125\/revisions"}],"predecessor-version":[{"id":79128,"href":"https:\/\/litci.org\/es\/wp-json\/wp\/v2\/posts\/79125\/revisions\/79128"}],"wp:featuredmedia":[{"embeddable":true,"href":"https:\/\/litci.org\/es\/wp-json\/wp\/v2\/media\/79127"}],"wp:attachment":[{"href":"https:\/\/litci.org\/es\/wp-json\/wp\/v2\/media?parent=79125"}],"wp:term":[{"taxonomy":"category","embeddable":true,"href":"https:\/\/litci.org\/es\/wp-json\/wp\/v2\/categories?post=79125"},{"taxonomy":"post_tag","embeddable":true,"href":"https:\/\/litci.org\/es\/wp-json\/wp\/v2\/tags?post=79125"}],"curies":[{"name":"wp","href":"https:\/\/api.w.org\/{rel}","templated":true}]}}