{"id":78956,"date":"2024-12-07T15:32:44","date_gmt":"2024-12-07T15:32:44","guid":{"rendered":"https:\/\/litci.org\/es\/?p=78956"},"modified":"2025-01-23T12:35:45","modified_gmt":"2025-01-23T12:35:45","slug":"el-sionismo-durante-el-holocausto","status":"publish","type":"post","link":"https:\/\/litci.org\/es\/el-sionismo-durante-el-holocausto\/","title":{"rendered":"El sionismo durante el Holocausto"},"content":{"rendered":"\n<p>Por Alicia Sagra<\/p>\n\n\n\n<p>El sionismo se presenta ante el mundo, como heredero de las v\u00edctimas del Holocausto. A partir de eso, realizan todo tipo de amenazas, acusando, muchas veces judicialmente, de \u201cantisemitismo\u201d a quienes enfrentan al estado sionista de Israel en defensa de Palestina.<\/p>\n\n\n\n<p>Ese papel que se atribuye el sionismo, de representante de las v\u00edctimas del exterminio nazi, no tiene nada que ver con la verdad. En otros art\u00edculos ya lo hemos afirmado citando a destacados intelectuales jud\u00edos, como el historiador israel\u00ed Ilan Papp\u00e9<a href=\"#_ftn1\" id=\"_ftnref1\">[1]<\/a> o el norteamericano Ralph Schoenman<a href=\"#_ftn2\" id=\"_ftnref2\">[2]<\/a>, ahora tomaremos como referencia a un sobreviviente del holocausto, Rudolph Vrba, considerado un h\u00e9roe de los jud\u00edos.<\/p>\n\n\n\n<p>El 10 de abril de 1944, junto con Alfred Wetzler, Vrba, realiz\u00f3 la gran haza\u00f1a de escapar de Auschwitz con el objetivo de advertir a los jud\u00edos h\u00fangaros de los planes de los nazis de exterminar a la \u00faltima gran comunidad jud\u00eda sobreviviente en Europa.<\/p>\n\n\n\n<p>Su nombre volvi\u00f3 a tener repercusi\u00f3n internacional, con art\u00edculos publicados, en la Folha de S\u00e3o Paulo, en la BBC, y en otros medios, despu\u00e9s de que Jonathan Freedland y John Murray, publicaron (en abril de 2023) el Best Seller, <em>EL ARTISTA DEL ESCAPE: el hombre que se escap\u00f3 de Auschwitz para advertir al mundo<\/em>.<\/p>\n\n\n\n<p><a href=\"https:\/\/electronicintifada.net\/tags\/jonathan-freedland\" target=\"_blank\" rel=\"noopener\">Jonathan Freedland<\/a>&nbsp;es un destacado periodista del brit\u00e1nico&nbsp;<em>The Guardian<\/em>&nbsp;y columnista del&nbsp;sionista <em>Jewish Chronicle<\/em>&nbsp;.<\/p>\n\n\n\n<p>Como dice Tony Greenstein<a href=\"#_ftn3\" id=\"_ftnref3\">[3]<\/a>, en la <em>Intifada Electr\u00f3nica<\/em> del 22 de agosto de 2024, llama la atenci\u00f3n que ese conocido sionista liberal, escriba un libro reivindicando a un cr\u00edtico del sionismo.<\/p>\n\n\n\n<p>Greenstein plantea que: <em>El problema de Freedland al querer escribir sobre este h\u00e9roe jud\u00edo del Holocausto es que Vrba no era sionista. El movimiento sionista, debido a<\/em><em> la<\/em><em>&nbsp;<\/em><em>colaboraci\u00f3n con los nazis<\/em><em> <\/em><em>(su deseo de sacar provecho de su ascenso al poder), pr\u00e1cticamente no tiene en su haber ning\u00fan h\u00e9roe jud\u00edo de la resistencia antinazi.<\/em><\/p>\n\n\n\n<p><em>Noah Lucas, un historiador sionista cr\u00edtico, describi\u00f3 c\u00f3mo: \u201cCuando estall\u00f3 el holocausto europeo, [el m\u00e1s tarde primer ministro israel\u00ed, David] Ben-Gurion lo vio como una oportunidad decisiva para el sionismo\u2026 Ben-Gurion, m\u00e1s que todos los dem\u00e1s, percibi\u00f3 las tremendas posibilidades inherentes a la din\u00e1mica del caos y la carnicer\u00eda en Europa\u2026 En condiciones de paz, estaba claro que el sionismo no pod\u00eda conmover a las masas del juda\u00edsmo mundial. Por lo tanto, las fuerzas desatadas por Hitler en todo su horror deb\u00edan aprovecharse en beneficio del sionismo\u2026 A fines de 1942\u2026 la lucha por un estado jud\u00edo se convirti\u00f3 en la preocupaci\u00f3n principal del movimiento\u201d.<\/em><\/p>\n\n\n\n<p><em>Los pocos sionistas que lucharon en la Resistencia, como Chajka Klinger,<\/em><em> fueron extremadamente cr\u00edticos<\/em><em> <\/em><em>del papel que desempe\u00f1\u00f3 el movimiento sionista.<\/em><a href=\"#_ftn4\" id=\"_ftnref4\">[4]<\/a><\/p>\n\n\n\n<p><strong>Un pretendido homenaje, que falsea la historia del holocausto y del sionismo<\/strong><\/p>\n\n\n\n<p>El relato detallado de Vrba de los hechos ocurridos en Auschwitz, mostrando que no se trataba de un <em>campo de concentraci\u00f3n y trabajo<\/em>, sino de un <em>campo de exterminio<\/em>, sirvi\u00f3 de base para el <em>Informe Vrba-Wetzler<\/em> de 1944. Ese informe fue uno de los tres documentos, presentados juntos como los Protocolos&nbsp;de Auschwitz, como prueba en los juicios de N\u00faremberg (1945-1946).<\/p>\n\n\n\n<p>Todo eso es muy reivindicado en el libro de Freedland, quien adem\u00e1s hace grandes elogios a la astucia, la genialidad de ese escape, que parec\u00eda imposible, de uno de los m\u00e1s terribles campos de exterminio del nazismo.<\/p>\n\n\n\n<p>Pero Frredland esconde una parte significativa de la vida del \u201ch\u00e9roe de Auschwitz\u201d, lo que se convierte en una falsificaci\u00f3n hist\u00f3rica al servicio del sionismo.<\/p>\n\n\n\n<p>Vrba vivi\u00f3 en Eslovaquia, un estado t\u00edtere nazi que se hab\u00eda separado de Checoslovaquia cuando Hitler lo invadi\u00f3 y desmembr\u00f3 en 1939. En febrero de 1942 fue citado para presentarse a la deportaci\u00f3n. En marzo de 1942,&nbsp; huy\u00f3 a Hungr\u00eda y visit\u00f3 a los sionistas h\u00fangaros. Vrba describe,as\u00ed, lo que sucedi\u00f3:<\/p>\n\n\n\n<p><em>\u201c<\/em><em>Esa tarde fui a la Casa OMZ<\/em><em>S<\/em><em>A, la sede de la organizaci\u00f3n sionista en Budapest. All\u00ed le cont\u00e9 mi historia con todo detalle a un hombre de unos treinta y cinco a\u00f1os y rostro severo.<\/em><\/p>\n\n\n\n<p><em>Reflexion\u00f3 un momento antes de decir<\/em>:<\/p>\n\n\n\n<p><em>&nbsp;\u201cEst\u00e1s en Budapest ilegalmente. \u00bfEs eso lo que est\u00e1s tratando de decir?\u201d<\/em><\/p>\n\n\n\n<p><em>\u00abS\u00ed.\u00bb<\/em><\/p>\n\n\n\n<p><em>\u201c\u00bfNo sabes que est\u00e1s infringiendo la ley?\u201d<\/em><\/p>\n\n\n\n<p><em>Asent\u00ed, pregunt\u00e1ndome c\u00f3mo un hombre con un cr\u00e1neo tan duro pod\u00eda ocupar lo que parec\u00eda una posici\u00f3n de responsabilidad.<\/em><\/p>\n\n\n\n<p><em>\u201c\u00bfY esperas conseguir trabajo aqu\u00ed sin documentos?\u201d<\/em><\/p>\n\n\n\n<p><em>\u201cCon documentos falsos.\u201d<\/em><\/p>\n\n\n\n<p><em>Si hubiera roto el Talmud y me hubiera lanzado sobre \u00e9l, no creo que lo hubiera sorprendido m\u00e1s. Abri\u00f3 la boca una o dos veces y luego rugi\u00f3:<\/em><\/p>\n\n\n\n<p><em>\u201c\u00bfNo te das cuenta de que es mi deber entregarte a la polic\u00eda?\u201d<\/em><\/p>\n\n\n\n<p><em>Ahora me toc\u00f3 a m\u00ed quedarme boquiabierto. Un sionista entregaba a un jud\u00edo a la polic\u00eda fascista. Pens\u00e9 que me estaba volviendo loco.<\/em><\/p>\n\n\n\n<p><em>\u201c\u00a1Sal de aqu\u00ed! \u00a1Sal tan r\u00e1pido como un vendaval!\u201d<\/em><\/p>\n\n\n\n<p><em>Sal\u00ed completamente desconcertado. Pasaron casi tres a\u00f1os antes de que me diera cuenta de lo que representaban la Casa OMZsA y los hombres que all\u00ed se encontraban.<a href=\"#_ftn5\" id=\"_ftnref5\"><strong>[5]<\/strong><\/a><\/em><\/p>\n\n\n\n<p>Tampoco se menciona en ese libro de pretendido homenaje a Vrba, lo publicado por \u00e9ste&nbsp;en&nbsp;<em>The Observer<\/em><em> del 22 de setiembre de 1963<\/em>. En esa publicaci\u00f3n, respondiendo a Jacob Talmon, profesor de la Universidad Hebrea, quien critic\u00f3 Hannah Arendt<a href=\"#_ftn6\" id=\"_ftnref6\">[6]<\/a> por haber dicho que los Consejos Jud\u00edos colaboraron con los nazis,&nbsp; Vrba pregunt\u00f3:<\/p>\n\n\n\n<p><em>\u201c\u00bfEl Judenrat (<\/em><em>Consejo Jud\u00edo)<\/em><em> de Hungr\u00eda les dijo a sus jud\u00edos lo que les esperaba<\/em><em>? <\/em><em>No, se quedaron callados y por ese silencio algunos de sus l\u00edderes \u2013por ejemplo, Kasztner<a href=\"#_ftn7\" id=\"_ftnref7\"><strong>[7]<\/strong><\/a>\u2013 intercambiaron sus propias vidas y las vidas de otros 1.684 jud\u00edos \u201cprominentes\u201d directamente con Eichmann\u201d<\/em>.<a href=\"#_ftn8\" id=\"_ftnref8\">[8]<\/a><\/p>\n\n\n\n<p>Tampoco se menciona lo afirmado por Vrba en el&nbsp;<em>Daily Herald<\/em>&nbsp;de febrero de 1961: <em>\u201cSoy jud\u00edo. A pesar de eso, de hecho por eso, acuso a ciertos l\u00edderes jud\u00edos de uno de los hechos m\u00e1s espantosos de la guerra. Este peque\u00f1o grupo de traidores sab\u00eda lo que les estaba sucediendo a sus hermanos en las c\u00e1maras de gas de Hitler y compraron sus propias vidas con el precio del silencio\u2026 Pude avisar a los l\u00edderes sionistas h\u00fangaros con tres semanas de antelaci\u00f3n de que Eichmann planeaba enviar a un mill\u00f3n de sus jud\u00edos a sus c\u00e1maras de gas\u2026 Kasztner fue a ver a Eichmann y le dijo: \u201cConozco tus planes; perdona a algunos jud\u00edos de mi elecci\u00f3n y me quedar\u00e9 callado\u201d.<a href=\"#_ftn9\" id=\"_ftnref9\"><strong>[9]<\/strong><\/a><\/em><\/p>\n\n\n\n<p><em>Por supuesto, que igualmente, nada de esto es mencionado en los art\u00edculos de la Folha de S\u00e3o Paulo, ni de la BBC, a los que nos referimos anteriormente.<\/em><\/p>\n\n\n\n<p><em>Una vez m\u00e1s, estamos ante una manipulaci\u00f3n de la historia realizada por el sionismo, con el apoyo de la prensa internacional.<\/em><\/p>\n\n\n\n<p><strong>Sionismo no es sin\u00f3nimo de juda\u00edsmo, es sin\u00f3nimo de nazismo<\/strong><em>.<\/em><\/p>\n\n\n\n<p>Pero, a pesar de esas manipulaciones, el testimonio de Rudolph Vrba no puede ser tapado, y es otra prueba de que, lejos del sionismo ser representante de las v\u00edctimas del holocausto, fue un colaborador de sus ejecutores.<\/p>\n\n\n\n<p>Es el mismo sionismo que hoy, desde el Estado de Israel, aplica los m\u00e9todos del nazismo contra el pueblo palestino. Por eso, luchar por la destrucci\u00f3n del estado sionista de Israel, no es antisemitismo. Es una cuesti\u00f3n de humanidad. El genocidio en Gaza, los ataques en Cisjordania, los ataques al L\u00edbano, muestran que es imposible garantizar la vida y la libertad de los pueblos de la regi\u00f3n, mientras exista ese estado nazifascista. <\/p>\n\n\n\n<p>\u00a1Por un Estado Palestino \u00danico, Laico, Democr\u00e1tico y No Racista, del r\u00edo al mar!<\/p>\n\n\n\n<hr class=\"wp-block-separator has-alpha-channel-opacity\"\/>\n\n\n\n<p><a href=\"#_ftnref1\" id=\"_ftn1\">[1]<\/a> Ilan Papp\u00e9, <em>A Limpeza Etnica de Palestina<\/em>, Editora Sundermann<\/p>\n\n\n\n<p><a href=\"#_ftnref2\" id=\"_ftn2\">[2]<\/a> <em>Hist\u00f3ria oculta do sionismo<\/em>, Editora Sundermann<\/p>\n\n\n\n<p><a href=\"#_ftnref3\" id=\"_ftn3\">[3]<\/a> Tony Greenstein, autor del libro <em>El sionismo durante el holocausto<\/em> (2022), es un activista y escritor jud\u00edo-antisionista, brit\u00e1nico. Fue miembro fundador de la Campa\u00f1a de Solidaridad con Palestina. Se present\u00f3 al parlamento como representante de la Alianza por el Socialismo Verde. En 2018, fue expulsado del Partido Laborista acusado de antisemitismo.<\/p>\n\n\n\n<p><a href=\"#_ftnref4\" id=\"_ftn4\">[4]<\/a> <em>Intifada Electr\u00f3nica<\/em>, 22\/08\/ 2024<\/p>\n\n\n\n<p><a href=\"#_ftnref5\" id=\"_ftn5\">[5]<\/a> Autobiograf\u00eda de Vrba, citado por Tony Greenstein<\/p>\n\n\n\n<p><a href=\"#_ftnref6\" id=\"_ftn6\">[6]<\/a> Hannah Arendt fil\u00f3sofa y pol\u00edtica alemana de origem jud\u00edo (1906-1975)<\/p>\n\n\n\n<p><a href=\"#_ftnref7\" id=\"_ftn7\">[7]<\/a> Reszo Kasztner, l\u00edder sionista h\u00fangaro, fue quien recibi\u00f3 el informe Wetzler-Vrba, que no distribuy\u00f3. A\u00f1os despu\u00e9s, cuando hac\u00eda parte del gobierno de Israel fue acusado por un compatriota jud\u00edo h\u00fangaro de haber colaborado con los nazis. El gobierno impuls\u00f3 un juicio por calumnias contra el acusador. El juicio se volvi\u00f3 contra Kasztner cuando se comprob\u00f3 que hab\u00eda declarado a favor de criminales nazis en los juicios de Nuremberg. Kasztner fue asesinado por agentes del Shin Bet en 1957.<\/p>\n\n\n\n<p><a href=\"#_ftnref8\" id=\"_ftn8\">[8]<\/a> Citado por Tony Greenstein<\/p>\n\n\n\n<p><a href=\"#_ftnref9\" id=\"_ftn9\">[9]<\/a> Idem<\/p>\n","protected":false},"excerpt":{"rendered":"<p>Por Alicia Sagra El sionismo se presenta ante el mundo, como heredero de las v\u00edctimas del Holocausto. A partir de eso, realizan todo tipo de amenazas, acusando, muchas veces judicialmente, de \u201cantisemitismo\u201d a quienes enfrentan al estado sionista de Israel en defensa de Palestina. Ese papel que se atribuye el sionismo, de representante de las [&hellip;]<\/p>\n","protected":false},"author":14,"featured_media":78961,"menu_order":0,"comment_status":"open","ping_status":"open","sticky":false,"template":"","format":"standard","meta":{"jetpack_post_was_ever_published":false,"_jetpack_newsletter_access":"","_jetpack_dont_email_post_to_subs":false,"_jetpack_newsletter_tier_id":0,"_jetpack_memberships_contains_paywalled_content":false,"litci_post_political_author":"LITci","_jetpack_memberships_contains_paid_content":false,"footnotes":""},"categories":[18309],"tags":[],"class_list":["post-78956","post","type-post","status-publish","format-standard","has-post-thumbnail","hentry","category-especial-palestina"],"jetpack_featured_media_url":"https:\/\/i0.wp.com\/litci.org\/es\/wp-content\/uploads\/2024\/12\/auschtwitz-liberacion-k4KH-1248x698%40abc.jpg?fit=1248%2C698&ssl=1","fimg_url":"https:\/\/i0.wp.com\/litci.org\/es\/wp-content\/uploads\/2024\/12\/auschtwitz-liberacion-k4KH-1248x698%40abc.jpg?fit=1248%2C698&ssl=1","categories_names":["Especial Palestina"],"author_info":{"name":"leonardo","pic":"https:\/\/secure.gravatar.com\/avatar\/5b026831a33fc9397b874aaf2fbce7cc661697946383efa447f6bf2fd4c79d48?s=96&d=mm&r=g"},"political_author":"LITci","tagline":"","jetpack_sharing_enabled":true,"_links":{"self":[{"href":"https:\/\/litci.org\/es\/wp-json\/wp\/v2\/posts\/78956","targetHints":{"allow":["GET"]}}],"collection":[{"href":"https:\/\/litci.org\/es\/wp-json\/wp\/v2\/posts"}],"about":[{"href":"https:\/\/litci.org\/es\/wp-json\/wp\/v2\/types\/post"}],"author":[{"embeddable":true,"href":"https:\/\/litci.org\/es\/wp-json\/wp\/v2\/users\/14"}],"replies":[{"embeddable":true,"href":"https:\/\/litci.org\/es\/wp-json\/wp\/v2\/comments?post=78956"}],"version-history":[{"count":1,"href":"https:\/\/litci.org\/es\/wp-json\/wp\/v2\/posts\/78956\/revisions"}],"predecessor-version":[{"id":78962,"href":"https:\/\/litci.org\/es\/wp-json\/wp\/v2\/posts\/78956\/revisions\/78962"}],"wp:featuredmedia":[{"embeddable":true,"href":"https:\/\/litci.org\/es\/wp-json\/wp\/v2\/media\/78961"}],"wp:attachment":[{"href":"https:\/\/litci.org\/es\/wp-json\/wp\/v2\/media?parent=78956"}],"wp:term":[{"taxonomy":"category","embeddable":true,"href":"https:\/\/litci.org\/es\/wp-json\/wp\/v2\/categories?post=78956"},{"taxonomy":"post_tag","embeddable":true,"href":"https:\/\/litci.org\/es\/wp-json\/wp\/v2\/tags?post=78956"}],"curies":[{"name":"wp","href":"https:\/\/api.w.org\/{rel}","templated":true}]}}