{"id":78736,"date":"2024-11-03T23:13:49","date_gmt":"2024-11-03T23:13:49","guid":{"rendered":"https:\/\/litci.org\/es\/?p=78736"},"modified":"2025-05-24T17:55:43","modified_gmt":"2025-05-24T17:55:43","slug":"las-tasas-de-la-fed-y-las-elecciones-en-ee-uu","status":"publish","type":"post","link":"https:\/\/litci.org\/es\/las-tasas-de-la-fed-y-las-elecciones-en-ee-uu\/","title":{"rendered":"Las tasas de la Fed y las elecciones en EE. UU."},"content":{"rendered":"\n<p><em>Recientemente, luego de varios a\u00f1os de tasas \u201caltas\u201d, la Reserva Federal de EE. UU. (Fed) rebaj\u00f3 la tasa de inter\u00e9s que paga por los Bonos del Tesoro y anunci\u00f3 nuevas rebajas para 2025. \u00bfCu\u00e1l es el significado de esta medida? \u00bfQu\u00e9 relaci\u00f3n tiene con las pr\u00f3ximas elecciones presidenciales en ese pa\u00eds?<\/em><\/p>\n\n\n\n<p>Por Alejandro Iturbe<em>&nbsp;<\/em><\/p>\n\n\n\n<p>La Fed es el Banco Central de EE.UU., responsable del atesoramiento del oro y otras reservas monetarias de este pa\u00eds, de la emisi\u00f3n de d\u00f3lares-billetes y tambi\u00e9n de los Bonos del Tesoro que se venden en su pa\u00eds y en todo el mundo, por los que paga una tasa de inter\u00e9s. A diferencia de los bancos centrales de otros pa\u00edses, la Fed tiene autonom\u00eda y puede tomar sus propias decisiones de modo independiente del gobierno de turno.<\/p>\n\n\n\n<p>En un art\u00edculo de abril pasado, referido a la pol\u00edtica de tasas de la Fed, se\u00f1alamos: \u201c<em>estas definiciones se basan siempre en una evaluaci\u00f3n de la situaci\u00f3n y de la din\u00e1mica de las finanzas y de la econom\u00eda del pa\u00eds y tienen una gran influencia en ellas. Al mismo tiempo, tambi\u00e9n tienen un gran impacto en todo el mundo, ya que la tasa de la Fed es tomada como \u2018tasa base de referencia\u2019, de la que cobran los bancos de todo el mundo [y el FMI] por sus pr\u00e9stamos\u201d<\/em>[<a href=\"https:\/\/litci.org\/es\/las-tasas-de-la-fed-y-la-situacion-de-la-economia-de-estados-unidos\/?utm_source=copylink&amp;utm_medium=browser\">1<\/a>]<em>.<\/em><\/p>\n\n\n\n<p><em>En el momento en que escribimos ese art\u00edculo hab\u00eda un debate entre los economistas y los analistas del imperialismo estadounidense sobre la din\u00e1mica de la econom\u00eda del pa\u00eds (algunos opinaban que \u201clas cosas iban bien\u201d y otros que ya se hab\u00eda entrado en una din\u00e1mica hacia la recesi\u00f3n). El debate se extend\u00eda a qu\u00e9 pol\u00edtica de tasas deb\u00eda tener la Fed.<\/em><em><\/em><\/p>\n\n\n\n<p><em>Los primeros dec\u00edan que hab\u00eda que mantener las tasas altas (con el objetivo de \u201csecar el mercado\u201d de dinero y as\u00ed seguir bajando y manteniendo la inflaci\u00f3n controlada). Los segundos afirmaban que ten\u00eda que bajar las tasas, para as\u00ed abaratar el costo del dinero y de los cr\u00e9ditos para alentar las inversiones y el consumo porque lo principal era cortar la din\u00e1mica hacia la recesi\u00f3n. <\/em><em><\/em><\/p>\n\n\n\n<p><em><strong>\u00bfDe d\u00f3nde se viene?<\/strong><\/em><em><strong><\/strong><\/em><\/p>\n\n\n\n<p><em>En ese art\u00edculo de abril, para analizar la situaci\u00f3n de la econom\u00eda estadounidense, expresamos que hab\u00eda que <\/em><em>\u201cconsiderar el concepto de \u2018ciclos cortos\u2019 analizado por Marx al estudiar la econom\u00eda capitalista\u201d<\/em> con fases ascendentes y descendentes en secuencias alternativas.<\/p>\n\n\n\n<p>Con ese marco conceptual, analizamos <em>\u201cc\u00f3mo esta secuencia de ciclos se dio en los \u00faltimos a\u00f1os en EE.UU.<\/em>\u201d. A finales de 2019, la econom\u00eda estadounidense ya evidenciaba haberse \u201cfrenado\u201d, y comenzaba a entrar en un ciclo descendente (en el primer trimestre de 2020, cay\u00f3 -1,2%). El impacto de la \u201cpandemia\u201d provoc\u00f3 una ca\u00edda hist\u00f3rica del PIB en el segundo trimestre (cerca de -10%). Es decir, profundiz\u00f3 al extremo el efecto de una fase descendente. Frente a la gran ca\u00edda de sus ganancias, la burgues\u00eda estadounidense comenz\u00f3 a aplicar la criminal pol\u00edtica de la \u201cnueva normalidad\u201d. As\u00ed, consigui\u00f3 el final abrupto de la fase descendente y se inici\u00f3 una recuperaci\u00f3n, a partir del tercer trimestre de 2020, que continu\u00f3 en 2021.<\/p>\n\n\n\n<p>All\u00ed entraron a jugar los tres grandes paquetes financieros escalonados, lanzados por el gobierno de Joe Biden para impulsar esa recuperaci\u00f3n. Incluso con el impacto que esos paquetes tuvieron sobre la econom\u00eda estadounidense, caracterizamos que se trataba de <em>\u201cUna recuperaci\u00f3n an\u00e9mica y con muchos problemas\u201d<\/em><a href=\"#_ftn1\" id=\"_ftnref1\">[1]<\/a>.<\/p>\n\n\n\n<p>Uno de los problemas era la inflaci\u00f3n: en 2021, lleg\u00f3 a 7% anual (la m\u00e1s alta desde 1982) y tuvo picos m\u00e1s altos al a\u00f1o siguiente, lo que generaba descontento social y conflictos laborales. En ese momento, la Fed comenz\u00f3 a subir sus tasas para \u201csecar el mercado\u201d (extraer dinero de circulaci\u00f3n). As\u00ed consigui\u00f3 ir bajando la inflaci\u00f3n pero sin llegar todav\u00eda al objetivo de 2% que se hab\u00eda dado.<\/p>\n\n\n\n<figure class=\"wp-block-image size-full\"><img data-recalc-dims=\"1\" loading=\"lazy\" decoding=\"async\" width=\"546\" height=\"307\" src=\"https:\/\/i0.wp.com\/litci.org\/es\/wp-content\/uploads\/2024\/11\/Imagem1-Fed.jpg?resize=546%2C307&#038;ssl=1\" alt=\"\" class=\"wp-image-78779\" srcset=\"https:\/\/i0.wp.com\/litci.org\/es\/wp-content\/uploads\/2024\/11\/Imagem1-Fed.jpg?w=546&amp;ssl=1 546w, https:\/\/i0.wp.com\/litci.org\/es\/wp-content\/uploads\/2024\/11\/Imagem1-Fed.jpg?resize=300%2C169&amp;ssl=1 300w\" sizes=\"auto, (max-width: 546px) 100vw, 546px\" \/><\/figure>\n\n\n\n<p><strong>No hubo recesi\u00f3n sino una meseta<\/strong><\/p>\n\n\n\n<p>Al mismo tiempo, este tipo de pol\u00edtica monetarista tuvo el efecto de poner un freno a la recuperaci\u00f3n. Analicemos el siguiente cuadro de evoluci\u00f3n del PIB estadounidense:<\/p>\n\n\n\n<figure class=\"wp-block-image size-full\"><img data-recalc-dims=\"1\" loading=\"lazy\" decoding=\"async\" width=\"546\" height=\"411\" src=\"https:\/\/i0.wp.com\/litci.org\/es\/wp-content\/uploads\/2024\/11\/Imagem2-Fed.jpg?resize=546%2C411&#038;ssl=1\" alt=\"\" class=\"wp-image-78780\" srcset=\"https:\/\/i0.wp.com\/litci.org\/es\/wp-content\/uploads\/2024\/11\/Imagem2-Fed.jpg?w=546&amp;ssl=1 546w, https:\/\/i0.wp.com\/litci.org\/es\/wp-content\/uploads\/2024\/11\/Imagem2-Fed.jpg?resize=300%2C226&amp;ssl=1 300w\" sizes=\"auto, (max-width: 546px) 100vw, 546px\" \/><\/figure>\n\n\n\n<p>En este cuadro, con datos y previsiones de la propia Fed, vemos que, luego de la fuerte recuperaci\u00f3n de 2021, esa din\u00e1mica se fren\u00f3 en 2022, subi\u00f3 un poco en 2023, cay\u00f3 a 2% en 2024, y se prev\u00e9 que cifras anuales similares se repitan en los a\u00f1os siguientes. En otras palabras, la econom\u00eda estadounidense no habr\u00eda entrado abiertamente en recesi\u00f3n y una din\u00e1mica de plano inclinado sino en una larga meseta de estancamiento con un crecimiento muy d\u00e9bil.<\/p>\n\n\n\n<p>Otro dato al que los analistas especializados del imperialismo dan mucha importancia para evaluar las posibles din\u00e1micas de la econom\u00eda es la creaci\u00f3n de empleo. En este caso, tambi\u00e9n se verifica un estancamiento: la creaci\u00f3n de empleo est\u00e1 siendo mucho m\u00e1s d\u00e9bil que lo previsto por la Fed y as\u00ed lo expresaron datos de los \u00faltimos meses y el informe a\u00fan no publicado de octubre de 2024<a href=\"#_ftn2\" id=\"_ftnref2\">[2]<\/a>. Incluso, algunos an\u00e1lisis prev\u00e9n que, luego de la ca\u00edda del pico de desempleo que hubo con la pandemia, est\u00e1 volviendo a aumentar el desempleo, como muestra el cuadro a continuaci\u00f3n.<\/p>\n\n\n\n<figure class=\"wp-block-image size-full\"><img data-recalc-dims=\"1\" loading=\"lazy\" decoding=\"async\" width=\"546\" height=\"307\" src=\"https:\/\/i0.wp.com\/litci.org\/es\/wp-content\/uploads\/2024\/11\/Imagem3-Fed.jpg?resize=546%2C307&#038;ssl=1\" alt=\"\" class=\"wp-image-78782\" srcset=\"https:\/\/i0.wp.com\/litci.org\/es\/wp-content\/uploads\/2024\/11\/Imagem3-Fed.jpg?w=546&amp;ssl=1 546w, https:\/\/i0.wp.com\/litci.org\/es\/wp-content\/uploads\/2024\/11\/Imagem3-Fed.jpg?resize=300%2C169&amp;ssl=1 300w\" sizes=\"auto, (max-width: 546px) 100vw, 546px\" \/><\/figure>\n\n\n\n<p>La pol\u00edtica de \u201csecar el mercado\u201d tuvo otras consecuencias, ya que debilit\u00f3 las inversiones en acciones de las empresas privadas, especialmente las m\u00faltiples&nbsp;<em>startups<\/em>&nbsp;dedicadas a la tecnolog\u00eda y su aplicaci\u00f3n, que hab\u00edan surgido en los \u00faltimos a\u00f1os.<\/p>\n\n\n\n<p>Estas&nbsp;<em>startups<\/em>&nbsp;entraron en crisis y eso impact\u00f3 duramente sobre algunos bancos cuyos negocios se centraban en ellas, y los llev\u00f3 a la quiebra. Esta crisis bancaria amenazaba extenderse al sistema bancario del pa\u00eds. La intervenci\u00f3n del gobierno de Biden (respaldando el pago de dep\u00f3sitos) y la compra del First Republic Bank por parte de JP Morgan contuvieron la expansi\u00f3n de la crisis bancaria y evitaron que se produjese una situaci\u00f3n como la que se deton\u00f3 en 2008 con la quiebra del Lehman Brothers. Pero la situaci\u00f3n pod\u00eda reabrirse si la econom\u00eda estadounidense entraba abiertamente en recesi\u00f3n.<\/p>\n\n\n\n<p><strong>\u00bfQu\u00e9 puede pasar ahora?<\/strong><\/p>\n\n\n\n<p>En este marco, con una inflaci\u00f3n que considera relativamente controlada, la Fed cambi\u00f3 su pol\u00edtica de tasas altas y comenz\u00f3 a bajarlas gradualmente. Intenta abaratar los cr\u00e9ditos y los pr\u00e9stamos, alentar el consumo y las inversiones y, por esa v\u00eda, retomar una fase de crecimiento. O, por lo menos, que la meseta no derive en el plano inclinado de una recesi\u00f3n abierta. Esencialmente, busca que no aumenten el desempleo y los conflictos sociales. \u00bfLo conseguir\u00e1?<\/p>\n\n\n\n<p>Nuevamente, sobre esto hay debates. Algunos analistas consideran que la econom\u00eda estadounidense es <em>\u201crobusta y resiliente\u201d<\/em> (m\u00e1s a\u00fan si se la compara con la situaci\u00f3n de los pa\u00edses imperialistas europeos) y que, en poco tiempo, sobre esta \u201cbase s\u00f3lida\u201d, la rebaja de tasas de la Fed tendr\u00e1 su efecto \u201cben\u00e9fico\u201d<a href=\"#_ftn3\" id=\"_ftnref3\">[3]<\/a>. Otros toman distancia, dicen que, por ahora, la medida tuvo poco efecto inmediato y que hay que \u201cesperar y ver\u201d la \u201cdin\u00e1mica de los mercados\u201d<a href=\"#_ftn4\" id=\"_ftnref4\">[4]<\/a>.<\/p>\n\n\n\n<p>Por nuestra parte, como hemos dicho, nuestra evaluaci\u00f3n de los datos y su din\u00e1mica parten de un enfoque conceptual distinto, que nos suministra el marxismo. Desde este punto de vista, los diferentes elementos que se combinan en la realidad (la escasa inversi\u00f3n productiva de la burgues\u00eda, la baja creaci\u00f3n de empleo, la disminuci\u00f3n de las tasas de beneficios empresariales a nivel del conjunto de la econom\u00eda, como se\u00f1al\u00f3 el economista marxista Michael Roberts) indican que se est\u00e1 en el fin de la fase ascendente y que, como hip\u00f3tesis m\u00e1s probable, se aproxima una recesi\u00f3n y una fase descendente.<\/p>\n\n\n\n<p>Las pol\u00edticas monetaristas (como la rebaja de las tasas de la Fed) pueden atenuar y retardar esta din\u00e1mica objetiva (\u201camesetarla\u201d), pero no revertirla. Al mismo tiempo, es necesario considerar el car\u00e1cter cada vez m\u00e1s especulativo y parasitario de la econom\u00eda del capitalismo imperialista, que se \u201cdevora\u201d gran parte de las \u201cayudas\u201d e \u201cincentivos\u201d y solo dedica una parte menor a las inversiones productivas.<\/p>\n\n\n\n<p><strong>Tasas, econom\u00eda y elecciones<\/strong><\/p>\n\n\n\n<p>Para completar el cuadro, el pa\u00eds \u00b4vive los \u00faltimos d\u00edas de un proceso electoral muy re\u00f1ido entre la dem\u00f3crata Kamala Harris (en el gobierno) y el republicano Donald Trump (opositor). Ambos partidos y candidatos representan los intereses de la burgues\u00eda imperialista estadounidense, lo que los lleva a tener muchas coincidencias en sus pol\u00edticas de fondo<a href=\"#_ftn5\" id=\"_ftnref5\">[5]<\/a>.<\/p>\n\n\n\n<p>Al mismo tiempo, por un lado, expresan a sectores diferentes de esa burgues\u00eda y, por el otro, se apoyan electoralmente en distintas bases sociales. Por eso, sus \u201cdiscursos\u201d son diferentes y, en el marco del r\u00e9gimen pol\u00edtico bipartidista, intentan presentarse a las masas como las \u00fanicas dos alternativas electorales posibles.<\/p>\n\n\n\n<p>No es el objetivo de este art\u00edculo analizar los muchos debates que se dan entre ambos discursos, en diversos campos. Lo que queremos se\u00f1alar es que, en EE. UU., en elecciones presidenciales tan parejas, lo que define el resultado es la percepci\u00f3n de los votantes sobre su situaci\u00f3n econ\u00f3mica personal. Si perciben que \u201clas cosas van m\u00e1s o menos bien\u201d van a tender a apoyar a quien ven\u00eda gobernando (Harris). Si es lo contario, tender\u00e1n hacia la oposici\u00f3n (Trump).<\/p>\n\n\n\n<p>Esto es especialmente v\u00e1lido para los llamados \u201cEstados p\u00e9ndulo\u201d (aquellos que no est\u00e1n \u201catados\u201d a uno u otro partido y cuyos resultados han variado en distintas elecciones). En el sistema estadounidense, la elecci\u00f3n presidencial es definida no por el voto popular sino por el colegio electoral, con representantes de cada Estado. En ellos, el partido que logra la mayor\u00eda se lleva todos los representantes. Por eso, el resultado de los \u201cEstados p\u00e9ndulo\u201d es el que acabar\u00e1 defiendo qui\u00e9n ser\u00e1 el pr\u00f3ximo presidente de EE. UU. La percepci\u00f3n de los votantes sobre la marcha de la econom\u00eda ser\u00e1 clave para ello<a href=\"#_ftn6\" id=\"_ftnref6\">[6]<\/a>.&nbsp;&nbsp;&nbsp;&nbsp;&nbsp;&nbsp;<\/p>\n\n\n\n<p>Como hemos visto, algunos analistas consideran que <em>\u201cla econom\u00eda estadounidense deber\u00eda ayudar a Harris\u201d<a href=\"#_ftn7\" id=\"_ftnref7\"><strong>[7]<\/strong><\/a>.<\/em> Otros dicen que si bien la econom\u00eda estadounidense \u201cgoza de buena salud\u201d, esto <em>\u201cno convence\u201d<\/em> a los votantes, que no perciben mejor\u00eda en su situaci\u00f3n personal<a href=\"#_ftn8\" id=\"_ftnref8\">[8]<\/a>.<\/p>\n\n\n\n<p>Aqu\u00ed es necesario introducir otro elemento de la \u201cpercepci\u00f3n\u201d de los votantes sobre los candidatos. Una encuesta reciente mostraba que 55% opinaba que Trump <em>\u201c<\/em><em>har\u00e1 un mejor trabajo en materia econ\u00f3mica\u201d,<\/em> contra 42% para Harris. Un par de semanas despu\u00e9s, la diferencia se redujo a 52\/45, pero a\u00fan es amplia<a href=\"#_ftn9\" id=\"_ftnref9\">[9]<\/a>.<\/p>\n\n\n\n<p>Volviendo al tema de la rebaja de las tasas de la Fed, esta se presenta como una medida que beneficiar\u00e1 la din\u00e1mica de la econom\u00eda y la creaci\u00f3n de empleo. En este campo, Trump puede decir que reclama esa rebaja hace a\u00f1os y que, cuando fue presidente, se pele\u00f3 con la Fed por no hacerla<a href=\"#_ftn10\" id=\"_ftnref10\">[10]<\/a>.<\/p>\n\n\n\n<p>En pocos d\u00edas m\u00e1s, sabremos qui\u00e9n ser\u00e1 el pr\u00f3ximo presidente de EE. UU. Cualquiera sea el resultado, la clase trabajadora estadounidense seguir\u00e1 teniendo la necesidad de romper la trampa bipartidista burguesa imperialista y construir su propio partido<a href=\"#_ftn11\" id=\"_ftnref11\">[11]<\/a>.<\/p>\n\n\n\n<hr class=\"wp-block-separator has-alpha-channel-opacity\"\/>\n\n\n\n<p><a href=\"#_ftnref1\" id=\"_ftn1\">[1]<\/a> <a href=\"https:\/\/litci.org\/es\/67115-2\/\">https:\/\/litci.org\/es\/67115-2\/<\/a><\/p>\n\n\n\n<p><a href=\"#_ftnref2\" id=\"_ftn2\">[2]<\/a> https:\/\/www.ambito.com\/finanzas\/el-proximo-informe-empleo-eeuu-podria-complicar-el-panorama-cuales-son-las-razones-y-como-lo-evaluara-la-fed-n6075736<\/p>\n\n\n\n<p><a href=\"#_ftnref3\" id=\"_ftn3\">[3]<\/a> https:\/\/www.infobae.com\/economist\/2024\/10\/28\/la-economia-estadounidense-deberia-ayudar-a-kamala-harris\/<\/p>\n\n\n\n<p><a href=\"#_ftnref4\" id=\"_ftn4\">[4]<\/a> https:\/\/eleconomista.com.ar\/finanzas\/la-fed-fuerte-tasa-pero-hizo-mucho-ruido-n77692<\/p>\n\n\n\n<p><a href=\"#_ftnref5\" id=\"_ftn5\">[5]<\/a> Ver, por ejemplo: <a href=\"https:\/\/litci.org\/es\/elecciones-en-ee-uu-ninguno-de-los-partidos-pondra-fin-a-la-crisis-de-las-familias\/?utm_source=copylink&amp;utm_medium=browser\">https:\/\/litci.org\/es\/elecciones-en-ee-uu-ninguno-de-los-partidos-pondra-fin-a-la-crisis-de-las-familias\/?utm_source=copylink&amp;utm_medium=browser<\/a> y <a href=\"https:\/\/litci.org\/es\/harris-contra-trump-quien-es-el-vocero-mas-orgulloso-del-fracking\/?utm_source=copylink&amp;utm_medium=browser\">https:\/\/litci.org\/es\/harris-contra-trump-quien-es-el-vocero-mas-orgulloso-del-fracking\/?utm_source=copylink&amp;utm_medium=browser<\/a><\/p>\n\n\n\n<p><a href=\"#_ftnref6\" id=\"_ftn6\">[6]<\/a> https:\/\/www.clarin.com\/mundo\/elecciones-estados-unidos-pennsylvania-economia-define-voto_0_vsxNDazl2p.html?srsltid=AfmBOop1U-Q4aRowUZNH89odyIrEVGQupwM5sx_Zawjs1j-od7aRAIl9<\/p>\n\n\n\n<p><a href=\"#_ftnref7\" id=\"_ftn7\">[7]<\/a> https:\/\/www.infobae.com\/economist\/2024\/10\/28\/la-economia-estadounidense-deberia-ayudar-a-kamala-harris\/<\/p>\n\n\n\n<p><a href=\"#_ftnref8\" id=\"_ftn8\">[8]<\/a> <a href=\"https:\/\/efe.com\/economia\/2024-10-31\/economia-ee-uu-elecciones\/\" target=\"_blank\" rel=\"noopener\">https:\/\/efe.com\/economia\/2024-10-31\/economia-ee-uu-elecciones\/<\/a><\/p>\n\n\n\n<p><a href=\"#_ftnref9\" id=\"_ftn9\">[9]<\/a> Ver referencia anterior.<\/p>\n\n\n\n<p><a href=\"#_ftnref10\" id=\"_ftn10\">[10]<\/a> <a href=\"https:\/\/www.cronista.com\/finanzasmercados\/Trump-furioso-con-la-Reserva-Federal-Otra-vez-Powell-nos-decepciono-20190731-0039.html\" target=\"_blank\" rel=\"noopener\">https:\/\/www.cronista.com\/finanzasmercados\/Trump-furioso-con-la-Reserva-Federal-Otra-vez-Powell-nos-decepciono-20190731-0039.html<\/a><\/p>\n\n\n\n<p><a href=\"#_ftnref11\" id=\"_ftn11\">[11]<\/a> https:\/\/litci.org\/es\/si-necesitamos-un-partido-obrero\/?utm_source=copylink&amp;utm_medium=browser&nbsp;&nbsp;&nbsp;&nbsp;&nbsp;&nbsp;&nbsp;&nbsp;&nbsp;&nbsp;&nbsp;&nbsp;&nbsp;<\/p>\n\n\n\n<hr class=\"wp-block-separator has-alpha-channel-opacity\"\/>\n","protected":false},"excerpt":{"rendered":"<p>Recientemente, luego de varios a\u00f1os de tasas \u201caltas\u201d, la Reserva Federal de EE. UU. (Fed) rebaj\u00f3 la tasa de inter\u00e9s que paga por los Bonos del Tesoro y anunci\u00f3 nuevas rebajas para 2025. \u00bfCu\u00e1l es el significado de esta medida? \u00bfQu\u00e9 relaci\u00f3n tiene con las pr\u00f3ximas elecciones presidenciales en ese pa\u00eds? Por Alejandro Iturbe&nbsp; La [&hellip;]<\/p>\n","protected":false},"author":14,"featured_media":78737,"menu_order":0,"comment_status":"open","ping_status":"open","sticky":false,"template":"","format":"standard","meta":{"jetpack_post_was_ever_published":false,"_jetpack_newsletter_access":"","_jetpack_dont_email_post_to_subs":false,"_jetpack_newsletter_tier_id":0,"_jetpack_memberships_contains_paywalled_content":false,"litci_post_political_author":"","_jetpack_memberships_contains_paid_content":false,"footnotes":""},"categories":[2695],"tags":[],"class_list":["post-78736","post","type-post","status-publish","format-standard","has-post-thumbnail","hentry","category-estados-unidos"],"jetpack_featured_media_url":"https:\/\/i0.wp.com\/litci.org\/es\/wp-content\/uploads\/2024\/11\/20241007-steinberg-politica-economica-eeuu-tras-las-elecciones.jpg?fit=1920%2C1080&ssl=1","fimg_url":"https:\/\/i0.wp.com\/litci.org\/es\/wp-content\/uploads\/2024\/11\/20241007-steinberg-politica-economica-eeuu-tras-las-elecciones.jpg?fit=1920%2C1080&ssl=1","categories_names":["Estados Unidos"],"author_info":{"name":"leonardo","pic":"https:\/\/secure.gravatar.com\/avatar\/5b026831a33fc9397b874aaf2fbce7cc661697946383efa447f6bf2fd4c79d48?s=96&d=mm&r=g"},"political_author":null,"tagline":"","jetpack_sharing_enabled":true,"_links":{"self":[{"href":"https:\/\/litci.org\/es\/wp-json\/wp\/v2\/posts\/78736","targetHints":{"allow":["GET"]}}],"collection":[{"href":"https:\/\/litci.org\/es\/wp-json\/wp\/v2\/posts"}],"about":[{"href":"https:\/\/litci.org\/es\/wp-json\/wp\/v2\/types\/post"}],"author":[{"embeddable":true,"href":"https:\/\/litci.org\/es\/wp-json\/wp\/v2\/users\/14"}],"replies":[{"embeddable":true,"href":"https:\/\/litci.org\/es\/wp-json\/wp\/v2\/comments?post=78736"}],"version-history":[{"count":2,"href":"https:\/\/litci.org\/es\/wp-json\/wp\/v2\/posts\/78736\/revisions"}],"predecessor-version":[{"id":78783,"href":"https:\/\/litci.org\/es\/wp-json\/wp\/v2\/posts\/78736\/revisions\/78783"}],"wp:featuredmedia":[{"embeddable":true,"href":"https:\/\/litci.org\/es\/wp-json\/wp\/v2\/media\/78737"}],"wp:attachment":[{"href":"https:\/\/litci.org\/es\/wp-json\/wp\/v2\/media?parent=78736"}],"wp:term":[{"taxonomy":"category","embeddable":true,"href":"https:\/\/litci.org\/es\/wp-json\/wp\/v2\/categories?post=78736"},{"taxonomy":"post_tag","embeddable":true,"href":"https:\/\/litci.org\/es\/wp-json\/wp\/v2\/tags?post=78736"}],"curies":[{"name":"wp","href":"https:\/\/api.w.org\/{rel}","templated":true}]}}