{"id":77647,"date":"2024-10-30T02:19:40","date_gmt":"2024-10-30T02:19:40","guid":{"rendered":"https:\/\/litci.org\/es\/?p=77647"},"modified":"2024-11-03T13:27:32","modified_gmt":"2024-11-03T13:27:32","slug":"se-hace-la-luz-para-la-empresa-privada","status":"publish","type":"post","link":"https:\/\/litci.org\/es\/se-hace-la-luz-para-la-empresa-privada\/","title":{"rendered":"Se hace la luz para la empresa privada"},"content":{"rendered":"\n<p><em>Publicamos este art\u00edculo de la Revista Crisis del 28 de octubre \u00faltimo. \u00abCrisis\u00bb es una revista digital, que naci\u00f3 con el objetivo de presentar una nueva referencia de izquierda en Ecuador. Con esta publicaci\u00f3n concretamos una colaboraci\u00f3n entre los dos medios, a trav\u00e9s de intercambio de art\u00edculos.<\/em><\/p>\n\n\n\n<p><strong>El Ecuador se adentra en su segunda semana de cortes masivos de 14 horas a nivel nacional y a su segundo mes de emergencia energ\u00e9tica.<\/strong>&nbsp;Tal resulta ser la aparente incertidumbre y pasividad del gobierno, que Daniel Noboa se ve en la necesidad de declarar un feriado energ\u00e9tico obligatorio para el 31 de octubre, con la excusa de impulsar el sector tur\u00edstico.&nbsp;<strong>Como si con tanta precarizaci\u00f3n y encima sin luz, la poblaci\u00f3n se aventurar\u00eda a viajar en un feriado alargado, que como la misma crisis es autoinducido.<\/strong><\/p>\n\n\n\n<figure class=\"wp-block-image size-full\"><img data-recalc-dims=\"1\" loading=\"lazy\" decoding=\"async\" width=\"1024\" height=\"768\" src=\"https:\/\/i0.wp.com\/litci.org\/es\/wp-content\/uploads\/2024\/10\/Quito-Apagon-1.jpg?resize=1024%2C768&#038;ssl=1\" alt=\"\" class=\"wp-image-77650\" srcset=\"https:\/\/i0.wp.com\/litci.org\/es\/wp-content\/uploads\/2024\/10\/Quito-Apagon-1.jpg?w=1024&amp;ssl=1 1024w, https:\/\/i0.wp.com\/litci.org\/es\/wp-content\/uploads\/2024\/10\/Quito-Apagon-1.jpg?resize=300%2C225&amp;ssl=1 300w, https:\/\/i0.wp.com\/litci.org\/es\/wp-content\/uploads\/2024\/10\/Quito-Apagon-1.jpg?resize=768%2C576&amp;ssl=1 768w, https:\/\/i0.wp.com\/litci.org\/es\/wp-content\/uploads\/2024\/10\/Quito-Apagon-1.jpg?resize=150%2C113&amp;ssl=1 150w, https:\/\/i0.wp.com\/litci.org\/es\/wp-content\/uploads\/2024\/10\/Quito-Apagon-1.jpg?resize=696%2C522&amp;ssl=1 696w\" sizes=\"auto, (max-width: 1000px) 100vw, 1000px\" \/><figcaption class=\"wp-element-caption\">Calles de Quito en tinieblas.<\/figcaption><\/figure>\n\n\n\n<p>En t\u00e9rminos econ\u00f3micos -y sin contabilizar las gigantescas p\u00e9rdidas por los apagones, que seg\u00fan estimaciones modestas equivalen a entre<strong>&nbsp;USD 120 y 196 millones diarios, el propio Fondo Monetario Internacional proyecta el crecimiento del Ecuador como el m\u00e1s bajo de toda Am\u00e9rica del Sur en 2025 con un 1,2% del PIB real.<\/strong>&nbsp;Mientras el panorama para la totalidad de 2024 se proyecta en un 0,3% de crecimiento del PIB real, convirtiendo al Ecuador en el segundo pa\u00eds con menor crecimiento, tan solo tras Argentina, con un decrecimiento del 3,5%.&nbsp;<strong>En contraste, el delirio del primer mandatario -mismo que se jacta de un 13% de incremento en exportaciones- pinta una imagen completamente contraria a la realidad material del pa\u00eds.<\/strong><\/p>\n\n\n\n<p><strong>En medio de la crisis energ\u00e9tica m\u00e1s prolongada del siglo, el hacendado presidente program\u00f3 una entrevista en TC Televisi\u00f3n \u2013su medio favorito- la noche del 27 de octubre<\/strong>, en horario estelar con Rafael Cuesta, un digno pe\u00f3n de la clase burguesa. En la entrevista Daniel Noboa se present\u00f3 sereno y con supuestas respuestas t\u00e9cnicas a la crisis<strong>. Definitivamente la maquinaria de la generaci\u00f3n del consenso afin\u00f3 su labor para este momento.<\/strong>&nbsp;Sin recurrir en el ya desgastado anticorre\u00edsmo, Noboa coloc\u00f3 la responsabilidad de la crisis a los gobiernos que le antecedieron.&nbsp;<strong>En un tono juvenil pero serio, el oligarca intent\u00f3 reposicionarse favorablemente frente a una opini\u00f3n p\u00fablica que ha acumulado rabia por varios meses de corrupci\u00f3n, represi\u00f3n e indolencia.<\/strong><\/p>\n\n\n\n<p><strong>Una vez m\u00e1s, la crisis primero se facilita y prepara, para despu\u00e9s instrumentalizarla en contra de las clases populares.<\/strong>&nbsp;Mientras Noboa pretende fingir demencia en su responsabilidad directa del actual precario estado de la infraestructura energ\u00e9tica del Ecuador,&nbsp;<strong>su administraci\u00f3n provoc\u00f3 una desfinanciaci\u00f3n del sector el\u00e9ctrico, al enajenar USD 400 millones de las cuentas de CELEC en septiembre, para el pago de deuda.<\/strong>&nbsp;Adicionalmente, no se realizaron los pedidos de repuestos para mantener l\u00edneas de transmisi\u00f3n en los \u00faltimos siete a\u00f1os,&nbsp;<strong>evidenciando la correlaci\u00f3n y preparaci\u00f3n intencional de la crisis energ\u00e9tica de los \u00faltimos tres gobiernos de la burgues\u00eda empresarial.<\/strong><\/p>\n\n\n\n<p>En este sentido, desde el a\u00f1o 2021 se alertaba sobre un estancamiento de la generaci\u00f3n el\u00e9ctrica a causa de desfinanciamiento, falta de mantenimiento e inversi\u00f3n, al mismo tiempo de un&nbsp;<strong>incremento significativo de la demanda el\u00e9ctrica, asociada directamente al sector minero, principal industria consumidora de combustible, agua y electricidad a nivel nacional.<\/strong>&nbsp;Mientras tanto, Daniel Noboa, oligarca bananero que \u201cdiversifica\u201d su econom\u00eda, nutri\u00e9ndose del Estado con contratos, pero tambi\u00e9n con acciones en proyectos mineros,&nbsp;<strong>nutria hasta el 15 de octubre a mineras con electricidad subsidiada con fondos p\u00fablicos.<\/strong><\/p>\n\n\n\n<p>Lo que ha quedado claro y le fue imposible sortear, es el creciente descontento popular que el manejo de esta crisis, y del Estado, ha generado<strong>. El pueblo y la clase trabajadora han visto como la crisis energ\u00e9tica ha precarizado a\u00fan m\u00e1s su vida, que ya ven\u00eda precariz\u00e1ndose paulatinamente desde la pandemia, y la transici\u00f3n al Estado policial y Narcoestado<\/strong>, que imprime violencia extrema; o a la crisis de empleo que existe en el pa\u00eds y la paulatina flexibilizaci\u00f3n laboral. La desfinanciaci\u00f3n de servicios p\u00fablicos b\u00e1sicos como la salud, la educaci\u00f3n y la infraestructura; y dem\u00e1s problemas estructurales que aquejan a la poblaci\u00f3n.<\/p>\n\n\n\n<p><strong>Ning\u00fan movimiento ejecutado desde las corporaciones de comunicaci\u00f3n es aleatorio<\/strong>. En la entrevista&nbsp;<strong>Noboa utiliz\u00f3 terminolog\u00eda espec\u00edfica, como relacionar la generaci\u00f3n de electricidad con el concepto de buen negocio<\/strong>, en el proceso de construir en buena porci\u00f3n de la poblaci\u00f3n,&nbsp;<strong>una opini\u00f3n p\u00fablica favorable sobre la inminente privatizaci\u00f3n del sector el\u00e9ctrico en el pa\u00eds.<\/strong>&nbsp;En la misma l\u00ednea, se felicit\u00f3 a si mismo por haber logrado en tiempo record&nbsp;<strong>la mayor cantidad de inversi\u00f3n internacional de la historia del pa\u00eds, TLCs, y cooperaciones,<\/strong>&nbsp;donde la menci\u00f3n a Canad\u00e1 no pudo faltar, pa\u00eds con el cual el gobierno de Noboa ha entablado buenas relaciones, sobre todo en cuanto a extractivismo se refiere.&nbsp;<strong>Recordemos que Atico Mining en Palo Quemado, y Lundin Gold en Fruta del Norte son empresas de capital canadiense.<\/strong><\/p>\n\n\n\n<p>En realidad, la entrevista de Noboa evidencia la profundidad de la pol\u00edtica extractivista. Tir\u00f3 como al aire, sin mayor profundizaci\u00f3n, la propuesta de hacer exploraci\u00f3n de gas natural en territorio nacional.&nbsp;<strong>Lo cual agudiza a\u00fan m\u00e1s la alerta de la reapertura del catastro minero en noviembre de este a\u00f1o.<\/strong>&nbsp;Una vez m\u00e1s queda evidenciado que el Narcoestado refuerza con sus aparatos estatales y paraestatales&nbsp;<strong>un nuevo proceso de reacumulaci\u00f3n primitiva, en el que los pueblos y nacionalidades, campesinos y campesinas, se enfrentan a un nuevo proceso expulsi\u00f3n de tierras, despoblamientos y desplazamientos forzados.<\/strong>&nbsp;El extractivismo es una pol\u00edtica neocolonial, que tambi\u00e9n atenta en contra de la soberan\u00eda del pa\u00eds, en varios aspectos, como el territorial, el acu\u00edfero, alimenticio, etc.<\/p>\n\n\n\n<p><strong>Noboa y c\u00eda. se encuentran avanzando con el marco legal que permita la concesi\u00f3n de los principales campos petroleros,<\/strong>&nbsp;denuncia expuesta por la Asociaci\u00f3n Nacional de Trabajadores del Petr\u00f3leo -ANTEP- respecto al&nbsp;<strong>campo Sacha, que produce 80.000 barriles diarios<\/strong>. A esta estrategia de depredaci\u00f3n y parasitismo a costa de lo p\u00fablico se suma la privatizaci\u00f3n del sistema el\u00e9ctrico que se encuentra a la vuelta de la esquina.&nbsp;<strong>Seg\u00fan el manual neoliberal de la usurpaci\u00f3n de recursos p\u00fablicos, Noboa bien podr\u00eda proponer la privatizaci\u00f3n como \u201csoluci\u00f3n\u201d en la pr\u00f3xima campa\u00f1a electoral, misma que representar\u00eda una ganancia exorbitante para la burgues\u00eda, equivalente a USD 7.000 millones.<\/strong><\/p>\n\n\n\n<p>En la actualidad y gracias a la Ley \u201cNo M\u00e1s Apagones\u201d, el gobierno permite la generaci\u00f3n privada de energ\u00eda, inicialmente fue de 10 y actualmente es de hasta 100 MW,&nbsp;<strong>preparando una privatizaci\u00f3n encubierta y por etapas. La Ley Org\u00e1nica para Impulsar la Iniciativa Privada en la Transici\u00f3n a Energ\u00edas Renovables, fue aprobada de manera un\u00e1nime en la Asamblea Nacional la tarde del 27 de octubre.<\/strong><\/p>\n\n\n\n<p><strong>En momentos de gran crisis energ\u00e9tica, la Banana Republic coloca a fichas pol\u00edticas claves en espacios como el Ministerio de Ambiente, que faciliten y tuerzan la institucionalidad burguesa<\/strong>, de tal forma que queden justificados proyectos o concesiones. \u201cIn\u00e9s Manzano le meti\u00f3 turbo y sali\u00f3\u201d, fueron las palabras del presidente Noboa, respecto a licencias ambientales supuestamente \u201cestancadas\u201d en gobiernos anteriores.&nbsp;<strong>No cabe duda que el mismo \u201cturbo\u201d puede imponer en permisos ambientales para mineras, petroleras y proyectos inmobiliarios.<\/strong><\/p>\n\n\n\n<p><strong>Con respecto al apoyo internacional, el lacayo estrella del imperialismo occidental en Am\u00e9rica Latina, plante\u00f3 tambi\u00e9n la necesidad de que vuelvan las bases militares internacionales al pa\u00eds.&nbsp;<\/strong>Con benepl\u00e1cito de la Corte Constitucional, la propuesta del Ejecutivo se prepara en la Asamblea Nacional. En este punto Noboa insisti\u00f3 en la supuesta urgencia del apoyo internacional en materia de seguridad e inteligencia, as\u00ed como plante\u00f3 que \u201cla guerra\u201d \u2013el Conflicto Armado Interno- le cuesta al pa\u00eds USD 1200 millones al a\u00f1o.&nbsp;<strong>Noboa aprovech\u00f3 para utilizar una vez m\u00e1s al miedo y la angustia de la poblaci\u00f3n, para intenta justificar Estado policial en las ciudades y militarizaci\u00f3n en los territorios.<\/strong>&nbsp;Esto termina siendo servil al extractivismo, que utiliza a las FF.AA. como ej\u00e9rcito privado para el control de la organizaci\u00f3n popular en su lucha antinimera.<\/p>\n\n\n\n<p>Por otro lado, se reportan alrededor de 4.000 despidos desde el inicio de los cortes masivos hace dos meses, adem\u00e1s de 1.000 denuncias por despido intempestivo en el mismo periodo de tiempo.&nbsp;<strong>En este contexto, se plantea el \u201cpico y placa el\u00e9ctrico\u201d o Acuerdo Ministerial MDT-2024-200, que instrumentaliza la crisis autoinducida para imponer y legalizar la flexibilizaci\u00f3n de la jornada laboral de 8 a 10 horas por d\u00eda de trabajo, adem\u00e1s de la supresi\u00f3n de horas extras o nocturnas.<\/strong>&nbsp;El acuerdo 200 del Ministerio de Trabajo representa una medida inconstitucional que atenta en contra de los derechos laborales, al ser regresivo en derechos -art\u00edculo 11- y atentar directamente en contra de la dignidad de la clase trabajadora -art\u00edculo 33- de la Constituci\u00f3n de la Rep\u00fablica.<\/p>\n\n\n\n<p><strong>Desde una perspectiva amplia, la crisis energ\u00e9tica bien podr\u00eda resumir el proyecto pol\u00edtico de la clase empresarial ligada al \u201cNuevo Ecuador\u201d, un plan maestro de megaprivatizaci\u00f3n, extractivismo y sobreexplotaci\u00f3n contra la clase trabajadora, mientras se militariza el mundo de la vida, y se criminaliza la organizaci\u00f3n popular y la protesta. Todo en el marco doble de legalidad y paralegalidad propio del&nbsp;<\/strong><strong>N<\/strong><strong>arcoestado.<\/strong><\/p>\n","protected":false},"excerpt":{"rendered":"<p>Publicamos este art\u00edculo de la Revista Crisis del 28 de octubre \u00faltimo. \u00abCrisis\u00bb es una revista digital, que naci\u00f3 con el objetivo de presentar una nueva referencia de izquierda en Ecuador. Con esta publicaci\u00f3n concretamos una colaboraci\u00f3n entre los dos medios, a trav\u00e9s de intercambio de art\u00edculos. El Ecuador se adentra en su segunda semana [&hellip;]<\/p>\n","protected":false},"author":14,"featured_media":77648,"menu_order":0,"comment_status":"open","ping_status":"open","sticky":false,"template":"","format":"standard","meta":{"jetpack_post_was_ever_published":false,"_jetpack_newsletter_access":"","_jetpack_dont_email_post_to_subs":false,"_jetpack_newsletter_tier_id":0,"_jetpack_memberships_contains_paywalled_content":false,"litci_post_political_author":"","_jetpack_memberships_contains_paid_content":false,"footnotes":""},"categories":[2682],"tags":[],"class_list":["post-77647","post","type-post","status-publish","format-standard","has-post-thumbnail","hentry","category-ecuador"],"jetpack_featured_media_url":"https:\/\/i0.wp.com\/litci.org\/es\/wp-content\/uploads\/2024\/10\/BOBO_A.jpg?fit=1914%2C726&ssl=1","fimg_url":"https:\/\/i0.wp.com\/litci.org\/es\/wp-content\/uploads\/2024\/10\/BOBO_A.jpg?fit=1914%2C726&ssl=1","categories_names":["Ecuador"],"author_info":{"name":"leonardo","pic":"https:\/\/secure.gravatar.com\/avatar\/5b026831a33fc9397b874aaf2fbce7cc661697946383efa447f6bf2fd4c79d48?s=96&d=mm&r=g"},"political_author":null,"tagline":"","jetpack_sharing_enabled":true,"_links":{"self":[{"href":"https:\/\/litci.org\/es\/wp-json\/wp\/v2\/posts\/77647","targetHints":{"allow":["GET"]}}],"collection":[{"href":"https:\/\/litci.org\/es\/wp-json\/wp\/v2\/posts"}],"about":[{"href":"https:\/\/litci.org\/es\/wp-json\/wp\/v2\/types\/post"}],"author":[{"embeddable":true,"href":"https:\/\/litci.org\/es\/wp-json\/wp\/v2\/users\/14"}],"replies":[{"embeddable":true,"href":"https:\/\/litci.org\/es\/wp-json\/wp\/v2\/comments?post=77647"}],"version-history":[{"count":2,"href":"https:\/\/litci.org\/es\/wp-json\/wp\/v2\/posts\/77647\/revisions"}],"predecessor-version":[{"id":77736,"href":"https:\/\/litci.org\/es\/wp-json\/wp\/v2\/posts\/77647\/revisions\/77736"}],"wp:featuredmedia":[{"embeddable":true,"href":"https:\/\/litci.org\/es\/wp-json\/wp\/v2\/media\/77648"}],"wp:attachment":[{"href":"https:\/\/litci.org\/es\/wp-json\/wp\/v2\/media?parent=77647"}],"wp:term":[{"taxonomy":"category","embeddable":true,"href":"https:\/\/litci.org\/es\/wp-json\/wp\/v2\/categories?post=77647"},{"taxonomy":"post_tag","embeddable":true,"href":"https:\/\/litci.org\/es\/wp-json\/wp\/v2\/tags?post=77647"}],"curies":[{"name":"wp","href":"https:\/\/api.w.org\/{rel}","templated":true}]}}