{"id":77611,"date":"2024-10-25T11:09:08","date_gmt":"2024-10-25T11:09:08","guid":{"rendered":"https:\/\/litci.org\/es\/?p=77611"},"modified":"2024-11-03T13:27:35","modified_gmt":"2024-11-03T13:27:35","slug":"cop-16-y-la-sexta-extincion","status":"publish","type":"post","link":"https:\/\/litci.org\/es\/cop-16-y-la-sexta-extincion\/","title":{"rendered":"COP 16 y la sexta extinci\u00f3n"},"content":{"rendered":"\n<p><em>En estos d\u00edas se realiza en Colombia la COP 16, primera cumbre tras la firma del Marco Global de Biodiversidad Kunming-Montreal. Desde instituciones y numerosos grupos ecologistas se reivindic\u00f3 como hist\u00f3rico un acuerdo para parar la destrucci\u00f3n de la biodiversidad y luchar contra la sexta extinci\u00f3n en masa que est\u00e1 en marcha<\/em><a href=\"https:\/\/litci.org\/pt\/2024\/10\/24\/cop-16-e-a-sexta-extincao\/#_ftn1\"><sup>[1]<\/sup><\/a><em>&nbsp;(Seg\u00fan Green Facts \u201cen los \u00faltimos cien a\u00f1os, el hombre caus\u00f3 un ritmo de extinci\u00f3n al menos 100 veces superior a lo natural\u201d).<\/em><\/p>\n\n\n\n<p>Por Javier &#8211; Corriente Roja<\/p>\n\n\n\n<p>Sin duda, la lucha contra la sexta extinci\u00f3n en masa de la biodiversidad debe ser una de las principales batallas del siglo, pues de ella depende la calidad de vida de la clase trabajadora, de los oprimidos del mundo. Pero despu\u00e9s de la experiencia de las 28 COPS clim\u00e1ticas, cuyo producto fue dar falsas esperanzas en el capitalismo<a href=\"https:\/\/litci.org\/pt\/2024\/10\/24\/cop-16-e-a-sexta-extincao\/#_ftn2\"><sup>[2]<\/sup><\/a>, crear cortinas de humo sobre el aumento imparable de las emisiones de carbono y desmoralizar al activismo, tenemos la obligaci\u00f3n de denunciar esta cumbre como un mecanismo internacional de enga\u00f1o .<\/p>\n\n\n\n<p>Debemos preguntarnos si un acuerdo promovido por China (Estado donde surgi\u00f3 la zoonosis Covid-19, cuyo origen m\u00e1s probable es la destrucci\u00f3n de la biodiversidad y el mercantilismo de la naturaleza<a href=\"https:\/\/litci.org\/pt\/2024\/10\/24\/cop-16-e-a-sexta-extincao\/#_ftn3\"><sup>[3]<\/sup><\/a>), y celebrado en un Estado como Colombia, sumiso al imperialismo yanqui y su extractivismo salvaje, puede llegar a buenos resultados (ver art\u00edculo del PST, secci\u00f3n colombiana de la LITCI)<a href=\"https:\/\/litci.org\/pt\/2024\/10\/24\/cop-16-e-a-sexta-extincao\/#_ftn4\"><sup>[4]<\/sup><\/a>.<\/p>\n\n\n\n<p>Por su parte, la Uni\u00f3n Europea, al mismo tiempo que aprueba la ley de restauraci\u00f3n de la naturaleza, es sede y defensora de numerosas multinacionales que basan sus ganancias en la explotaci\u00f3n de la clase obrera y en la destrucci\u00f3n de la biodiversidad.<\/p>\n\n\n\n<p>Con esto no queremos menospreciar las luchas de millones de activistas y especialmente de los pueblos ind\u00edgenas, que han sido importantes promotores de esta cumbre. Por el contrario, estas luchas son esenciales para parar la destrucci\u00f3n y retrasar la cat\u00e1strofe, pero la sexta extinci\u00f3n ya es un hecho, y es producto directo del capitalismo y de la responsabilidad de la burgues\u00eda.<\/p>\n\n\n\n<p>Pero si bien la lucha diaria y la exigencia a los gobiernos de parar la destrucci\u00f3n y restaurar los ecosistemas es esencial, debemos tener muy claro que s\u00f3lo si estas luchas tienen como objetivo estrat\u00e9gico la toma del poder, la planificaci\u00f3n democr\u00e1tica de la econom\u00eda y la destrucci\u00f3n del capitalismo se podr\u00e1 realmente alcanzar los objetivos que todos los acuerdos sobre biodiversidad establecen y evitar la sexta extinci\u00f3n de la biodiversidad.<\/p>\n\n\n\n<p><strong>Restauraci\u00f3n de los ecosistemas y sexta extinci\u00f3n<\/strong><\/p>\n\n\n\n<p>Por: Lena Souza (art\u00edculo publicado en junio de 2021)<\/p>\n\n\n\n<p>Este a\u00f1o 2021, el tema del D\u00eda Mundial del Medio Ambiente fue la restauraci\u00f3n de los ecosistemas y marc\u00f3 el lanzamiento de otra D\u00e9cada de las Naciones Unidas por la Restauraci\u00f3n de los Ecosistemas (2021-2030). Sabemos que la restauraci\u00f3n no es s\u00f3lo una necesidad, tambi\u00e9n es un imperativo para mantener la vida en el planeta, porque por poner s\u00f3lo un ejemplo, cada tres segundos el mundo pierde una superficie de bosque que cubrir\u00eda un campo de f\u00fatbol. S\u00f3lo en el Brasil, en 2020, se talaron 24 \u00e1rboles por segundo<a href=\"https:\/\/litci.org\/pt\/2021\/06\/23\/64269-2\/#_ftn5\">[1]<\/a>. Sin embargo, queda una pregunta: \u00bfser\u00e1 posible recomponer los ecosistemas considerando las condiciones de producci\u00f3n y reproducci\u00f3n del sistema capitalista?<\/p>\n\n\n\n<p><strong>Cada d\u00e9cada se pierde m\u00e1s biodiversidad y los objetivos de restauraci\u00f3n nunca se cumplen<\/strong><\/p>\n\n\n\n<p>Esta discusi\u00f3n sobre la biodiversidad del planeta comenz\u00f3 en la d\u00e9cada de 1980, cuando las Naciones Unidas comenzaron a reunir a los pa\u00edses para debatir este tema, su conservaci\u00f3n y utilizaci\u00f3n. Despu\u00e9s de m\u00e1s de una d\u00e9cada de mucho debate, el Convenio sobre la Diversidad Biol\u00f3gica (CDB) fue presentado en 1992 en la Conferencia de las Naciones Unidas sobre Medio Ambiente y Desarrollo (CNUMAD), celebrada en la ciudad de R\u00edo de Janeiro. En esta Conferencia, adem\u00e1s del CDB, tambi\u00e9n se elaboraron y presentaron la Declaraci\u00f3n de R\u00edo sobre Medio Ambiente y Desarrollo y otros tres documentos conocidos como Convenci\u00f3n Marco de las Naciones Unidas sobre Cambio Clim\u00e1tico, Agenda 21 y Declaraci\u00f3n de Principios para un Consenso Global sobre Manejo, Conservaci\u00f3n y Desarrollo Sostenible de Todo Tipo de Bosques.<\/p>\n\n\n\n<p>El texto del CDB dice que sus disposiciones y principios&nbsp;<em>&nbsp;\u201cest\u00e1n encaminados a alcanzar tres objetivos principales: la conservaci\u00f3n de la biodiversidad, el uso sostenible de sus componentes y la participaci\u00f3n justa y equitativa de los beneficios derivados de la utilizaci\u00f3n de los recursos naturales\u201d.<\/em>&nbsp;Es importante resaltar que<em>&nbsp;\u201cTanto el pre\u00e1mbulo como los art\u00edculos de la Convenci\u00f3n mencionan la importancia del conocimients tradicional y de los pueblos tradicionales\u201d.<\/em><a href=\"https:\/\/litci.org\/pt\/2021\/06\/23\/64269-2\/#_ftn5\">[2]<\/a><\/p>\n\n\n\n<p>Al igual que otras convenciones relacionadas con el medio ambiente, si bien utilizan bell\u00edsimas palabras y objetivos altamente humanitarios y solidarios, son orientaciones, principios y reglas no obligatorios y est\u00e1n hechos para distraer, es decir, para hacer de cuenta que se est\u00e1 haciendo algo, mientras la destrucci\u00f3n contin\u00faa. As\u00ed, en 1993, el CDB ya contaba con la firma de 168 pa\u00edses, porque as\u00ed es f\u00e1cil para los dirigentes de los pa\u00edses suscribir el documento y posar de preservacionistas.<\/p>\n\n\n\n<p>En 2002, la cumbre ambiental (COP6) avanz\u00f3 hacia la definici\u00f3n de un conjunto de metas para el per\u00edodo hasta 2010. Considerando que estos objetivos tambi\u00e9n se encuadraban en compromisos asumidos por gobiernos que s\u00f3lo pretend\u00edan dejarlos en papel, cuando fueron evaluados en la COP10 (2010), realizada en la ciudad de Nagoya, provincia de Aichi en Jap\u00f3n, la conclusi\u00f3n fue que no se hab\u00edan alcanzado las metas.<\/p>\n\n\n\n<p>Una vez m\u00e1s, en la COP10, l\u00edderes de 196 pa\u00edses aprobaron un nuevo Plan Estrat\u00e9gico de Biodiversidad para el per\u00edodo 2011 a 2020. Esta vez el plan denominado Metas de Aichi para la Biodiversidad, se materializ\u00f3 en 20 propuestas y cinco grandes objetivos estrat\u00e9gicos<a href=\"https:\/\/litci.org\/pt\/2021\/06\/23\/64269-2\/#_ftn3\">[3]<\/a>: 1- abordar las causas fundamentales de la p\u00e9rdida de biodiversidad, creando conciencia entre los gobiernos y la sociedad sobre las preocupaciones con la biodiversidad; 2- reducir las presiones directas sobre la biodiversidad y promover el uso sostenible; 3- mejorar la situaci\u00f3n de la biodiversidad, mediante la salvaguardia de los ecosistemas, las especies y la diversidad gen\u00e9tica; 4- aumentar los beneficios de biodiversidad y servicios ecosist\u00e9micos para todos; y 5- incrementar la implementaci\u00f3n, a trav\u00e9s de la planificaci\u00f3n participativa, de la gesti\u00f3n de conocimiento y capacitaci\u00f3n.<\/p>\n\n\n\n<p>Fueron 196 pa\u00edses los que acordaron con el plan y el establecimiento de los objetivos estrat\u00e9gicos para la conservaci\u00f3n de la biodiversidad del planeta. El lector de este art\u00edculo, sin necesidad de investigar mucho, ya debe tener una conclusi\u00f3n previa sobre cu\u00e1l fue el balance de los resultados obtenidos en el a\u00f1o 2020. Pero, en cualquier caso, es importante reforzar que la propia ONU, en un balance realizado el a\u00f1o pasado, llega a la conclusi\u00f3n de que ninguna de las metas fue alcanzada, por el contrario, todos los factores que presionan para la p\u00e9rdida de biodiversidad se han intensificado<a href=\"https:\/\/litci.org\/pt\/2021\/06\/23\/64269-2\/#_ftn4\">[4]<\/a>.<\/p>\n\n\n\n<p><strong>\u00bfA qu\u00e9 punto llegamos?<\/strong><\/p>\n\n\n\n<p>El 22 de mayo de este a\u00f1o:&nbsp;<em>\u201cEl Programa de las Naciones Unidas para el Medio Ambiente (PNUMA) alert\u00f3, con motivo del D\u00eda Internacional de la Biodiversidad, sobre la destrucci\u00f3n del ecosistema y el impacto de las alteraciones clim\u00e1ticas en el Mar Mediterr\u00e1neo<\/em>&nbsp;\u201d.<a href=\"https:\/\/litci.org\/pt\/2021\/06\/23\/64269-2\/#_ftn5\">[5]<\/a> Seg\u00fan ese art\u00edculo, la p\u00e9rdida de biodiversidad, los impactos de la crisis clim\u00e1tica, sumados a la presi\u00f3n de los sectores econ\u00f3micos, pueden provocar cambios irreversibles en el Mediterr\u00e1neo.<\/p>\n\n\n\n<p>Este tipo de advertencias las vemos todos los d\u00edas en los medios de comunicaci\u00f3n, realizadas por estudiosos, cient\u00edficos y organismos gubernamentales y no gubernamentales que estudian y monitorean la destrucci\u00f3n y las modificaciones de los ecosistemas, pues el mundo ya est\u00e1 en este desequilibrio desde hace d\u00e9cadas. Se utilizan m\u00e1s recursos naturales del planeta de los que este es capaz de regenerar, considerando los recursos renovables, pero tambi\u00e9n tenemos recursos no renovables que comienzan a escasear. La vegetaci\u00f3n, por ejemplo, se corta a tal velocidad que, incluso si se intentara plantar otras especies mientras se destruyen los bosques, el ritmo de crecimiento no ser\u00eda capaz de acompa\u00f1ar el ritmo de tala. As\u00ed como se capturan m\u00e1s peces de los que la especie es capaz de reproducir\u2026 y as\u00ed sucesivamente. La llamada huella ecol\u00f3gica<a href=\"https:\/\/litci.org\/pt\/2021\/06\/23\/64269-2\/#_ftn6\">[6]<\/a> promedio general del planeta es 1,5, es decir, el planeta necesita 1,5 a\u00f1os para regenerar los recursos renovables que se consumen en 1 a\u00f1o.<\/p>\n\n\n\n<p><strong>La sexta extinci\u00f3n est\u00e1 en curso<\/strong><\/p>\n\n\n\n<p>Algunos cient\u00edficos afirman que, en los \u00faltimos 500 a\u00f1os, se ha desencadenado, y se ha acelerado en las \u00faltimas d\u00e9cadas, una destrucci\u00f3n de la biodiversidad del planeta, con una disminuci\u00f3n poblacional que se compara en tasa y magnitud con las cinco extinciones en masa de especies vegetales y animales ya ocurridas en la historia del planeta.<\/p>\n\n\n\n<p>En los (estimados) 4.500 millones de a\u00f1os de existencia de la Tierra, el planeta pas\u00f3 por varios per\u00edodos en los que casi lleg\u00f3 a su fin. Estas cat\u00e1strofes son caracterizadas por los paleont\u00f3logos como las mayores extinciones o extinciones en masa. En los \u00faltimos 500 millones de a\u00f1os, seg\u00fan estos estudiosos, la vida en la Tierra casi se ha extinguido cinco veces<a href=\"https:\/\/litci.org\/pt\/2021\/06\/23\/64269-2\/#_ftn7\">[7]<\/a>.<\/p>\n\n\n\n<p>Estas cinco extinciones, en resumen, fueron: la primera, hace alrededor de 443 millones de a\u00f1os, en el Per\u00edodo Ordov\u00edcico, que extingui\u00f3 entre 60% y 70% de las especies del planeta; la segunda, hace aproximadamente 354 millones de a\u00f1os, en el Per\u00edodo Dev\u00f3nico, que incidi\u00f3 sobre 75% de las especies; la tercera, ocurri\u00f3 hace alrededor de 248 millones de a\u00f1os, en el Per\u00edodo P\u00e9rmico y aproximadamente 95% de las especies del planeta se extinguieron; la cuarta fue hace unos 200 millones de a\u00f1os, al final del Tri\u00e1sico, en el que desaparecieron alrededor de 85% de las especies; y la quinta, hace unos 65 millones de a\u00f1os, al final del Per\u00edodo Cret\u00e1cico, que acab\u00f3 con los dinosaurios (no voladores) y gran parte del resto de especies que exist\u00edan en la \u00e9poca.<\/p>\n\n\n\n<p>Para algunos cient\u00edficos, ya estamos viviendo la sexta extinci\u00f3n, como consecuencia de las propias actividades humanas y del calentamiento global a ellas relacionado. Seg\u00fan los estudios desarrollados, \u00ab<em>un creciente cuerpo de evidencias indica que las tasas actuales de extinci\u00f3n de especies son m\u00e1s altas que la tasa de fondo prehumana&#8230;\u00bb<\/em><a href=\"https:\/\/litci.org\/pt\/2021\/06\/23\/64269-2\/#_ftn8\">[8]<\/a>. La tasa de fondo es la tasa normal de extinci\u00f3n en el planeta<a href=\"https:\/\/litci.org\/pt\/2021\/06\/23\/64269-2\/#_ftn9\">[9]<\/a>.<\/p>\n\n\n\n<p>La sexta extinci\u00f3n puede ser m\u00e1s aniquiladora que las cinco anteriores, pues no es resultado de un hecho excepcional, sino consecuencia de un proceso que se ha venido amplificando a partir de la destrucci\u00f3n inherente al modo de producci\u00f3n capitalista. Y junto con la sexta extinci\u00f3n est\u00e1 el riesgo para la especie humana, ya que la vida humana en la Tierra est\u00e1 completamente condicionada por la biodiversidad para su sustento, ya que es parte de ella y al mismo tiempo dependiente de ella.<\/p>\n\n\n\n<p>La sexta extinci\u00f3n, seg\u00fan los cient\u00edficos, tambi\u00e9n es m\u00e1s aniquiladora debido a su rapidez. Seg\u00fan un estudio publicado en un art\u00edculo de PNAS<a href=\"https:\/\/litci.org\/pt\/2021\/06\/23\/64269-2\/#_ftn10\">[10]<\/a>: \u2026<em> seg\u00fan la tasa de fondo de los \u00faltimos 2 millones de a\u00f1os, se espera que 2 especies se extingan en un siglo por cada 10.000 especies. Por lo tanto, para las 29.400 especies de vertebrados evaluadas en nuestro estudio, se esperar\u00edan 9 extinciones en los 150 a\u00f1os entre 1900 y 2050. En lugar de las 9 extinciones esperadas en el escenario hipot\u00e9tico, 1.058 especies se extinguir\u00edan hasta 2050. Por lo tanto, la tasa de extinci\u00f3n en 2050 ser\u00eda 117 veces mayor que la tasa de fondo.&nbsp;<\/em><\/p>\n\n\n\n<p>De las 29.400 especies de vertebrados terrestres analizadas en este estudio, 515 ya est\u00e1n al borde de la extinci\u00f3n por tener menos de 1.000 individuos, quedando alrededor de la mitad de ellas con menos de 250 individuos. El informe de las Naciones Unidas sobre biodiversidad y servicios ecosist\u00e9micos estima que 25% de todas las especies est\u00e1n amenazadas de extinci\u00f3n, y parte de ellas en apenas d\u00e9cadas.<\/p>\n\n\n\n<p>Al ser bombardeados por ideas negacionistas, uno podr\u00eda pensar que el veinticinco por ciento es poco, sin embargo para quienes piensan s\u00f3lo matem\u00e1tica e individualmente, es necesario considerar que cuando una especie desaparece tiene un impacto en todo el ecosistema, lo cual puede hacer que el proceso se acelere a\u00fan m\u00e1s. Como indica el mismo informe cuando dice que&nbsp;&nbsp;<em>\u201cLos efectos de las extinciones se agravar\u00e1n en las pr\u00f3ximas d\u00e9cadas, en la medida en que las p\u00e9rdidas de unidades funcionales, redundancia y variabilidad gen\u00e9tica y cultural cambian ecosistemas enteros\u201d.<\/em><\/p>\n\n\n\n<p>A una pregunta formulada en una entrevista a Elizabeth Colbert, autora del libro&nbsp;<em>La Sexta Extinci\u00f3n<\/em>, sobre el debate de si estamos realmente en la sexta extinci\u00f3n, ella responde: \u201c<em>Para ser honesta, este es uno de esos debates donde creo que nos estamos concentrando en lo equivocado. Cuando tengamos respuestas definitivas a esta pregunta, es posible que tres cuartas partes de todas las especies de la Tierra hayan desaparecido. Realmente no queremos llegar al punto en el que definitivamente podamos responder a esa pregunta\u201d<\/em><a href=\"https:\/\/litci.org\/pt\/2021\/06\/23\/64269-2\/#_ftn11\"><em>[11]<\/em><\/a><em>.<\/em><\/p>\n\n\n\n<p><strong>\u00bfDe d\u00f3nde viene tal destrucci\u00f3n?<\/strong><\/p>\n\n\n\n<p>Esta verdadera destrucci\u00f3n de los ecosistemas se produce por dos v\u00edas complementarias, como consecuencia directa e inmediata de las actividades de producci\u00f3n y reproducci\u00f3n de la vida en el sistema capitalista y a trav\u00e9s del reflejo sist\u00e9mico de potencializaci\u00f3n de impactos.<\/p>\n\n\n\n<p>Las principales causas de este aniquilamiento del planeta son la destrucci\u00f3n de bosques para actividades agr\u00edcolas, ganaderas, mineras, madereras, etc., que, al mismo tiempo que privan al planeta de bosques, que son los sumideros de carbono, tambi\u00e9n emite CO<sub>2<\/sub> que alimenta el calentamiento global.<\/p>\n\n\n\n<p>A esto se suma el tr\u00e1fico ilegal de especies, que tambi\u00e9n se ha convertido en un negocio lucrativo dentro del capitalismo. Es considerada la tercera actividad il\u00edcita m\u00e1s grande del mundo, una de las m\u00e1s rentables en la actualidad. El comercio ilegal se centra en animales raros para coleccionistas, para investigaci\u00f3n y producci\u00f3n de medicinas, y para uso del cuero, las plumas, las garras y los colmillos por la industria de la moda. Adem\u00e1s, seg\u00fan la Red Nacional de Combate al Tr\u00e1fico de Animales Silvestres (Renctas \u2013 Brasil), 9 de cada 10 animales traficados mueren antes de llegar a manos del consumidor final.<\/p>\n\n\n\n<p>Y esta explotaci\u00f3n y destrucci\u00f3n desenfrenadas en busca de ganancias no s\u00f3lo son insostenibles desde el punto de vista de la destrucci\u00f3n de los ecosistemas en s\u00ed, sino tambi\u00e9n desde el punto de vista de las posibilidades de proximidad con virus y bacterias con los que tomamos contacto a trav\u00e9s de la destrucci\u00f3n de los bosques para campos de cultivo, la cr\u00eda de animales y otras actividades, en los laboratorios de investigaci\u00f3n gen\u00e9tica para mejoramiento de la producci\u00f3n, en el tr\u00e1fico de animales, etc\u2026<\/p>\n\n\n\n<p>El aumento de la producci\u00f3n de aceite de palma en Guinea-Bissau, por ejemplo, no solo destruy\u00f3 bosques, sino que tambi\u00e9n provoc\u00f3 el brote de \u00e9bola en 2013. La gripe aviar y la gripe porcina se desarrollaron a partir del proceso de industrializaci\u00f3n intensiva en la cr\u00eda de aves y cerdos. El cambio en el clima global agregado a la destrucci\u00f3n de los bosques para este tipo de actividades econ\u00f3micas son responsables tambi\u00e9n por la concentraci\u00f3n de murci\u00e9lagos, considerados reservorios de virus, en \u00e1reas peque\u00f1as y, en general, cercanas al ser humano.<\/p>\n\n\n\n<p>El conjunto de estos procesos y sus consecuencias han generado ya 50 brotes epid\u00e9micos de enfermedades virales o bacterianas que han afectado al ser humano en los \u00faltimos treinta a\u00f1os, demostrando as\u00ed que los impactos son sist\u00e9micos y se retroalimentan. Para quienes pensaban que faltaba el ser humano o se preguntaban qu\u00e9 tenemos que ver con eso, adem\u00e1s de perder la fuente de supervivencia con la destrucci\u00f3n de los ecosistemas, ser v\u00edctimas de desastres y desequilibrios ambientales provocados por el calentamiento global, tambi\u00e9n hay una aceleraci\u00f3n en el exterminio de los propios seres humanos y la pandemia del coronavirus es prueba de ello.<\/p>\n\n\n\n<p><strong>Los ricos destruyen y los pobres sufren las consecuencias<\/strong><\/p>\n\n\n\n<p>Ante las consecuencias que el colapso ambiental ha estado causando y se espera que cause, tanto los gobiernos como sus patrocinadores, los ricos, quieren hacernos creer que estamos en el mismo barco y que los impactos nos afectan de la misma manera. Lamentablemente, este argumento convence a un sector de la poblaci\u00f3n y tambi\u00e9n de los ecologistas.<\/p>\n\n\n\n<p>Pero es importante resaltar que todos estos impactos, resultantes de la destrucci\u00f3n de los recursos naturales del planeta, como la p\u00e9rdida de viviendas; de tierras f\u00e9rtiles, forzando migraciones y provocando hambre; las epidemias y pandemias que se cobran la vida de millones de personas, afectan de lleno al ser humano pobre. Mientras tanto, el ser humano rico, responsable de esta devastaci\u00f3n, tiene medios para protegerse. Estos impactos agravan las vulnerabilidades y aumentan las amenazas a las poblaciones m\u00e1s pobres en relaci\u00f3n con las ricas, aumentando las grandes desigualdades que ya existen entre ellas, as\u00ed como tambi\u00e9n las desigualdades entre pa\u00edses pobres y ricos.<\/p>\n\n\n\n<p>La pandemia que estamos sufriendo es el ejemplo global m\u00e1s obvio de esto, aunque tenemos muchos otros ejemplos localizados sobre impactos de desastres ambientales o epidemias que se han cobrado o impactaron las vidas de millones de seres humanos pobres.<\/p>\n\n\n\n<p>Aqu\u00ed entra el sistema de producci\u00f3n y reproducci\u00f3n al que est\u00e1n sometidos los trabajadores, la poblaci\u00f3n pobre y los recursos naturales del planeta, donde un pu\u00f1ado de ricos tiene como principal y \u00fanico objetivo explotar los recursos naturales y la mano de obra para transformarlos en mercader\u00edas destinadas \u00fanicamente a la ganancia, sin ninguna preocupaci\u00f3n con la preservaci\u00f3n del planeta y de la vida presente en \u00e9l.<\/p>\n\n\n\n<p><strong>M\u00faltiples fuentes de destrucci\u00f3n y un \u00fanico culpable: el sistema capitalista, incapaz de revertir el proceso<\/strong><\/p>\n\n\n\n<p>En el capitalismo, los alimentos, las medicinas, la vivienda y todo lo que envuelve la vida se transforman en mercader\u00eda, que necesariamente tienen que generar la ganancia, que se concentra en manos de una minor\u00eda. Esta minor\u00eda se divide entre quienes niegan cualquier posibilidad de colapso ambiental del planeta y los que predican la ilusi\u00f3n de que el propio sistema es capaz de revertir la tendencia hacia ese colapso. Pero los dos sectores tienen un punto en com\u00fan: el mantenimiento, a cualquier precio, de este sistema que los privilegia, incluso al costo al colapso del planeta y de la vida humana.<\/p>\n\n\n\n<p>Entre quienes se denominan de izquierda, lamentablemente hay un sector de activistas y organizaciones que difunden esta idea de que el capitalismo sostenible es posible, fortaleciendo una ilusi\u00f3n cuanto menos peligrosa si consideramos la realidad actual y todo el hist\u00f3rico sobre este tema. El capitalismo, debido a su propia anarqu\u00eda de funcionamiento, no es capaz de encajar en los marcos regulatorios ambientales en nivel mundial, ya que su din\u00e1mica es depredadora. No fue por falta de marcos regulatorios que la din\u00e1mica no se revirti\u00f3, sino porque la clase que hoy est\u00e1 en el poder es incapaz de hacerlo, ya que ser\u00eda en su propio perjuicio.<\/p>\n\n\n\n<p>Esto no quiere decir que sectores de la burgues\u00eda mundial no aprovechen las grandes inversiones p\u00fablicas en \u00e1reas que buscan otra fuente de energ\u00eda, como los coches el\u00e9ctricos, que gobiernos como el de Biden est\u00e1n fomentando e invirtiendo, con el \u00fanico objetivo de sacar provecho y ganancias de un dinero que es p\u00fablico. Iniciativas como estas pretenden fomentar ilusiones y tratar de apaciguar el movimiento ambientalista mientras contin\u00faa, en esencia, todo como est\u00e1 y empeorando, ya que a largo plazo el capitalismo siempre priorizar\u00e1 las ganancias. Incluso el desarrollo de una tecnolog\u00eda que aparentemente podr\u00eda permitir menores impactos ambientales, como es el coche el\u00e9ctrico, ya que utiliza bater\u00edas y energ\u00eda el\u00e9ctrica y en consecuencia no emite gas carb\u00f3nico (CO<sub>2<\/sub>) durante su uso, s\u00f3lo puede servir para llenar los bolsillos de algunos empresarios adinerados del sector automotriz, ya que en el mundo, la mayor\u00eda de los pa\u00edses a\u00fan utilizan carb\u00f3n, gas natural y combustibles f\u00f3siles en su matriz energ\u00e9tica. \u00bfLa soluci\u00f3n deber\u00eda ser entonces inundar el mercado de coches el\u00e9ctricos o discutir el modelo de transporte?<\/p>\n\n\n\n<p>Nosotros seguimos diciendo que la \u00fanica soluci\u00f3n que realmente puede resolver el problema de la destrucci\u00f3n de los ecosistemas, as\u00ed como el calentamiento global y con \u00e9l la amenaza a la vida en el planeta, ser\u00e1 el cambio del sistema capitalista al sistema socialista. Lo que nosotros trabajadores y trabajadoras y poblaci\u00f3n pobre del planeta necesitamos es organizar a nuestra clase para impedir que un pu\u00f1ado de ricos, total minor\u00eda en el mundo, dirija nuestras vidas y la vida en la Tierra hacia una cat\u00e1strofe. No podemos decir que esto nos tom\u00f3 por sorpresa. Tenemos dos posibilidades: o cambiamos el sistema por completo por un verdadero sistema socialista mundial, o iremos a la barbarie de la que ya tenemos varias muestras.<\/p>\n\n\n\n<p>Figura 1: https:\/\/revistaamazonia.com.br\/sexta-extincao-em-massa-de-animais-selvagens\/<\/p>\n\n\n\n<p><a href=\"https:\/\/litci.org\/pt\/2021\/06\/23\/64269-2\/#_ftnref1\">[1]<\/a>&nbsp;&nbsp;https:\/\/www.pstu.org.br\/brasil-perdeu-24-arvores-por-segundo-em-2020\/<\/p>\n\n\n\n<p><a href=\"https:\/\/litci.org\/pt\/2021\/06\/23\/64269-2\/#_ftnref2\">[2]<\/a>&nbsp;&nbsp;Revista de Direito da Cidade, vol 5, n\u00ba2, p. 106-136. Desaf\u00edos de la Convenci\u00f3n sobre la diversidad biol\u00f3gica. Rosemary de Sampaio Godinho y Maur\u00edcio Jorge Pereira da Mota.<\/p>\n\n\n\n<p><a href=\"https:\/\/litci.org\/pt\/2021\/06\/23\/64269-2\/#_ftnref3\">[3]<\/a>&nbsp;&nbsp;ttps:\/\/www.wwf.org.br\/natureza_brasileira\/especiais\/biodiversidade\/dialogos_biodiversidade\/metas\/<\/p>\n\n\n\n<p><a href=\"https:\/\/litci.org\/pt\/2021\/06\/23\/64269-2\/#_ftnref4\">[4]<\/a>&nbsp;&nbsp;https:\/\/brasil.un.org\/pt-br\/90967-relatorio-das-nacoes-unidas-alerta-para-perda-de-biodiversidade-sem-precedentes-na-historia<\/p>\n\n\n\n<p><a href=\"https:\/\/litci.org\/pt\/2021\/06\/23\/64269-2\/#_ftnref5\">[5]<\/a>&nbsp;&nbsp;https:\/\/greensavers.sapo.pt\/onu-alerta-para-a-destruicao-do-ecossistema-do-mar-mediterraneo\/<\/p>\n\n\n\n<p><a href=\"https:\/\/litci.org\/pt\/2021\/06\/23\/64269-2\/#_ftnref6\">[6]<\/a>&nbsp;&nbsp;La Huella Ecol\u00f3gica es una metodolog\u00eda de contabilidad ambiental que eval\u00faa la presi\u00f3n del consumo de las poblaciones humanas sobre los recursos naturales. Lea m\u00e1s en: https:\/\/www.wwf.org.br\/natureza_brasileira\/especiais\/pegada_ecologica\/o_que_e_pegada_ecologica\/<\/p>\n\n\n\n<p><a href=\"https:\/\/litci.org\/pt\/2021\/06\/23\/64269-2\/#_ftnref7\">[7]<\/a>&nbsp;&nbsp;https:\/\/www.nationalgeographicbrasil.com\/historia\/2020\/01\/terra-passou-por-mais-extincoes-em-massa-do-que-imaginavamos<\/p>\n\n\n\n<p><a href=\"https:\/\/litci.org\/pt\/2021\/06\/23\/64269-2\/#_ftnref8\">[8]<\/a>&nbsp;&nbsp;https:\/\/advances.sciencemag.org\/content\/1\/5\/e1400253<\/p>\n\n\n\n<p><a href=\"https:\/\/litci.org\/pt\/2021\/06\/23\/64269-2\/#_ftnref9\">[9]<\/a>&nbsp;&nbsp;http:\/\/ecologia.ib.usp.br\/evosite\/evo101\/VIIB1dMassExtinctions.shtml<\/p>\n\n\n\n<p><a href=\"https:\/\/litci.org\/pt\/2021\/06\/23\/64269-2\/#_ftnref10\">[10]<\/a>&nbsp;&nbsp;Publicaci\u00f3n oficial de la Academia Nacional de Ciencias de Estados Unidos (PNAS) en: https:\/\/www.pnas.org\/content\/117\/24\/13596#sec-6<\/p>\n\n\n\n<p><a href=\"https:\/\/litci.org\/pt\/2021\/06\/23\/64269-2\/#_ftnref11\">[11]<\/a>&nbsp;&nbsp;https:\/\/www.nationalgeographicbrasil.com\/meio-ambiente\/humanos-sobreviverao-sexta-grande-extincao<\/p>\n\n\n\n<hr class=\"wp-block-separator has-alpha-channel-opacity\" \/>\n\n\n\n<p><a href=\"https:\/\/litci.org\/pt\/2024\/10\/24\/cop-16-e-a-sexta-extincao\/#_ftnref1\">[1]&nbsp;<\/a><a href=\"https:\/\/litci.org\/pt\/2021\/06\/23\/64269-2\/\">Restauraci\u00f3n de ecosistemas y la sexta extinci\u00f3n \u2013 Liga Internacional de Trabajadores<\/a><\/p>\n\n\n\n<p><a href=\"https:\/\/litci.org\/pt\/2024\/10\/24\/cop-16-e-a-sexta-extincao\/#_ftnref2\">[2]&nbsp;<\/a><a href=\"https:\/\/litci.org\/pt\/2021\/10\/26\/cop26\/\">COP26: d\u00e9cadas de &#8216;bla, bla, bla&#8217; capitalista \u2013 Liga Internacional de los Trabajadores<\/a><\/p>\n\n\n\n<p><a href=\"https:\/\/litci.org\/pt\/2024\/10\/24\/cop-16-e-a-sexta-extincao\/#_ftnref3\">[3] \u00bf&nbsp;<\/a><a href=\"https:\/\/litci.org\/pt\/2020\/05\/26\/a-melhor-vacina-contra-a-proxima-pandemia-proteger-os-espacos-naturais-e-sua-biodiversidade\/\">La mejor \u201cvacuna\u201d contra la pr\u00f3xima pandemia? Proteger los espacios naturales y su biodiversidad \u2013 Liga Internacional de los Trabajadores<\/a><\/p>\n\n\n\n<p><a href=\"https:\/\/litci.org\/pt\/2024\/10\/24\/cop-16-e-a-sexta-extincao\/#_ftnref4\">[4]&nbsp;<\/a><a href=\"https:\/\/litci.org\/pt\/2024\/10\/24\/a-cop-16-acontece-na-colombia-enquanto-os-capitalistas-continuam-destruindo-a-natureza-no-mundo\/\">La COP-16 se lleva a cabo en Colombia, mientras los capitalistas contin\u00faan destruyendo la naturaleza en todo el mundo \u2013 Liga Internacional de los Trabajadores<\/a><\/p>\n\n\n\n<p>Traducci\u00f3n: Natalia Estrada.<\/p>\n","protected":false},"excerpt":{"rendered":"<p>En estos d\u00edas se realiza en Colombia la COP 16, primera cumbre tras la firma del Marco Global de Biodiversidad Kunming-Montreal. Desde instituciones y numerosos grupos ecologistas se reivindic\u00f3 como hist\u00f3rico un acuerdo para parar la destrucci\u00f3n de la biodiversidad y luchar contra la sexta extinci\u00f3n en masa que est\u00e1 en marcha[1]&nbsp;(Seg\u00fan Green Facts \u201cen [&hellip;]<\/p>\n","protected":false},"author":14,"featured_media":77612,"menu_order":0,"comment_status":"open","ping_status":"open","sticky":false,"template":"","format":"standard","meta":{"jetpack_post_was_ever_published":false,"_jetpack_newsletter_access":"","_jetpack_dont_email_post_to_subs":false,"_jetpack_newsletter_tier_id":0,"_jetpack_memberships_contains_paywalled_content":false,"litci_post_political_author":"","_jetpack_memberships_contains_paid_content":false,"footnotes":""},"categories":[14605],"tags":[],"class_list":["post-77611","post","type-post","status-publish","format-standard","has-post-thumbnail","hentry","category-crisis-climatica-y-ambiental"],"jetpack_featured_media_url":"https:\/\/i0.wp.com\/litci.org\/es\/wp-content\/uploads\/2024\/10\/Sexta-extincion-masiva-de-animales.jpg?fit=1024%2C640&ssl=1","fimg_url":"https:\/\/i0.wp.com\/litci.org\/es\/wp-content\/uploads\/2024\/10\/Sexta-extincion-masiva-de-animales.jpg?fit=1024%2C640&ssl=1","categories_names":["Crisis clim\u00e1tica y ambiental"],"author_info":{"name":"leonardo","pic":"https:\/\/secure.gravatar.com\/avatar\/5b026831a33fc9397b874aaf2fbce7cc661697946383efa447f6bf2fd4c79d48?s=96&d=mm&r=g"},"political_author":null,"tagline":"","jetpack_sharing_enabled":true,"_links":{"self":[{"href":"https:\/\/litci.org\/es\/wp-json\/wp\/v2\/posts\/77611","targetHints":{"allow":["GET"]}}],"collection":[{"href":"https:\/\/litci.org\/es\/wp-json\/wp\/v2\/posts"}],"about":[{"href":"https:\/\/litci.org\/es\/wp-json\/wp\/v2\/types\/post"}],"author":[{"embeddable":true,"href":"https:\/\/litci.org\/es\/wp-json\/wp\/v2\/users\/14"}],"replies":[{"embeddable":true,"href":"https:\/\/litci.org\/es\/wp-json\/wp\/v2\/comments?post=77611"}],"version-history":[{"count":2,"href":"https:\/\/litci.org\/es\/wp-json\/wp\/v2\/posts\/77611\/revisions"}],"predecessor-version":[{"id":77742,"href":"https:\/\/litci.org\/es\/wp-json\/wp\/v2\/posts\/77611\/revisions\/77742"}],"wp:featuredmedia":[{"embeddable":true,"href":"https:\/\/litci.org\/es\/wp-json\/wp\/v2\/media\/77612"}],"wp:attachment":[{"href":"https:\/\/litci.org\/es\/wp-json\/wp\/v2\/media?parent=77611"}],"wp:term":[{"taxonomy":"category","embeddable":true,"href":"https:\/\/litci.org\/es\/wp-json\/wp\/v2\/categories?post=77611"},{"taxonomy":"post_tag","embeddable":true,"href":"https:\/\/litci.org\/es\/wp-json\/wp\/v2\/tags?post=77611"}],"curies":[{"name":"wp","href":"https:\/\/api.w.org\/{rel}","templated":true}]}}