{"id":77605,"date":"2024-10-23T11:57:33","date_gmt":"2024-10-23T11:57:33","guid":{"rendered":"https:\/\/litci.org\/es\/?p=77605"},"modified":"2024-11-03T13:27:36","modified_gmt":"2024-11-03T13:27:36","slug":"la-cop-16-se-realiza-en-colombia-mientras-los-capitalistas-continuan-destruyendo-la-naturaleza-en-el-mundo","status":"publish","type":"post","link":"https:\/\/litci.org\/es\/la-cop-16-se-realiza-en-colombia-mientras-los-capitalistas-continuan-destruyendo-la-naturaleza-en-el-mundo\/","title":{"rendered":"La COP-16 se realiza en Colombia, mientras los capitalistas contin\u00faan destruyendo la naturaleza en el mundo"},"content":{"rendered":"\n<p>Por Alejandro Vera <\/p>\n\n\n\n<p>El gobierno de Petro y en especial su ministra de ambiente y desarrollo sostenible Susana Muhamad han promovido en\u00e9rgicamente la realizaci\u00f3n de la COP-16 en la ciudad de Cali, evento que traer\u00e1 m\u00e1s de 15.000 visitantes a la misma del 21 de octubre al 1 de noviembre de este a\u00f1o; se trata de la decimosexta reuni\u00f3n de la Conferencia de las Partes (COP), organismo que dirige y monitorea el Convenio sobre la Diversidad biol\u00f3gica (CDB) de las Naciones Unidas, tratado internacional suscrito por 195 pa\u00edses y cuyo origen se remonta a la Cumbre de la Tierra de R\u00edo de Janeiro de 1992.<\/p>\n\n\n\n<p>Esta conferencia internacional que se lleva a cabo cada dos a\u00f1os y que busca seg\u00fan sus objetivos plantear medidas, marcos y agendas para conservar la biodiversidad en el planeta y darle un uso sostenible, contar\u00e1 en su versi\u00f3n 16 con la participaci\u00f3n de 12 jefes de estado (entre estos Lula da Silva de Brasil) y m\u00e1s de 100 ministros de ambiente de las naciones capitalistas, as\u00ed como con 14.000 delegados internacionales. Habr\u00e1 una zona azul para las delegaciones \u201cde alto nivel\u201d y una zona verde para la \u201cparticipaci\u00f3n\u201d de la \u201cgente\u201d, lo que ya de por s\u00ed le crea una marca de elitismo y de falsa inclusi\u00f3n al evento por la separaci\u00f3n del alto burocratismo internacional medioambiental del resto de la \u201cgente\u201d.<\/p>\n\n\n\n<p>El gobierno Petro ha se\u00f1alado un sinn\u00famero de bondades que traer\u00eda esta conferencia para sectores econ\u00f3micos de Cali como el turismo, el comercio, el transporte, e incluso prometiendo la generaci\u00f3n de nuevos puestos de trabajo; tambi\u00e9n indicando que se deben mostrar compromisos, avances y mejoras por parte del estado colombiano en cuanto al control de las problem\u00e1ticas ambientales y la conservaci\u00f3n de la biodiversidad del pa\u00eds. Sin embargo, vale la pena cuestionar si de esta \u201cbonanza\u201d temporal y circunstancial los mayores beneficiarios ser\u00e1n los grandes empresarios de estos sectores econ\u00f3micos, mientras que la mayor\u00eda de los trabajadores locales seguir\u00e1n padeciendo los altos niveles de desempleo e informalidad laboral que azotan a la ciudad de Cali como al resto del pa\u00eds.<\/p>\n\n\n\n<p>El gran rechazo a nivel nacional que ha recibido la mediocre intentona del periodista Luis Carlos V\u00e9lez director del medio radial burgu\u00e9s \u201cla FM\u201d de minimizar este evento como parte de su campa\u00f1a derechista permanente de desgaste y oposici\u00f3n al gobierno, puede reflejar de forma distorsionada una expectativa sembrada en la consciencia de capas de trabajadores, sectores populares y juveniles, y del activismo social, ambientalista y pol\u00edtico, ante el desarrollo y los resultados de la COP-16 en Colombia.<\/p>\n\n\n\n<p>M\u00e1s all\u00e1 de estos debates sobre la relevancia del evento o de su impacto en la econom\u00eda de Cali, queremos compartir con los trabajadores, la juventud y el activismo social y ambiental una perspectiva cr\u00edtica del mismo, partiendo por reconocer que ante el avasallante y desesperanzador escenario ambiental que actualmente vivimos y padecemos de distintas maneras en todos los pa\u00edses del mundo, son muchos los sectores de trabajadores, populares, campesinos y de los pueblos originarios, y especialmente la juventud, quienes se han preocupado honestamente por la superaci\u00f3n de la crisis ambiental y ecol\u00f3gica, y consecuentemente han desarrollado un activismo ecol\u00f3gico acorde con su nivel de consciencia, que los ha colocado al frente de luchas que han logrado la protecci\u00f3n real y concreta de r\u00edos, p\u00e1ramos, especies de fauna y flora, y ecosistemas enteros.<\/p>\n\n\n\n<p><strong>No hay paz con la naturaleza en el capitalismo<\/strong><\/p>\n\n\n\n<p>El lema principal de la COP-16 Colombia es \u201cpaz con la naturaleza\u201d, pero tambi\u00e9n ha sido promovida como la COP de \u201cla gente y la reconciliaci\u00f3n\u201d. Seg\u00fan la misma p\u00e1gina de la COP-16 Colombia este lema es \u201cun llamado a la reflexi\u00f3n para mejorar la relaci\u00f3n que tenemos con el ambiente, repensar un modelo econ\u00f3mico que no priorice la extracci\u00f3n, sobreexplotaci\u00f3n y contaminaci\u00f3n de la naturaleza\u201d, pero todo esto sin rebasar los marcos del sistema capitalista.<\/p>\n\n\n\n<p>En esta COP-16 se plantea hacer seguimiento a la implementaci\u00f3n de los estados parte de la CDB al Marco Global de Biodiversidad de Kunming-Montreal adoptado por 192 pa\u00edses en la anterior COP-15 realizada en Canad\u00e1 en diciembre de 2022. Este marco que seg\u00fan el programa de las Naciones Unidas para el Medio Ambiente busca \u201cdetener y revertir la p\u00e9rdida de la naturaleza, en un contexto de peligroso declive que amenaza la supervivencia de un mill\u00f3n de especies y afecta a la vida de miles de millones de personas\u201d&nbsp; y cuyo objetivo es \u201csalvaguardar y utilizar de manera sostenible la biodiversidad\u201d, ha sido catalogado como un paso hist\u00f3rico, pero parad\u00f3jicamente fue dirigido por China, uno de los pa\u00edses con el capitalismo m\u00e1s depredador de recursos y destructor de la naturaleza en el planeta.<\/p>\n\n\n\n<p>Una de las razones fuertes que le permiti\u00f3 a Colombia ser la sede elegida de este evento internacional es que hace parte del grupo privilegiado de pa\u00edses megadiversos del mundo, siendo el segundo m\u00e1s biodiverso al albergar en su territorio el 10% de la biodiversidad del planeta. Recordemos que la biodiversidad hace referencia a la riqueza en diversidad de especies de la fauna y flora vivas de un territorio, cuya preservaci\u00f3n es fundamental para el sostenimiento de los ecosistemas y la permanencia de las diversas formas de vida en el planeta.<\/p>\n\n\n\n<p>Pero esta biodiversidad del pa\u00eds est\u00e1 amenazada constantemente por nuestro sometimiento al imperialismo principalmente al estadounidense, estado que firm\u00f3 m\u00e1s no ha ratificado a\u00fan el CDB y para el cual somos parte de su patio trasero, por lo que la abundante riqueza natural y biodiversidad de nuestros ecosistemas es continuamente expoliada, apropiada y enajenada (robada) por voraces capitalistas nacionales y extranjeros.<\/p>\n\n\n\n<p>La ministra Muhamad ha declarado que la verdadera lucha del siglo XXI es por la vida y que esta se debe orientar a la transformaci\u00f3n de la relaci\u00f3n del ser humano con la naturaleza, as\u00ed como al cambio de \u201cnuestras pr\u00e1cticas de producci\u00f3n y consumo\u201d, para conseguir acciones colectivas que \u201cimpulsen la vida en lugar de destruirla\u201d.<\/p>\n\n\n\n<p><strong>Proteger la biodiversidad implica derrotar el sistema<\/strong><\/p>\n\n\n\n<p>Nosotros consideramos que hoy luchar por la vida de las m\u00e1s de 8,7 millones de especies del planeta (c\u00e1lculo cient\u00edfico que no cuenta bacterias y microorganismos), dentro de las cuales la especie humana debe incluirse como parte integral de la naturaleza y a la vez la \u00fanica especie que construye una barrera separadora de la misma que es el mundo social, implica desarrollar la lucha contra el decadente sistema capitalista en su fase imperialista, y por la superaci\u00f3n definitiva de este, con la instauraci\u00f3n de un sistema social superior, que es el socialismo. Porque solamente el socialismo nos va a permitir a los pueblos del mundo transformar radicalmente (de ra\u00edz) la relaci\u00f3n del ser humano con la naturaleza al romper la din\u00e1mica del metabolismo social del capitalismo que lleva a la constante depredaci\u00f3n de la naturaleza y a poner en al orden del d\u00eda la destrucci\u00f3n de la vida de millones de especies, incluida la del ser humano.<\/p>\n\n\n\n<p>La lucha por la vida debe significar mucho m\u00e1s que s\u00f3lo cambiar las pr\u00e1cticas de producci\u00f3n y consumo dentro de los marcos del capitalismo, de pasar de unas pr\u00e1cticas \u201cno sostenibles\u201d y \u201csalvajes\u201d, a unas m\u00e1s \u201cverdes\u201d, m\u00e1s \u201climpias\u201d y m\u00e1s \u201cresponsables\u201d. Se debe construir una nueva forma de producci\u00f3n de la riqueza social, en la que la econom\u00eda est\u00e9 al servicio de las necesidades de la gente trabajadora y de las comunidades originarias y campesinas, y que esta econom\u00eda se planifique de tal manera que se utilicen los recursos naturales necesarios para satisfacer estas necesidades y se conserven los ecosistemas en el m\u00e1ximo nivel requerido para revertir el ecocidio en curso. El funcionamiento del capitalismo no podr\u00e1 ser nunca verde o limpio, porque su l\u00f3gica es acumular ganancias sin l\u00edmites a costa de la explotaci\u00f3n indiscriminada de la naturaleza y de las vidas de los trabajadores, ya que se ha demostrado hist\u00f3ricamente que es una m\u00e1quina que hiede lodo y sangre a su paso.<\/p>\n\n\n\n<p>Prueba de esto es que a pesar de las numerosas conferencias medioambientales y clim\u00e1ticas realizadas en estas tres d\u00e9cadas, estas no han logrado detener los desastrosos impactos del capitalismo sobre la naturaleza, por el contrario, se han agravado. Por ejemplo, se ha producido una enorme aceleraci\u00f3n de las emisiones de GEI a la atm\u00f3sfera, ya que&nbsp; solo en los \u00faltimos 30 a\u00f1os (1990-2019) se liberaron a la atm\u00f3sfera el 42% de todas las emisiones de gases de efecto invernadero (GEI), desde 1850.&nbsp; Cada a\u00f1o se rompen r\u00e9cords de las temperaturas m\u00e1s altas registradas en el planeta.&nbsp; Seg\u00fan Green Facts \u201cen los \u00faltimos cien a\u00f1os, el hombre ha provocado una tasa de extinci\u00f3n al menos 100 veces superior a la natural. El ritmo actual de extinci\u00f3n supera ampliamente al de aparici\u00f3n de nuevas especies, lo que se traduce en una p\u00e9rdida neta de biodiversidad\u201d.<\/p>\n\n\n\n<p>Por todo lo anterior hacemos un llamado paciente a no dejarnos enga\u00f1ar por las promesas y compromisos que surjan de la COP-16, cumbre en donde las naciones imperialistas muestran su cara m\u00e1s amable e hip\u00f3crita vali\u00e9ndose del di\u00e1logo social y ambiental,&nbsp; y que con la participaci\u00f3n de los gobiernos de las naciones capitalistas subyugadas, pretenden conjuntamente lavar su imagen, cuando en realidad son corresponsables directos de la crisis clim\u00e1tica y ecol\u00f3gica mundial al representar a los sectores capitalistas e imperialistas que llevan las riendas del sistema que ejecuta el ecocidio mundial y nos conduce ya al l\u00edmite del colapso ecol\u00f3gico y la barbarie.<\/p>\n\n\n\n<p><\/p>\n","protected":false},"excerpt":{"rendered":"<p>Por Alejandro Vera El gobierno de Petro y en especial su ministra de ambiente y desarrollo sostenible Susana Muhamad han promovido en\u00e9rgicamente la realizaci\u00f3n de la COP-16 en la ciudad de Cali, evento que traer\u00e1 m\u00e1s de 15.000 visitantes a la misma del 21 de octubre al 1 de noviembre de este a\u00f1o; se trata [&hellip;]<\/p>\n","protected":false},"author":14,"featured_media":77606,"menu_order":0,"comment_status":"open","ping_status":"open","sticky":false,"template":"","format":"standard","meta":{"jetpack_post_was_ever_published":false,"_jetpack_newsletter_access":"","_jetpack_dont_email_post_to_subs":false,"_jetpack_newsletter_tier_id":0,"_jetpack_memberships_contains_paywalled_content":false,"litci_post_political_author":"","_jetpack_memberships_contains_paid_content":false,"footnotes":""},"categories":[2678,14605,2659],"tags":[],"class_list":["post-77605","post","type-post","status-publish","format-standard","has-post-thumbnail","hentry","category-colombia","category-crisis-climatica-y-ambiental","category-pst-colombia"],"jetpack_featured_media_url":"https:\/\/i0.wp.com\/litci.org\/es\/wp-content\/uploads\/2024\/10\/001109937W.jpg?fit=1800%2C1200&ssl=1","fimg_url":"https:\/\/i0.wp.com\/litci.org\/es\/wp-content\/uploads\/2024\/10\/001109937W.jpg?fit=1800%2C1200&ssl=1","categories_names":["Colombia","Crisis clim\u00e1tica y ambiental","PST - Colombia"],"author_info":{"name":"leonardo","pic":"https:\/\/secure.gravatar.com\/avatar\/5b026831a33fc9397b874aaf2fbce7cc661697946383efa447f6bf2fd4c79d48?s=96&d=mm&r=g"},"political_author":null,"tagline":"","jetpack_sharing_enabled":true,"_links":{"self":[{"href":"https:\/\/litci.org\/es\/wp-json\/wp\/v2\/posts\/77605","targetHints":{"allow":["GET"]}}],"collection":[{"href":"https:\/\/litci.org\/es\/wp-json\/wp\/v2\/posts"}],"about":[{"href":"https:\/\/litci.org\/es\/wp-json\/wp\/v2\/types\/post"}],"author":[{"embeddable":true,"href":"https:\/\/litci.org\/es\/wp-json\/wp\/v2\/users\/14"}],"replies":[{"embeddable":true,"href":"https:\/\/litci.org\/es\/wp-json\/wp\/v2\/comments?post=77605"}],"version-history":[{"count":1,"href":"https:\/\/litci.org\/es\/wp-json\/wp\/v2\/posts\/77605\/revisions"}],"predecessor-version":[{"id":77607,"href":"https:\/\/litci.org\/es\/wp-json\/wp\/v2\/posts\/77605\/revisions\/77607"}],"wp:featuredmedia":[{"embeddable":true,"href":"https:\/\/litci.org\/es\/wp-json\/wp\/v2\/media\/77606"}],"wp:attachment":[{"href":"https:\/\/litci.org\/es\/wp-json\/wp\/v2\/media?parent=77605"}],"wp:term":[{"taxonomy":"category","embeddable":true,"href":"https:\/\/litci.org\/es\/wp-json\/wp\/v2\/categories?post=77605"},{"taxonomy":"post_tag","embeddable":true,"href":"https:\/\/litci.org\/es\/wp-json\/wp\/v2\/tags?post=77605"}],"curies":[{"name":"wp","href":"https:\/\/api.w.org\/{rel}","templated":true}]}}