{"id":77575,"date":"2024-10-20T13:37:18","date_gmt":"2024-10-20T13:37:18","guid":{"rendered":"https:\/\/litci.org\/es\/?p=77575"},"modified":"2024-11-03T13:27:39","modified_gmt":"2024-11-03T13:27:39","slug":"el-centrao-y-la-extrema-derecha-ganaron-las-elecciones-municipales-en-el-primer-turno","status":"publish","type":"post","link":"https:\/\/litci.org\/es\/el-centrao-y-la-extrema-derecha-ganaron-las-elecciones-municipales-en-el-primer-turno\/","title":{"rendered":"El \u201cCentr\u00e3o\u201d y la extrema derecha ganaron las elecciones municipales en el primer turno"},"content":{"rendered":"\n<p><em>El 6 de octubre, los grandes vencedores de las elecciones fueron el Centr\u00e3o y la extrema derecha bolsonarista. El Partido Liberal (PL) bolsonarista obtuvo 15,7 millones de votos, un aumento de 236% respecto a 2020, lo que le permiti\u00f3 saltar de 344 a 512 alcald\u00edas. El Partido Social Democr\u00e1tico, el PSD, uno de los \u201cn\u00facleos del Centr\u00e3o\u201d, sali\u00f3 de la primera vuelta con 14,5 millones (36,7% m\u00e1s que en 2020) y el t\u00edtulo de partido que eligi\u00f3 el mayor n\u00famero de alcaldes (882). La mayor\u00eda de las dem\u00e1s siglas del Centr\u00e3o tambi\u00e9n crecieron.<\/em><\/p>\n\n\n\n<p>Por J\u00falio Anselmo<\/p>\n\n\n\n<p>La elecci\u00f3n fue una demostraci\u00f3n de la fuerza y d\u200b\u200bel crecimiento de la derecha. No s\u00f3lo desde el punto de vista del resultado electoral, sino tambi\u00e9n sobre c\u00f3mo transcurri\u00f3 el debate pol\u00edtico.<\/p>\n\n\n\n<p>El Centr\u00e3o, que siempre ha sido conservador y reaccionario, hoy est\u00e1 mucho m\u00e1s a la derecha. La derecha bolsonarista intenta, coyunturalmente, reinstitucionalizarse, al mismo tiempo que emerge una variante m\u00e1s exaltada, al \u201cestilo\u201d Pablo Mar\u00e7al.<\/p>\n\n\n\n<p>Mientras tanto, PT y PSOL hicieron campa\u00f1a con un \u201cFrente\u201d en el que la presencia de sectores burgueses fue a\u00fan m\u00e1s amplia y Lula instal\u00f3 en sus ministerios a representantes del MDB, de Ricardo Nunes; de los Republicanos, de Tarc\u00edsio de Freitas; y el PSD, liderado por Kassab, adem\u00e1s del Uni\u00e3o Brasil y del PP.<\/p>\n\n\n\n<p>Guilherme Boulos (PSOL\/SP) viene realizando una campa\u00f1a en la que renuncia a todo lo que pueda llamarse un programa m\u00ednimamente de izquierda, exigiendo, por ejemplo, Organizaciones Sociales (OS) y Parcerias [Asociaciones] P\u00fablico-Privadas (PPP), adem\u00e1s de profundizar la alianza con los multimillonarios capitalistas.<\/p>\n\n\n\n<p><strong>PT: derrota de su propia pol\u00edtica<\/strong><\/p>\n\n\n\n<p>La elecci\u00f3n expresa un momento de relativo equilibrio en el marco de la inestabilidad m\u00e1s estructural y generalizada de la crisis capitalista mundial, de las disputas entre los sectores de la burgues\u00eda y de la polarizaci\u00f3n pol\u00edtica que atraviesa el pa\u00eds. Lo que tambi\u00e9n ayuda a explicar el gran n\u00famero de candidatos reelegidos. Aunque aqu\u00ed entran en juego los miles de millones de la maquinaria parlamentaria del Centr\u00e3o que se vertieron justamente en estas ciudades.<\/p>\n\n\n\n<p>El Centr\u00e3o logra, al mismo tiempo, estar dentro del gobierno de Lula y servir como base fundamental de apoyo al bolsonarismo en las elecciones.<\/p>\n\n\n\n<p>Mientras tanto, el PT sali\u00f3 derrotado de las elecciones, a pesar de haber ganado m\u00e1s alcald\u00edas, pasando de 182 a 248, y de haber aumentado ligeramente el n\u00famero de votos. Aunque, si la candidatura de Boulos a la alcald\u00eda de S\u00e3o Paulo tiene \u00e9xito, podr\u00eda, en parte, cambiar este equilibrio.<\/p>\n\n\n\n<p>Pero, para un partido que est\u00e1 al frente del gobierno federal, al PT le fue mal, lo que tambi\u00e9n demuestra el desastre de la pol\u00edtica capitalista y liberal aplicada por el gobierno.<\/p>\n\n\n\n<p>Lo que vimos es que, despu\u00e9s de dos a\u00f1os de gobierno de Lula, es m\u00e1s probable que los trabajadores y el pueblo busquen salidas individuales y apoyen el discurso liberal en defensa del capitalismo.<\/p>\n\n\n\n<p>Hay analistas que coquetean con la idea de que, en estas elecciones, se acab\u00f3 la polarizaci\u00f3n pol\u00edtica que atraviesa el pa\u00eds, afirmando que el bolsonarismo fue encuadrado por la democracia burguesa.<\/p>\n\n\n\n<p>Tarc\u00edsio y Nunes son los grandes fiadores de este proyecto de construcci\u00f3n de un bolsonarismo aparentemente m\u00e1s moderado. Ambos juegan con la posibilidad de \u201cnormalizaci\u00f3n\u201d e \u201cinstitucionalizaci\u00f3n\u201d del bolsonarismo, que les permita ocupar cada vez m\u00e1s espacio de poder. Y, tambi\u00e9n, responden a los se\u00f1alamientos de sectores de la burgues\u00eda, en relaci\u00f3n con las elecciones de 2026, que miran con simpat\u00eda y expectaci\u00f3n este bolsonarismo \u201cm\u00e1s domesticado\u201d. Aunque Pablo Mar\u00e7al tambi\u00e9n encanta a la Faria Lima (la avenida s\u00edmbolo de la burgues\u00eda, en S\u00e3o Paulo).<\/p>\n\n\n\n<p>Pero este razonamiento ignora dos cosas. Una, que se profundiz\u00f3 todo un proceso de reorganizaci\u00f3n de la extrema derecha, con fen\u00f3menos ajenos a la figura de Bolsonaro. La mayor expresi\u00f3n de esto es el propio Mar\u00e7al, que por muy poco no pas\u00f3 a la segunda vuelta en S\u00e3o Paulo, donde logr\u00f3 guiar el debate y obtener muchos votos. Este fen\u00f3meno no se limit\u00f3 a la capital de S\u00e3o Paulo. En Curitiba (PR), el segundo turno estuvo dominado por los bolsonaristas. En Fortaleza (CE) y Belo Horizonte (MG) sorprendentemente llegaron a la segunda vuelta.<\/p>\n\n\n\n<p>La segunda cosa es que a pesar de estar m\u00e1s fragmentada, la ultraderecha no est\u00e1 necesariamente m\u00e1s d\u00e9bil. Al contrario, se hizo m\u00e1s fuerte de conjunto. No es que el bolsonarismo y sus variantes vayan hacia el centro; pero s\u00ed, es el Centr\u00e3o el que se mueve m\u00e1s hacia la derecha, aunque sea fisiol\u00f3gicamente, a trav\u00e9s de una especie de \u201csemiparlamentarismo reaccionario\u201d instalado en el pa\u00eds.<\/p>\n\n\n\n<p><strong>Un perfil distinto, pero igualmente peligroso<\/strong><\/p>\n\n\n\n<p>El escenario que surge no es menos peligroso; incluso con un sector bolsonarista m\u00e1s extremista de un lado y una cierta adaptaci\u00f3n temporaria de otro sector, debido principalmente a la derrota en las elecciones de 2022 y al intento de golpe de Estado del 8 de enero. M\u00e1s a\u00fan cuando el papel del PT, del PSOL y de las burocracias que dirigen innumerables organizaciones de la clase es ser una izquierda capitalista y liberal, defensora del sistema actual.<\/p>\n\n\n\n<p>El fen\u00f3meno Mar\u00e7al suscita nuevas preocupaciones en comparaci\u00f3n con los partidarios del expresidente (m\u00e1s vinculados a los militares y nost\u00e1lgicos de 1964), llevando el bolsonarismo a una parte de la juventud, con un perfil ultraliberal, m\u00e1s parecido al de Nayib Bukele (presidente de El Salvador), representante de la \u201csupuesta prosperidad\u201d, pero con un car\u00e1cter religioso tambi\u00e9n diferente.<\/p>\n\n\n\n<p>La supuesta domesticaci\u00f3n de parte del bolsonarismo es la prueba de un profundo pacto reaccionario entre sectores burgueses y un r\u00e9gimen democr\u00e1tico burgu\u00e9s cada vez m\u00e1s autoritario. Se trata mucho m\u00e1s de la b\u00fasqueda de ganar espacios y fuerzas para su proyecto autoritario. Ignorar esto es ignorar las profundas bases sociales, econ\u00f3micas y pol\u00edticas que sostienen a la ultraderecha, en Brasil y en el mundo.<\/p>\n\n\n\n<p>Y esto es as\u00ed porque la crisis del capitalismo impone un nivel a\u00fan mayor de explotaci\u00f3n y sufrimiento a los trabajadores y al pueblo, provocando que un ala de la burgues\u00eda utilice estos sectores pol\u00edticos e ideol\u00f3gicos para justificar su proyecto reaccionario contra la mayor\u00eda de la poblaci\u00f3n.<\/p>\n\n\n\n<p><strong>El camino de la derrota<\/strong>: <strong>Frente Amplio y gobierno de Lula fortalecen a la derecha<\/strong><\/p>\n\n\n\n<figure class=\"wp-block-image size-full\"><img data-recalc-dims=\"1\" loading=\"lazy\" decoding=\"async\" width=\"770\" height=\"513\" src=\"https:\/\/i0.wp.com\/litci.org\/es\/wp-content\/uploads\/2024\/10\/img_20230810_172903.webp?resize=770%2C513&#038;ssl=1\" alt=\"\" class=\"wp-image-77576\" srcset=\"https:\/\/i0.wp.com\/litci.org\/es\/wp-content\/uploads\/2024\/10\/img_20230810_172903.webp?w=770&amp;ssl=1 770w, https:\/\/i0.wp.com\/litci.org\/es\/wp-content\/uploads\/2024\/10\/img_20230810_172903.webp?resize=300%2C200&amp;ssl=1 300w, https:\/\/i0.wp.com\/litci.org\/es\/wp-content\/uploads\/2024\/10\/img_20230810_172903.webp?resize=768%2C512&amp;ssl=1 768w, https:\/\/i0.wp.com\/litci.org\/es\/wp-content\/uploads\/2024\/10\/img_20230810_172903.webp?resize=150%2C100&amp;ssl=1 150w, https:\/\/i0.wp.com\/litci.org\/es\/wp-content\/uploads\/2024\/10\/img_20230810_172903.webp?resize=696%2C464&amp;ssl=1 696w\" sizes=\"auto, (max-width: 770px) 100vw, 770px\" \/><figcaption class=\"wp-element-caption\">Lula y el prefecto reelecto de R\u00edo de Janeiro, Eduardo Paes Foto: Fernando Fraz\u00e3o\/Ag\u00eancia Brasil<\/figcaption><\/figure>\n\n\n\n<p>En 2022, la campa\u00f1a de Lula y del PT se desarroll\u00f3 \u00edntegramente en defensa del \u201cFrente Amplio\u201d con diversos sectores burgueses para \u201cderrotar al bolsonarismo\u201d.<\/p>\n\n\n\n<p>En ese momento advertimos que hacer alianzas con la burgues\u00eda; colocar a Centr\u00e3o en el gobierno; profundizar la decadencia del pa\u00eds, garantizando los intereses de los multimillonarios capitalistas, no servir\u00eda para imponer ninguna derrota a la ultraderecha, y mucho menos para cambiar las condiciones sociales que la alimentan.<\/p>\n\n\n\n<p>Por el contrario, afirmamos que esto s\u00f3lo servir\u00eda para desorganizar y desmoralizar a la clase trabajadora y, al final de cuentas, fortalecer a la propia ultraderecha, que es producto del capitalismo subalterno vigente en el pa\u00eds y moldeado a lo largo de los \u00faltimos 30 a\u00f1os por los gobiernos del PSDB y del PT.<\/p>\n\n\n\n<p>Precisamente por eso, la ultraderecha bolsonarista sigue existiendo con fuerza, como lo expresaron las elecciones. Ni siquiera el PT se beneficia de la alianza que hace con la derecha, y mucho menos los trabajadores. El mayor beneficiario es la propia derecha. Mientras tanto, el bolsonarismo se multiplica y avanza.<\/p>\n\n\n\n<p><strong>Tomados de la mano con la derecha y de espaldas al pueblo<\/strong><\/p>\n\n\n\n<p>El PT estaba aliado con el PL de Bolsonaro en 85 ciudades. En S\u00e3o Lu\u00eds (MA), PT y PL tambi\u00e9n apoyan juntos al candidato del PSB. En R\u00edo de Janeiro, el PT apoy\u00f3 a Eduardo Paes (PSD), quien tambi\u00e9n cont\u00f3 con el apoyo de bolsonaristas como el pastor fundamentalista Ottoni de Paula (MDB).<\/p>\n\n\n\n<p>En la segunda vuelta, el PT sigue la misma l\u00f3gica, llamando a votar por cualquier candidato contra el bolsonarismo. Y, as\u00ed, apoyar\u00e1n y votar\u00e1n por varios candidatos de la derecha tradicional, que retroalimentar\u00e1n el propio bolsonarismo.<\/p>\n\n\n\n<p>Mientras tanto, el pa\u00eds est\u00e1 siendo incendiado por el avance del agronegocio, que es financiado por el gobierno con m\u00e1s de R$ 400.000 millones; los ind\u00edgenas siguen siendo asesinados a la espera de que sus tierras sean demarcadas, y el gobierno trata el Marco Fiscal que recorta los fondos para Educaci\u00f3n y Salud, como una victoria. Los multimillonarios capitalistas celebran el crecimiento del PIB, que proporciona mayores ganancias, mientras el pueblo no experimenta ning\u00fan tipo de mejora en sus vidas.<\/p>\n\n\n\n<p><strong>Lecciones de la primera vuelta<\/strong>:<strong> por una oposici\u00f3n de izquierda y socialista para luchar contra todos los gobiernos<\/strong><\/p>\n\n\n\n<figure class=\"wp-block-image size-large\"><img data-recalc-dims=\"1\" loading=\"lazy\" decoding=\"async\" width=\"1024\" height=\"572\" src=\"https:\/\/i0.wp.com\/litci.org\/es\/wp-content\/uploads\/2024\/10\/WhatsApp-Image-2024-09-05-at-01.24.30-e1725562529728-1024x572.jpg?resize=1024%2C572&#038;ssl=1\" alt=\"\" class=\"wp-image-77578\" srcset=\"https:\/\/i0.wp.com\/litci.org\/es\/wp-content\/uploads\/2024\/10\/WhatsApp-Image-2024-09-05-at-01.24.30-e1725562529728.jpg?resize=1024%2C572&amp;ssl=1 1024w, https:\/\/i0.wp.com\/litci.org\/es\/wp-content\/uploads\/2024\/10\/WhatsApp-Image-2024-09-05-at-01.24.30-e1725562529728.jpg?resize=300%2C168&amp;ssl=1 300w, https:\/\/i0.wp.com\/litci.org\/es\/wp-content\/uploads\/2024\/10\/WhatsApp-Image-2024-09-05-at-01.24.30-e1725562529728.jpg?resize=768%2C429&amp;ssl=1 768w, https:\/\/i0.wp.com\/litci.org\/es\/wp-content\/uploads\/2024\/10\/WhatsApp-Image-2024-09-05-at-01.24.30-e1725562529728.jpg?resize=150%2C84&amp;ssl=1 150w, https:\/\/i0.wp.com\/litci.org\/es\/wp-content\/uploads\/2024\/10\/WhatsApp-Image-2024-09-05-at-01.24.30-e1725562529728.jpg?resize=696%2C389&amp;ssl=1 696w, https:\/\/i0.wp.com\/litci.org\/es\/wp-content\/uploads\/2024\/10\/WhatsApp-Image-2024-09-05-at-01.24.30-e1725562529728.jpg?w=1056&amp;ssl=1 1056w\" sizes=\"auto, (max-width: 1000px) 100vw, 1000px\" \/><figcaption class=\"wp-element-caption\">Militantes del PSTU durante la campa\u00f1a electoral.<\/figcaption><\/figure>\n\n\n\n<p>El PSTU present\u00f3 en las elecciones un programa revolucionario y socialista, explicando a los trabajadores la necesidad de enfrentar a los multimillonarios capitalistas, el sistema y la democracia de los ricos, as\u00ed como los gobiernos municipales, estatales y federales controlados por ellos.<\/p>\n\n\n\n<p>A lo largo de la campa\u00f1a, discutimos que s\u00f3lo as\u00ed los trabajadores garantizar\u00e1n sus derechos, enfrentar\u00e1n las mafias del transporte y la privatizaci\u00f3n (con PPP y OS) y combatir\u00e1n el dominio de las grandes empresas constructoras, que impiden la resoluci\u00f3n del problema de la vivienda en las ciudades.<\/p>\n\n\n\n<p>Estas elecciones tambi\u00e9n confirmaron la necesidad de que los trabajadores conf\u00eden \u00fanicamente en sus propias fuerzas, luchando por sus demandas y reafirmando la necesidad de una alternativa pol\u00edtica independiente de los sectores burgueses, con una propuesta de sociedad que enfrente los problemas del pa\u00eds y de las ciudades bajo una perspectiva socialista, para garantizar empleo digno, salarios decentes y m\u00e1s financiaci\u00f3n para la Salud y la Educaci\u00f3n.<\/p>\n\n\n\n<p>Nuestra campa\u00f1a enfrent\u00f3 a la ultraderecha, explicando c\u00f3mo son parte del sistema capitalista y, en verdad, son su ala m\u00e1s radicalizada y degenerada. Sin enfrentar al capitalismo y quebrar el poder de los multimillonarios capitalistas, no hay lucha contra la ultraderecha bolsonarista que pueda salir victoriosa.<\/p>\n\n\n\n<p>Al contrario de lo que dicen diversos sectores de la izquierda, que apoyan el gobierno Lula-Alckmin-Centr\u00e3o, justificando su adhesi\u00f3n a una izquierda capitalista, liberal y defensora del orden, estas elecciones, a pesar del poco espacio electoral para la oposici\u00f3n de izquierda, de clase y socialista, reafirmaron la necesidad de construirla.<\/p>\n\n\n\n<p>Despu\u00e9s de todo, no tiene sentido derrotar electoralmente al bolsonarismo adoptando el programa del neoliberalismo y del capitalismo y rifando las pautas de los oprimidos, para aliarse con la propia derecha y engrosar los votos de los sectores reaccionarios, como hace el PT.<\/p>\n\n\n\n<p>Argumentan que esta ser\u00eda una victoria t\u00e1ctica, electoral, para el gobierno del Frente Amplio del PT, pero seguir\u00eda siendo una derrota estrat\u00e9gica para todos los trabajadores, si contin\u00faan confiando en este proyecto pol\u00edtico que ha sido un obst\u00e1culo para fortalecer una alternativa de los trabajadores con independencia de la burgues\u00eda.<\/p>\n\n\n\n<p><strong>Fortalecer las luchas y la organizaci\u00f3n de los trabajadores<\/strong><\/p>\n\n\n\n<p>El gobierno Lula sale de estas elecciones m\u00e1s d\u00e9bil y m\u00e1s reh\u00e9n de Centr\u00e3o y de la Faria Lima, que exige a\u00fan m\u00e1s ataques a los trabajadores y a la soberan\u00eda del pa\u00eds. Limitar la lucha contra la ultraderecha a las elecciones, capitulando cada vez m\u00e1s a la burgues\u00eda, es el camino hacia la derrota.<\/p>\n\n\n\n<p>Por eso es necesario seguir fortaleciendo una alternativa revolucionaria y socialista, a pesar del limitado espacio electoral, disputando a los trabajadores por un programa que sea capaz de enfrentar a los multimillonarios capitalistas. Este es el \u00fanico camino para prepararnos para las batallas actuales y las venideras.<\/p>\n\n\n\n<p>Por eso reafirmamos la necesidad de fortalecer la movilizaci\u00f3n independiente de la clase trabajadora, su independencia de clase, y una oposici\u00f3n de izquierda, revolucionaria y socialista, contra los gobiernos de las tres esferas, incluido el gobierno de Lula-Alckmin-Centr\u00e3o. Para enfrentar al sistema e incluso enfrentar en serio a la ultraderecha.<\/p>\n\n\n\n<p>En la segunda vuelta, nuestra pauta m\u00e1s general es el voto nulo. En S\u00e3o Paulo y Porto Alegre (RS) indicaremos el voto cr\u00edtico a las candidaturas de Boulos y Maria do Ros\u00e1rio. Sin embargo, no tenemos un acuerdo y no apoyamos sus alianzas y programas, que se insertan en el Marco Fiscal capitalista liberal del gobierno Lula. Votaremos contra Ricardo Nunes y Melo, pero llamaremos a los trabajadores a no confiar en los gobiernos del PSOL y PT, si son elegidos. Traducci\u00f3n: Natalia Estrada.<\/p>\n","protected":false},"excerpt":{"rendered":"<p>El 6 de octubre, los grandes vencedores de las elecciones fueron el Centr\u00e3o y la extrema derecha bolsonarista. El Partido Liberal (PL) bolsonarista obtuvo 15,7 millones de votos, un aumento de 236% respecto a 2020, lo que le permiti\u00f3 saltar de 344 a 512 alcald\u00edas. El Partido Social Democr\u00e1tico, el PSD, uno de los \u201cn\u00facleos [&hellip;]<\/p>\n","protected":false},"author":14,"featured_media":77577,"menu_order":0,"comment_status":"open","ping_status":"open","sticky":false,"template":"","format":"standard","meta":{"jetpack_post_was_ever_published":false,"_jetpack_newsletter_access":"","_jetpack_dont_email_post_to_subs":false,"_jetpack_newsletter_tier_id":0,"_jetpack_memberships_contains_paywalled_content":false,"litci_post_political_author":"","_jetpack_memberships_contains_paid_content":false,"footnotes":""},"categories":[2676,2653],"tags":[],"class_list":["post-77575","post","type-post","status-publish","format-standard","has-post-thumbnail","hentry","category-brasil","category-pstu-brasil"],"jetpack_featured_media_url":"https:\/\/i0.wp.com\/litci.org\/es\/wp-content\/uploads\/2024\/10\/O_presidente_Lula_e_o_governador_de_SP_Tarcisio.jpg?fit=1200%2C800&ssl=1","fimg_url":"https:\/\/i0.wp.com\/litci.org\/es\/wp-content\/uploads\/2024\/10\/O_presidente_Lula_e_o_governador_de_SP_Tarcisio.jpg?fit=1200%2C800&ssl=1","categories_names":["Brasil","PSTU - Brasil"],"author_info":{"name":"leonardo","pic":"https:\/\/secure.gravatar.com\/avatar\/5b026831a33fc9397b874aaf2fbce7cc661697946383efa447f6bf2fd4c79d48?s=96&d=mm&r=g"},"political_author":null,"tagline":"","jetpack_sharing_enabled":true,"_links":{"self":[{"href":"https:\/\/litci.org\/es\/wp-json\/wp\/v2\/posts\/77575","targetHints":{"allow":["GET"]}}],"collection":[{"href":"https:\/\/litci.org\/es\/wp-json\/wp\/v2\/posts"}],"about":[{"href":"https:\/\/litci.org\/es\/wp-json\/wp\/v2\/types\/post"}],"author":[{"embeddable":true,"href":"https:\/\/litci.org\/es\/wp-json\/wp\/v2\/users\/14"}],"replies":[{"embeddable":true,"href":"https:\/\/litci.org\/es\/wp-json\/wp\/v2\/comments?post=77575"}],"version-history":[{"count":2,"href":"https:\/\/litci.org\/es\/wp-json\/wp\/v2\/posts\/77575\/revisions"}],"predecessor-version":[{"id":77747,"href":"https:\/\/litci.org\/es\/wp-json\/wp\/v2\/posts\/77575\/revisions\/77747"}],"wp:featuredmedia":[{"embeddable":true,"href":"https:\/\/litci.org\/es\/wp-json\/wp\/v2\/media\/77577"}],"wp:attachment":[{"href":"https:\/\/litci.org\/es\/wp-json\/wp\/v2\/media?parent=77575"}],"wp:term":[{"taxonomy":"category","embeddable":true,"href":"https:\/\/litci.org\/es\/wp-json\/wp\/v2\/categories?post=77575"},{"taxonomy":"post_tag","embeddable":true,"href":"https:\/\/litci.org\/es\/wp-json\/wp\/v2\/tags?post=77575"}],"curies":[{"name":"wp","href":"https:\/\/api.w.org\/{rel}","templated":true}]}}