{"id":77564,"date":"2024-10-20T13:17:15","date_gmt":"2024-10-20T13:17:15","guid":{"rendered":"https:\/\/litci.org\/es\/?p=77564"},"modified":"2024-11-03T13:27:40","modified_gmt":"2024-11-03T13:27:40","slug":"lula-se-reune-con-el-presidente-de-la-shell-para-discutir-el-petroleo-en-la-amazonia","status":"publish","type":"post","link":"https:\/\/litci.org\/es\/lula-se-reune-con-el-presidente-de-la-shell-para-discutir-el-petroleo-en-la-amazonia\/","title":{"rendered":"Lula se re\u00fane con el presidente de la Shell para discutir el petr\u00f3leo en la Amazon\u00eda"},"content":{"rendered":"\n<p><em>Mientras estaba en Nueva York para hablar en la inauguraci\u00f3n de la Asamblea General de las Naciones Unidas (ONU), el presidente Lula se reuni\u00f3 con el presidente global de la multinacional petrolera brit\u00e1nica Shell, Wael Sawan, y con el presidente de la Shell Brasil, Cristiano Pinto.<\/em><\/p>\n\n\n\n<p>Por Jeferson Choma<\/p>\n\n\n\n<p>En el discurso de la ONU, Lula habl\u00f3 sobre las guerras y tambi\u00e9n sobre el cambio clim\u00e1tico y reclam\u00f3 a los pa\u00edses capitalistas centrales cumplir con los objetivos de reducci\u00f3n de emisiones de carbono.<\/p>\n\n\n\n<p>Cuando se le pregunt\u00f3 si no ve\u00eda contradicci\u00f3n entre su discurso y una reuni\u00f3n fuera de agenda con una de las mayores compa\u00f1\u00edas petroleras del mundo, Lula respondi\u00f3: \u201cNo veo ninguna contradicci\u00f3n. Recib\u00ed a un empresario [de una compa\u00f1\u00eda] que simplemente est\u00e1 hace cien a\u00f1os en el Brasil (\u2026). Es una empresa que contribuy\u00f3 dentro de la l\u00f3gica de las exigencias de la pol\u00edtica energ\u00e9tica del Brasil\u201d, dijo.<\/p>\n\n\n\n<p><strong>En pauta, la exploraci\u00f3n petrolera en la desembocadura del r\u00edo Amazonas<\/strong><\/p>\n\n\n\n<p>La pauta era la exploraci\u00f3n petrolera en la Amazon\u00eda, en el Margen Ecuatorial. Seg\u00fan la prensa, el CEO de la Shell entreg\u00f3 al presidente un estudio que defiende la necesidad de que el Brasil avance en la exploraci\u00f3n petrolera. No es ning\u00fan secreto que Lula, el presidente de Petrobras, l\u00edderes de la situaci\u00f3n y de la oposici\u00f3n de derecha, defienden la arriesgada exploraci\u00f3n petrolera en la regi\u00f3n. Hasta ahora, ninguna compa\u00f1\u00eda petrolera ha comprobado junto al IBAMA que la exploraci\u00f3n puede ser segura y sin riesgos ambientales. Pero hay mucho dinero y poder en juego, y las presiones sobre la agencia ambiental para que permita la exploraci\u00f3n petrolera son enormes.<\/p>\n\n\n\n<p>Petrobras presiona para que el IBAMA autorice la perforaci\u00f3n del Bloque 59, ubicado a 160 kil\u00f3metros de la costa del Amap\u00e1. De otorgarse, esta autorizaci\u00f3n ser\u00eda la primera de una catarata de autorizaciones para la apertura de esta nueva frontera petrol\u00edfera.<\/p>\n\n\n\n<p>Brasil tiene 45 bloques de exploraci\u00f3n petrolera en el Margen Ecuatorial. Fueron subastados en 2013. Petrobras posee actualmente 17 bloques y la Shell 11 bloques. Pero 60% de la exploraci\u00f3n de la Petrobras se realizar\u00e1 en conjunto con la petrolera extranjera.<\/p>\n\n\n\n<p><strong>La farsa del desarrollo nacional<\/strong><\/p>\n\n\n\n<p>El Margen Ecuatorial ya es llamado \u201cel nuevo presal brasile\u00f1o\u201d, con posibilidades de producir entre 5.000 y 7.500 millones de barriles de petr\u00f3leo. El gobierno justifica la explotaci\u00f3n (y tambi\u00e9n la mayor\u00eda de la oposici\u00f3n bolsonarista) diciendo que servir\u00e1 al desarrollo nacional. Viejas palabras que ya han sido utilizadas para justificar la explotaci\u00f3n del presal y la construcci\u00f3n de la central hidroel\u00e9ctrica de Belo Monte. El pa\u00eds no se desarroll\u00f3, se volvi\u00f3 m\u00e1s desigual y m\u00e1s dependiente, incluso de la refinaci\u00f3n de petr\u00f3leo, y vulnerable a las crisis energ\u00e9ticas. No hay raz\u00f3n para pensar que el petr\u00f3leo de la Amazon\u00eda mejorar\u00e1 la vida del pueblo. S\u00ed, mejorar\u00e1 la vida de algunos pol\u00edticos y, sobre todo, pondr\u00e1 mucho dinero en los bolsillos de los grandes accionistas de Petrobras y Shell.<\/p>\n\n\n\n<p><strong>El petr\u00f3leo no es nuestro<\/strong><\/p>\n\n\n\n<p>Esto se debe a que la expansi\u00f3n de esta nueva frontera petrolera se dar\u00e1 en el marco de la profunda desnacionalizaci\u00f3n de la explotaci\u00f3n y producci\u00f3n petrolera en Brasil. El fin del monopolio petrolero estatal (en 1997), la venta de acciones de la Petrobras a inversores extranjeros que la convirtieron en una empresa de capital mixto, las innumerables subastas de yacimientos petrol\u00edferos (como la de Libra, vendida a multinacionales por un precio que correspond\u00eda a 1% de su valor real), los planes de desinversi\u00f3n y ventas de activos de la petrolera (venta de la BR distribuidora y refiner\u00edas), la pol\u00edtica de Precios de Paridad de Importaci\u00f3n y la exportaci\u00f3n de crudo para comprar petr\u00f3leo refinado son ejemplos del fondo del pozo neocolonial en que el pa\u00eds fue arrojado por los gobiernos de FHC, Lula, Dilma, PT, Temer y Bolsonaro. Por eso, la explotaci\u00f3n de petr\u00f3leo en el Margen Ecuatorial, directa o indirectamente, representar\u00e1 un saqueo m\u00e1s de los recursos energ\u00e9ticos del Brasil por parte del imperialismo mundial.<\/p>\n\n\n\n<p><strong>Margen Ecuatorial<\/strong>: a<strong>menaza contra el clima y la Amazon\u00eda Azul<\/strong><\/p>\n\n\n\n<p>Pero la exploraci\u00f3n petrolera tambi\u00e9n contribuir\u00e1 al calentamiento global, causado por las emisiones de carbono provocadas por la quema de petr\u00f3leo. Las consecuencias del calentamiento son m\u00e1s que visibles en olas de calor, sequ\u00edas, lluvias intensas y huracanes devastadores, y si no hay una reducci\u00f3n dr\u00e1stica de las emisiones, la humanidad se encaminar\u00e1 hacia el colapso clim\u00e1tico en este siglo.<\/p>\n\n\n\n<p>Adem\u00e1s, la exploraci\u00f3n amenaza la desembocadura del r\u00edo Amazonas y la llamada \u201cAmazon\u00eda Azul\u201d, caracterizada por extensos manglares que se extienden desde Amap\u00e1 hasta Maranh\u00e3o \u2013es la franja continua de manglares m\u00e1s grande del planeta y representa un enorme \u201cvivero\u201d para innumerables especies marinas\u2013. Los manglares tambi\u00e9n desempe\u00f1an un papel fundamental en la captura de gases de efecto invernadero (GEI) y tienen la incre\u00edble capacidad de capturar el doble de carbono que la propia selva tropical.<\/p>\n\n\n\n<p>Brasil no necesita esta explotaci\u00f3n que enriquecer\u00e1 a\u00fan m\u00e1s a algunos capitalistas. Necesita el desarrollo de nuevas fuentes de energ\u00eda renovable. Esto podr\u00eda lograrse nacionalizando todos los recursos energ\u00e9ticos del pa\u00eds \u2013incluido el petr\u00f3leo y la producci\u00f3n de electricidad\u2013 y utilizando sus ingresos para garantizar inversiones e investigaciones cient\u00edficas que garanticen la transici\u00f3n energ\u00e9tica. Es necesaria una Petrobras 100% estatal y controlada por los trabajadores para que la petrolera se convierta en una empresa de energ\u00eda renovable. Para lograrlo, es necesario enfrentar a los mayores enemigos de la transici\u00f3n energ\u00e9tica, que son los capitalistas y accionistas privados que mandan en la Petrobras. Traducci\u00f3n: Natalia Estrada.<\/p>\n","protected":false},"excerpt":{"rendered":"<p>Mientras estaba en Nueva York para hablar en la inauguraci\u00f3n de la Asamblea General de las Naciones Unidas (ONU), el presidente Lula se reuni\u00f3 con el presidente global de la multinacional petrolera brit\u00e1nica Shell, Wael Sawan, y con el presidente de la Shell Brasil, Cristiano Pinto. Por Jeferson Choma En el discurso de la ONU, [&hellip;]<\/p>\n","protected":false},"author":14,"featured_media":77565,"menu_order":0,"comment_status":"open","ping_status":"open","sticky":false,"template":"","format":"standard","meta":{"jetpack_post_was_ever_published":false,"_jetpack_newsletter_access":"","_jetpack_dont_email_post_to_subs":false,"_jetpack_newsletter_tier_id":0,"_jetpack_memberships_contains_paywalled_content":false,"litci_post_political_author":"","_jetpack_memberships_contains_paid_content":false,"footnotes":""},"categories":[2676,14605,2653],"tags":[],"class_list":["post-77564","post","type-post","status-publish","format-standard","has-post-thumbnail","hentry","category-brasil","category-crisis-climatica-y-ambiental","category-pstu-brasil"],"jetpack_featured_media_url":"https:\/\/i0.wp.com\/litci.org\/es\/wp-content\/uploads\/2024\/10\/big-1d136b420a6b1a19ae2ad643326214dc44fde41f24f2bb0048046cca7d0ec238a03a42216e4687295f99a4ae4ed4b023a8de18a84b34157aeb63f8bb4354ddc41727190838.jpg?fit=1280%2C720&ssl=1","fimg_url":"https:\/\/i0.wp.com\/litci.org\/es\/wp-content\/uploads\/2024\/10\/big-1d136b420a6b1a19ae2ad643326214dc44fde41f24f2bb0048046cca7d0ec238a03a42216e4687295f99a4ae4ed4b023a8de18a84b34157aeb63f8bb4354ddc41727190838.jpg?fit=1280%2C720&ssl=1","categories_names":["Brasil","Crisis clim\u00e1tica y ambiental","PSTU - Brasil"],"author_info":{"name":"leonardo","pic":"https:\/\/secure.gravatar.com\/avatar\/5b026831a33fc9397b874aaf2fbce7cc661697946383efa447f6bf2fd4c79d48?s=96&d=mm&r=g"},"political_author":null,"tagline":"","jetpack_sharing_enabled":true,"_links":{"self":[{"href":"https:\/\/litci.org\/es\/wp-json\/wp\/v2\/posts\/77564","targetHints":{"allow":["GET"]}}],"collection":[{"href":"https:\/\/litci.org\/es\/wp-json\/wp\/v2\/posts"}],"about":[{"href":"https:\/\/litci.org\/es\/wp-json\/wp\/v2\/types\/post"}],"author":[{"embeddable":true,"href":"https:\/\/litci.org\/es\/wp-json\/wp\/v2\/users\/14"}],"replies":[{"embeddable":true,"href":"https:\/\/litci.org\/es\/wp-json\/wp\/v2\/comments?post=77564"}],"version-history":[{"count":1,"href":"https:\/\/litci.org\/es\/wp-json\/wp\/v2\/posts\/77564\/revisions"}],"predecessor-version":[{"id":77566,"href":"https:\/\/litci.org\/es\/wp-json\/wp\/v2\/posts\/77564\/revisions\/77566"}],"wp:featuredmedia":[{"embeddable":true,"href":"https:\/\/litci.org\/es\/wp-json\/wp\/v2\/media\/77565"}],"wp:attachment":[{"href":"https:\/\/litci.org\/es\/wp-json\/wp\/v2\/media?parent=77564"}],"wp:term":[{"taxonomy":"category","embeddable":true,"href":"https:\/\/litci.org\/es\/wp-json\/wp\/v2\/categories?post=77564"},{"taxonomy":"post_tag","embeddable":true,"href":"https:\/\/litci.org\/es\/wp-json\/wp\/v2\/tags?post=77564"}],"curies":[{"name":"wp","href":"https:\/\/api.w.org\/{rel}","templated":true}]}}