{"id":77385,"date":"2024-09-25T13:19:20","date_gmt":"2024-09-25T13:19:20","guid":{"rendered":"https:\/\/litci.org\/es\/?p=77385"},"modified":"2025-05-24T17:51:59","modified_gmt":"2025-05-24T17:51:59","slug":"incendios-america-latina-pide-socorro-es-necesario-romper-el-poder-de-los-capitalistas","status":"publish","type":"post","link":"https:\/\/litci.org\/es\/incendios-america-latina-pide-socorro-es-necesario-romper-el-poder-de-los-capitalistas\/","title":{"rendered":"Incendios: \u00a1Am\u00e9rica Latina pide socorro! Es necesario romper el poder de los capitalistas"},"content":{"rendered":"\n<p><em>Como latinoamericanos, donde las estad\u00edsticas dicen que el catolicismo es predominante, es posible que, en alg\u00fan momento de nuestras vidas, la mayor\u00eda de nosotros hayamos escuchado que la Biblia dice que el mundo terminar\u00e1 en fuego. Probablemente muchos y muchas de nosotros recordemos esto al contemplar los incendios forestales y su voracidad.<\/em><\/p>\n\n\n\n<p>Por Lena Souza<\/p>\n\n\n\n<p>La realidad nos muestra que el poder destructivo de los incendios y sus consecuencias posteriores pueden poner a parte de la humanidad en riesgo de perder la vida, pero la responsabilidad dista mucho de ser moral\/religiosa o individual. La explicaci\u00f3n para esta situaci\u00f3n no se basa en pecados y castigos, como nos quiere hacer creer el sentido com\u00fan pregonado por la iglesia y los poderosos.<\/p>\n\n\n\n<p><strong>Am\u00e9rica Latina cubierta de fuego y humo<\/strong><\/p>\n\n\n\n<p>Am\u00e9rica Latina ya no se puede ver desde el espacio. En los \u00faltimos dos meses las im\u00e1genes que vemos son de un continente lleno de puntos rojos producidos por el fuego o nubes de humo cubriendo la antigua y hermosa imagen espacial de la tierra azul.<\/p>\n\n\n\n<p>Seg\u00fan el INPE (Instituto Nacional de Investigaciones Espaciales), del Brasil, el n\u00famero de focos de incendios detectados por el sat\u00e9lite de referencia entre el 1\/1 al 20\/9 de 2024 en Am\u00e9rica Latina suma 380.245 y abarca 13 pa\u00edses (Argentina, Bolivia, Brasil, Chile, Colombia, Ecuador, Guayana, Guyana Francesa, Paraguay, Per\u00fa, Surinam, Uruguay y Venezuela). De ellos, s\u00f3lo Chile, Guyana Francesa y Uruguay tienen cifras inferiores a las de 2023. <\/p>\n\n\n\n<figure class=\"wp-block-image size-full\"><img data-recalc-dims=\"1\" loading=\"lazy\" decoding=\"async\" width=\"916\" height=\"354\" src=\"https:\/\/i0.wp.com\/litci.org\/es\/wp-content\/uploads\/2024\/09\/image.png?resize=916%2C354&#038;ssl=1\" alt=\"\" class=\"wp-image-77386\" srcset=\"https:\/\/i0.wp.com\/litci.org\/es\/wp-content\/uploads\/2024\/09\/image.png?w=916&amp;ssl=1 916w, https:\/\/i0.wp.com\/litci.org\/es\/wp-content\/uploads\/2024\/09\/image.png?resize=300%2C116&amp;ssl=1 300w, https:\/\/i0.wp.com\/litci.org\/es\/wp-content\/uploads\/2024\/09\/image.png?resize=768%2C297&amp;ssl=1 768w, https:\/\/i0.wp.com\/litci.org\/es\/wp-content\/uploads\/2024\/09\/image.png?resize=150%2C58&amp;ssl=1 150w, https:\/\/i0.wp.com\/litci.org\/es\/wp-content\/uploads\/2024\/09\/image.png?resize=696%2C269&amp;ssl=1 696w\" sizes=\"auto, (max-width: 916px) 100vw, 916px\" \/><\/figure>\n\n\n\n<p>Brasil lidera la estad\u00edstica con 195.314 focos concentrados principalmente en los biomas de la Amazon\u00eda y del Cerrado. Datos de la Confederaci\u00f3n Nacional de Municipios (CNM) del Brasil informan que hasta el 16 de setiembre, 749 municipios hab\u00edan declarado emergencia y 11,2 millones de personas fueron afectadas directamente. Las p\u00e9rdidas ya ascendieron a 1.100 millones, lo que significa que fueron 33 veces mayores que las p\u00e9rdidas en 2023. En el mismo per\u00edodo del a\u00f1o pasado, la poblaci\u00f3n afectada por la sequ\u00eda fue de 630,700 personas, en 120 municipios<a href=\"#_ftn1\" id=\"_ftnref1\">[1]<\/a>.<\/p>\n\n\n\n<p>Bolivia es el segundo pa\u00eds en n\u00famero de focos de incendios seg\u00fan el Inpe, con 67.620 focos detectados. Los incendios forestales asolan los departamentos de Pando, Beni y Santa Cruz, todos ellos situados en la Amazon\u00eda boliviana y donde hist\u00f3ricamente se han producido la mayor cantidad de incendios. En un informe publicado por el gobierno el 19 de setiembre, hay 3,8 millones de hect\u00e1reas est\u00e1n afectadas en 64 municipios, 28 de los cuales se encuentran en estado de emergencia y con 43.000 personas directamente afectadas.<\/p>\n\n\n\n<p>En el Ecuador, seg\u00fan el mismo informe del Inpe, se detectaron 1.267 focos y el gobierno declar\u00f3 emergencia en 15 provincias. Los incendios comenzaron el 23 de agosto y al 20 de setiembre hab\u00edan quemado 23.453 hect\u00e1reas de vegetaci\u00f3n. La seguridad alimentaria est\u00e1 en riesgo porque hay m\u00e1s de 7.000 cultivos afectados, perjudicando a m\u00e1s de 2.800 productores agr\u00edcolas que en su totalidad perdieron las cosechas de verduras y hortalizas<a href=\"#_ftn2\" id=\"_ftnref2\">[2]<\/a>.<\/p>\n\n\n\n<p>En Per\u00fa tambi\u00e9n se registra el mayor n\u00famero de incendios de los \u00faltimos a\u00f1os, lo que genera una situaci\u00f3n de emergencia nacional donde, seg\u00fan un informe del gobierno<a href=\"#_ftn3\" id=\"_ftnref3\">[3]<\/a>, los departamentos m\u00e1s afectados son Cusco, Cajamarca, Huancavelica, Huanuco y Apurimac, donde las actividades agr\u00edcolas son m\u00e1s intensas. Los incendios en este pa\u00eds tambi\u00e9n han causado quemaduras a 165 personas y la muerte de 18 personas este a\u00f1o. Adem\u00e1s, m\u00e1s de 2.000 hect\u00e1reas de cultivos resultaron afectadas.<\/p>\n\n\n\n<p>Colombia, Venezuela, Argentina y Paraguay tambi\u00e9n son pa\u00edses muy afectados por los incendios. En Colombia, la Unidad Nacional de Gesti\u00f3n de Riesgos y Desastres (UNGRD) inform\u00f3 el 19 de setiembre que \u201cdurante el mes de setiembre se registraron 249 incendios forestales en 14 departamentos: Cundinamarca con 66, Huila con 44 y Tolima con 44 son los m\u00e1s afectados. Las llamas consumieron 23.000 hect\u00e1reas de bosque\u201d<a href=\"#_ftn4\" id=\"_ftnref4\">[4]<\/a>. En Paraguay, seg\u00fan el Instituto Nacional Forestal (INFONA)<a href=\"#_ftn5\" id=\"_ftnref5\">[5]<\/a>, hasta el momento m\u00e1s de 181.000 hect\u00e1reas han sido destruidas en el \u00e1rea de Chovoreca (\u00e1rea protegida) y un total de m\u00e1s de 353.000 hect\u00e1reas han sido afectadas en todo el pa\u00eds. En Argentina, la provincia de C\u00f3rdoba es actualmente la m\u00e1s afectada, donde el fuego ya ha consumido alrededor de 20 viviendas<a href=\"#_ftn6\" id=\"_ftnref6\">[6]<\/a>.<\/p>\n\n\n\n<p>Podemos decir que estos son los efectos y consecuencias directas de los incendios, sin embargo, est\u00e1 lejos de reflejar todas las implicaciones. Los incendios forestales impactan directamente en la biodiversidad, los suelos y el aire. Y si todo esto a\u00fan no ha llamado la atenci\u00f3n porque no afecta directamente a la mayor\u00eda de la poblaci\u00f3n, actualmente se hace m\u00e1s visible a trav\u00e9s del humo que respiramos en todo el continente y que ya ha provocado la muerte de miles de personas. Adem\u00e1s, el CO<sub>2<\/sub> liberado a la atm\u00f3sfera contribuye en gran medida al calentamiento global, lo que seguramente conducir\u00e1 a fen\u00f3menos clim\u00e1ticos m\u00e1s extremos, lo que, como indican las investigaciones, ya est\u00e1 siendo comprendido por la mayor\u00eda de la poblaci\u00f3n que sufre las consecuencias.<\/p>\n\n\n\n<p><strong>Las causas de los incendios<\/strong><\/p>\n\n\n\n<p>Es cierto que las sequ\u00edas siempre han existido. Como afirma el Atlas de las sequ\u00edas (2018)<a href=\"#_ftn7\" id=\"_ftnref7\">[7]<\/a>, la civilizaci\u00f3n ha experimentado hambrunas, migraciones y enfermedades causadas por la falta de lluvia desde la antig\u00fcedad. Despu\u00e9s de todo, vivimos en un planeta que presenta condiciones ambientales diferentes. Pero el ser humano se fue adaptando a situaciones ambientales adversas y tom\u00f3 de la naturaleza lo que era necesario para su supervivencia, adem\u00e1s de producir adaptaciones que permitieron incluso cultivar en zonas secas, como, por ejemplo, la irrigaci\u00f3n.<\/p>\n\n\n\n<p>Pero, si el ser humano fue capaz de crear condiciones y tecnolog\u00eda para enfrentar las situaciones adversas e incluso lograr cultivar en las zonas m\u00e1s secas, la pregunta es \u00bfpor qu\u00e9 llegamos a la condici\u00f3n de desequilibrio actual?<\/p>\n\n\n\n<p>El problema es que la voracidad por el lucro de un sector muy minoritario de la sociedad, los grandes multimillonarios, ha ido forzando los l\u00edmites del planeta hasta llegar al desequilibrio actual, que ni siquiera los negacionistas est\u00e1n teniendo m\u00e1s espacio para rebatir. Y, en el sistema capitalista, donde la ganancia es central, adem\u00e1s de no hacer nada para reducir las toneladas de CO<sub>2<\/sub> liberadas a la atm\u00f3sfera, esos mismos multimillonarios, con la ayuda de sus representantes en los gobiernos, aprovechan las cat\u00e1strofes clim\u00e1ticas que afectan a los pobres para ganar m\u00e1s dinero.<\/p>\n\n\n\n<p>Eventos clim\u00e1ticos extremos, como la sequ\u00eda vivida en Am\u00e9rica Latina, se han convertido en un plato lleno para quienes ganan con este sistema irracional y aprovechan el momento para provocar incendios seg\u00fan sus intereses, como, por ejemplo, aumentar la cantidad de tierras para monocultivos y ganader\u00eda en territorios de poblaciones originarias o \u00e1reas de preservaci\u00f3n ambiental.<\/p>\n\n\n\n<p>La realidad cada vez m\u00e1s visible en todos los pa\u00edses del continente que sufren incendios es que la mayor\u00eda son provocados por un sector de la clase rica que explota los recursos naturales de forma totalmente irresponsable y que cuenta con el pleno apoyo de los gobiernos de turno, ya sean de derecha, de centro o de la llamada izquierda \u201cprogresista\u201d. La tala de \u00e1rboles y la destrucci\u00f3n de ecosistemas para la cr\u00eda de ganado, el monocultivo y la exploraci\u00f3n minera es la marca registrada de las \u00faltimas d\u00e9cadas en Am\u00e9rica Latina.<\/p>\n\n\n\n<p>La profundizaci\u00f3n de la explotaci\u00f3n capitalista exige una cantidad cada vez mayor de materias primas y energ\u00edas, lo que intensifica la presi\u00f3n sobre los recursos naturales, y el continente latinoamericano es uno de los que m\u00e1s ha visto intensificado este quite en las \u00faltimas d\u00e9cadas. A inicios del siglo XXI, el llamado neoextractivismo, es decir, una nueva fase de extractivismo que los pa\u00edses latinoamericanos ya hab\u00edan vivido en otras \u00e9pocas, abri\u00f3 las puertas de par en par a la explotaci\u00f3n desenfrenada de los recursos del continente por parte de grupos principalmente transnacionales imperialistas, lo que fue alentado por todos los gobiernos de turno. Los altos precios internacionales de los productos primarios incluso ayudaron a los \u201cprogresistas\u201d a crear la ilusi\u00f3n entre los trabajadores y el pueblo pobre de que ahora era nuestra vez.<\/p>\n\n\n\n<p>Sin embargo, los privilegiados fueron los ricos (empresarios imperialistas y sus socios nacionales), quienes se hicieron m\u00e1s ricos. Y el ciclo de concentraci\u00f3n de la riqueza contin\u00faa, pues nuestros recursos naturales son saqueados, nuestra mano de obra es explotada y la mayor parte de lo que se asigna a las arcas p\u00fablicas a trav\u00e9s de impuestos regresa, con aumento, a los mismos ricos a trav\u00e9s de incentivos fiscales, pr\u00e9stamos a bajas tasas de inter\u00e9s y otros medios. Los gobiernos distribuyen las migajas entre los pobres, a trav\u00e9s de diversas bonificaciones y subvenciones para la pobreza (bolsas pobreza), para garantizar su permanencia en el poder. Estos mismos gobiernos son los que incluso destinan parte de los recursos a la fuerza p\u00fablica para reprimir a las poblaciones originarias, los peque\u00f1os agricultores y los movimientos sociales que cuestionan la entrega de nuestros recursos y la invasi\u00f3n de tierras por parte de los grandes empresarios. Y mientras tanto, hacen la vista gorda ante las pr\u00e1cticas de quienes utilizan los incendios para justificar la invasi\u00f3n de territorios de los pueblos ind\u00edgenas y \u00e1reas protegidas para expandir sus negocios.<\/p>\n\n\n\n<p>En el Brasil, el pa\u00eds con la mayor superficie de tierras, est\u00e1 claro, como lo expresa Jeferson Choma: \u201cLas im\u00e1genes de sat\u00e9lites son la mayor prueba de que los incendios indican la apertura de nuevas fronteras agr\u00edcolas para el modelo agr\u00edcola capitalista llamado agronegocio\u201d<a href=\"#_ftn8\" id=\"_ftnref8\">[8]<\/a>.<\/p>\n\n\n\n<p>La directora del IPAM (Instituto de Investigaciones Ambientales de la Amazon\u00eda) en el Brasil dice que \u201cla mayor\u00eda de estos incendios tienen origen criminal. Uno de los casos m\u00e1s habituales es el de los ganaderos, que utilizan el fuego para limpiar los pastos. Normalmente, esta pr\u00e1ctica tradicional s\u00f3lo se permite con la autorizaci\u00f3n previa del Estado donde se encuentra el terreno. La crisis actual ha provocado su prohibici\u00f3n absoluta en todo el pa\u00eds. Quiz\u00e1s sea la ley menos respetada en el Brasil\u201d, a\u00f1ade la directora de ciencia del Ipam\u201d<a href=\"#_ftn9\" id=\"_ftnref9\">[9]<\/a>. Y ante esto, en los \u00faltimos d\u00edas, la \u00fanica actitud del gobierno Lula fue establecer multas \u00ednfimas, que ni siquiera tocan los bolsillos de los grandes terratenientes.<\/p>\n\n\n\n<p>Pero esta conclusi\u00f3n no se limita al Brasil. En otros pa\u00edses tambi\u00e9n es evidente el inter\u00e9s de sectores vinculados al agronegocio y la miner\u00eda, que se aprovechan de los incendios para ampliar sus \u00e1reas de negocios, incluso ingresando en tierras ind\u00edgenas y ambientalmente protegidas.<\/p>\n\n\n\n<p>En el Paraguay, seg\u00fan un informe de la <em>Iniciativa Amotocodie<\/em>, un estanciero provoc\u00f3 un incendio: \u201c<em>Solo hicieron falta diez d\u00edas para que el territorio Garaigosode se consumiera casi por completo. La propiedad ind\u00edgena perdi\u00f3 14.200 hect\u00e1reas de campos y bosques. (El) Monumento Natural Cerro Chovoreca, refugio de fauna y familias Ayoreo en aislamiento, (perdi\u00f3) 3.900 hect\u00e1reas<\/em>\u201d<a href=\"#_ftn10\" id=\"_ftnref10\">[10]<\/a>.<\/p>\n\n\n\n<p>En Bolivia las estad\u00edsticas no dejan dudas; los departamentos donde los incendios causaron m\u00e1s destrucci\u00f3n son Beni y Santa Cruz, que se encuentran en la Amazon\u00eda boliviana. \u201cEn Beni se registr\u00f3 54% de toda el \u00e1rea que se quem\u00f3 anualmente en Bolivia entre 2001 y 2020, seg\u00fan el Sistema de Monitoreo y Alerta Temprana de Riesgo de Incendios Forestales. En Santa Cruz, 38% de las hect\u00e1reas fueron consumidas por las llamas\u201d. Prueba de ello es que, en la temporada 2024, en Bolivia se quemaron al menos 3,8 millones de hect\u00e1reas. De ellas, 2,3 millones eran pastos y 1,5 millones eran bosques\u201d<a href=\"#_ftn11\" id=\"_ftnref11\">[11]<\/a>.<\/p>\n\n\n\n<p>Todos sabemos que el aumento de las emisiones de gases de efecto invernadero ha venido provocando el calentamiento global, responsable del desequilibrio clim\u00e1tico en el planeta. Y esta conclusi\u00f3n no es de hoy, pero los grandes dirigentes del planeta, los pa\u00edses imperialistas que son los principales representantes de la clase rica que domina las decisiones, no han hecho nada para solucionar el problema. Despu\u00e9s de cumbres y cumbres, agendas y agendas, compromisos y compromisos, la situaci\u00f3n empeor\u00f3, ya que todo esto es una mentira para enga\u00f1ar a la mayor\u00eda de nosotros, la poblaci\u00f3n pobre y trabajadora, que, en n\u00famero cada vez mayor, sufrimos las consecuencias.<\/p>\n\n\n\n<p>Mientras tanto, los gobiernos de turno en Am\u00e9rica Latina siguen flexibilizando cada vez m\u00e1s las leyes ambientales, cediendo a las presiones de los grandes empresarios, como en el Per\u00fa, con la Ley Forestal<a href=\"#_ftn12\" id=\"_ftnref12\">[12]<\/a>, en el Ecuador con el incumplimiento por parte del gobierno de los resultados de la consulta del Parque Yasun\u00ed<a href=\"#_ftn13\" id=\"_ftnref13\">[13]<\/a>, y tantos otros ejemplos en todos los pa\u00edses, que ser\u00eda imposible rese\u00f1arlos en un solo art\u00edculo.<\/p>\n\n\n\n<p><strong>Necesitamos salir a las calles<\/strong><\/p>\n\n\n\n<p>Es necesario salir a las calles y organizar a los de abajo para exigir que los gobiernos destinen inmediatamente fondos para combatir los incendios existentes, pero tambi\u00e9n es necesario exigir un endurecimiento de las leyes ambientales que en los \u00faltimos a\u00f1os han sido flexibilizadas o anuladas por todos los gobiernos para privilegiar a los grandes y ricos empresarios de diferentes pa\u00edses.<\/p>\n\n\n\n<p>En las \u00faltimas semanas hemos visto que se han realizado varias manifestaciones en distintos pa\u00edses del continente, como en el Per\u00fa, exigiendo al gobierno de Dina que anule la nueva ley forestal que se vot\u00f3 en diciembre de 2023 y que abre las puertas a la deforestaci\u00f3n. As\u00ed como en el Brasil, exigiendo a Lula que deje de financiar el agronegocio y lo expropie. Al igual que en el Ecuador, donde el movimiento social exige que el gobierno de Noboa respete la decisi\u00f3n de la consulta popular sobre el Yasun\u00ed.<\/p>\n\n\n\n<p>Es necesario ampliar las movilizaciones en todo el continente, realizando jornadas unificadas de lucha para fortalecer nuestra batalla por la defensa de la Amazon\u00eda y de los diferentes biomas que necesitamos preservar, adem\u00e1s de garantizar el territorio de los pueblos ind\u00edgenas y la calidad de vida de todos y todas, que necesitamos del aire puro para respirar.<\/p>\n\n\n\n<p><strong>Es necesario romper el poder de los capitalistas<\/strong><\/p>\n\n\n\n<p>Pero tambi\u00e9n es necesario pensar en nuestro futuro y en el de las nuevas generaciones. Como dice la letra de una canci\u00f3n brasile\u00f1a<a href=\"#_ftn14\" id=\"_ftnref14\">[14]<\/a>, en la naturaleza \u201c<em>no hay pecado ni perd\u00f3n<\/em>\u201d. No podemos creer, como dice la iglesia, que desastres ambientales como los incendios forestales son obra de un ser superior para castigarnos por nuestros pecados, ya que la realidad nos muestra que es obra y responsabilidad de una clase social que cada a\u00f1o se enriquece m\u00e1s explotando la naturaleza y nuestra mano de obra. Y tenemos que ser conscientes de que tampoco en la naturaleza hay perd\u00f3n, ya que ella se cobra su destrucci\u00f3n y la factura va a parar a los m\u00e1s pobres. Es nuestra clase, la de los pobres y trabajadores, que enfrenta cada d\u00eda el aire contaminado, que muere por enfermedades respiratorias, que se queda sin hogar y sin tierra para plantar, que paga m\u00e1s por los alimentos, y un largo etc\u00e9tera de todas las consecuencias que enfrentamos con la destrucci\u00f3n ambiental causada por el sistema capitalista.<\/p>\n\n\n\n<p>Por no hablar de que los j\u00f3venes, los ni\u00f1os y las nuevas generaciones ya viven y vivir\u00e1n en la barbarie ambiental, como indican todas las previsiones cient\u00edficas.<\/p>\n\n\n\n<p>Por eso, si queremos salvar nuestro hogar, nuestro planeta, es necesario acabar con el sistema capitalista y construir una sociedad que conviva respetuosamente con la naturaleza. Y esta sociedad s\u00f3lo puede ser una sociedad que no tenga como centro de existencia la explotaci\u00f3n y el lucro, sino que satisfaga las necesidades de los seres humanos de forma igualitaria y solidaria y de acuerdo con los l\u00edmites de la naturaleza. Por eso defendemos una sociedad socialista. S\u00f3lo en esta sociedad, donde gobiernen los trabajadores y el pueblo pobre, podemos imponer la voluntad de la mayor\u00eda.<\/p>\n\n\n\n<p>Traducci\u00f3n: Natalia Estrada.<\/p>\n\n\n\n<hr class=\"wp-block-separator has-alpha-channel-opacity\" \/>\n\n\n\n<p><a href=\"#_ftnref1\" id=\"_ftn1\">[1]<\/a> <a href=\"https:\/\/cnm.org.br\/comunicacao\/noticias\/estudo-atualizado-pela-cnm-mostra-que-mais-de-11-milhoes-de-pessoas-foram-diretamente-afetadas-por-incendios\" target=\"_blank\" rel=\"noopener\">Portal CNM &#8211; Estudo atualizado pela CNM mostra que mais de 11 milh\u00f5es de pessoas foram diretamente afetadas por inc\u00eandios &#8211; Confedera\u00e7\u00e3o Nacional de Munic\u00edpios<\/a><\/p>\n\n\n\n<p><a href=\"#_ftnref2\" id=\"_ftn2\">[2]<\/a> <a href=\"https:\/\/www.youtube.com\/watch?v=T9jtFU3Eg4E\" target=\"_blank\" rel=\"noopener\">Apag\u00f3n nacional inesperado: Gobierno no ha pronunciado cu\u00e1l fue la causa | Televistazo 7 PM #ENVIVO\ud83d\udd34 (youtube.com)<\/a><\/p>\n\n\n\n<p><a href=\"#_ftnref3\" id=\"_ftn3\">[3]<\/a> <a href=\"https:\/\/www.gob.pe\/institucion\/indeci\/noticias\/1025547-indeci-destaca-importancia-de-trabajo-en-conjunto-de-los-tres-niveles-de-gobierno-ante-incendios-forestales\" target=\"_blank\" rel=\"noopener\">INDECI destaca importancia de trabajo en conjunto de los tres niveles de gobierno ante incendios forestales &#8211; Noticias &#8211; Instituto Nacional de Defensa Civil &#8211; Plataforma del Estado Peruano (www.gob.pe)<\/a><\/p>\n\n\n\n<p><a href=\"#_ftnref4\" id=\"_ftn4\">[4]<\/a> <a href=\"https:\/\/portal.gestiondelriesgo.gov.co\/Paginas\/Noticias\/2024\/UNGRD-propone-apagar-incendios-con-fuego-de-que-se-trata-la-nueva-estrategia.aspx\" target=\"_blank\" rel=\"noopener\">UNGRD propone apagar incendios con fuego, \u00bfde qu\u00e9 se trata la nueva estrategia? (gestiondelriesgo.gov.co)<\/a><\/p>\n\n\n\n<p><a href=\"#_ftnref5\" id=\"_ftn5\">[5]<\/a> <a href=\"https:\/\/infona.gov.py\/datos-estadisticos-sobre-incendios-forestales-durante-las-primeras-semanas-del-mes-de-setiembre\/\" target=\"_blank\" rel=\"noopener\">Datos estad\u00edsticos sobre incendios forestales durante las primeras semanas del mes de setiembre \u2013 Instituto Forestal Nacional (infona.gov.py)<\/a><\/p>\n\n\n\n<p><a href=\"#_ftnref6\" id=\"_ftn6\">[6]<\/a> <a href=\"https:\/\/www.infobae.com\/sociedad\/2024\/09\/21\/incendios-y-drama-en-cordoba-las-llamas-alcanzaron-a-varias-casas-en-capilla-del-monte-hay-evacuados-y-un-detenido\/\" target=\"_blank\" rel=\"noopener\">https:\/\/www.infobae.com\/sociedad\/2024\/09\/21\/incendios-y-drama-en-cordoba-las-llamas-alcanzaron-a-varias-casas-en-capilla-del-monte-hay-evacuados-y-un-detenido\/<\/a><\/p>\n\n\n\n<p><a href=\"#_ftnref7\" id=\"_ftn7\">[7]<\/a> <a href=\"https:\/\/lapismet.com.br\/wp-content\/uploads\/2018\/11\/Livro_UNESCO_2018.pdf\" target=\"_blank\" rel=\"noopener\">Atlas de Sequ\u00edas de Am\u00e9rica Latina y el Caribe; 2018 (lapismet.com.br)<\/a><\/p>\n\n\n\n<p><a href=\"#_ftnref8\" id=\"_ftn8\">[8]<\/a> <a href=\"https:\/\/www.opiniaosocialista.com.br\/em-todo-o-brasil-a-barbarie-climatica-bate-a-porta\/\" target=\"_blank\" rel=\"noopener\">Em todo o Brasil, a barb\u00e1rie clim\u00e1tica bate \u00e0 porta&nbsp; | Opini\u00e3o SocialistaOpini\u00e3o Socialista (opiniaosocialista.com.br)<\/a><\/p>\n\n\n\n<p><a href=\"#_ftnref9\" id=\"_ftn9\">[9]<\/a> &nbsp;<a href=\"https:\/\/noticias.uol.com.br\/ultimas-noticias\/afp\/2024\/09\/19\/o-que-se-sabe-sobre-a-onda-de-incendios-no-brasil.htm\" target=\"_blank\" rel=\"noopener\">O que se sabe sobre a onda de inc\u00eandios no Brasil (uol.com.br)<\/a><\/p>\n\n\n\n<p><a href=\"#_ftnref10\" id=\"_ftn10\">[10]<\/a> <a href=\"https:\/\/www.iniciativa-amotocodie.org\/2024\/09\/19\/analisis-de-los-incendios-en-chovoreca-septiembre-2024\/\" target=\"_blank\" rel=\"noopener\">An\u00e1lisis de los incendios en Chovoreca, septiembre 2024 &#8211; Iniciativa Amotocodie (iniciativa-amotocodie.org)<\/a><\/p>\n\n\n\n<p><a href=\"#_ftnref11\" id=\"_ftn11\">[11]<\/a> <a href=\"https:\/\/www.france24.com\/es\/programas\/medio-ambiente\/20240918-por-qu%C3%A9-cada-a%C3%B1o-los-incendios-forestales-arrasan-en-brasil-y-bolivia\" target=\"_blank\" rel=\"noopener\">\u00bfPor qu\u00e9 cada a\u00f1o los incendios forestales arrasan en Brasil y Bolivia? &#8211; Medio Ambiente (france24.com)<\/a><\/p>\n\n\n\n<p><a href=\"#_ftnref12\" id=\"_ftn12\">[12]<\/a> <a href=\"https:\/\/es.mongabay.com\/2024\/06\/gobierno-peruano-busca-implementar-cambios-ley-forestal-ignorando-demandas-formales-para-derogar-la-norma\/\" target=\"_blank\" rel=\"noopener\">Gobierno peruano busca implementar cambios en Ley Forestal ignorando demandas formales para derogar la norma (mongabay.com)<\/a><\/p>\n\n\n\n<p><a href=\"#_ftnref13\" id=\"_ftn13\">[13]<\/a> <a href=\"https:\/\/es.mongabay.com\/2024\/06\/nuevo-decreto-de-presidente-noboa-no-resuelve-incertidumbre-sobre-cumplimiento-consulta-yasuni-ecuador\/\" target=\"_blank\" rel=\"noopener\">Nuevo decreto de presidente Noboa no resuelve incertidumbre sobre el cumplimiento de la consulta del Yasun\u00ed en Ecuador (mongabay.com)<\/a><\/p>\n\n\n\n<p><a href=\"#_ftnref14\" id=\"_ftn14\">[14]<\/a> <a href=\"https:\/\/www.youtube.com\/watch?v=3XlOi8YKpoo\" target=\"_blank\" rel=\"noopener\">Caetano Veloso &#8211; Algu\u00e9m Cantando (youtube.com)<\/a><\/p>\n","protected":false},"excerpt":{"rendered":"<p>Como latinoamericanos, donde las estad\u00edsticas dicen que el catolicismo es predominante, es posible que, en alg\u00fan momento de nuestras vidas, la mayor\u00eda de nosotros hayamos escuchado que la Biblia dice que el mundo terminar\u00e1 en fuego. Probablemente muchos y muchas de nosotros recordemos esto al contemplar los incendios forestales y su voracidad. Por Lena Souza [&hellip;]<\/p>\n","protected":false},"author":14,"featured_media":77387,"menu_order":0,"comment_status":"open","ping_status":"open","sticky":false,"template":"","format":"standard","meta":{"jetpack_post_was_ever_published":false,"_jetpack_newsletter_access":"","_jetpack_dont_email_post_to_subs":false,"_jetpack_newsletter_tier_id":0,"_jetpack_memberships_contains_paywalled_content":false,"litci_post_political_author":"","_jetpack_memberships_contains_paid_content":false,"footnotes":""},"categories":[14605,2781],"tags":[],"class_list":["post-77385","post","type-post","status-publish","format-standard","has-post-thumbnail","hentry","category-crisis-climatica-y-ambiental","category-latinoamerica"],"jetpack_featured_media_url":"https:\/\/i0.wp.com\/litci.org\/es\/wp-content\/uploads\/2024\/09\/recreacion-humo-liberado-incendios-forestales-america-sur-primera-semana-este-mes-septiembre_97.webp?fit=1600%2C900&ssl=1","fimg_url":"https:\/\/i0.wp.com\/litci.org\/es\/wp-content\/uploads\/2024\/09\/recreacion-humo-liberado-incendios-forestales-america-sur-primera-semana-este-mes-septiembre_97.webp?fit=1600%2C900&ssl=1","categories_names":["Crisis clim\u00e1tica y ambiental","Latinoam\u00e9rica"],"author_info":{"name":"leonardo","pic":"https:\/\/secure.gravatar.com\/avatar\/5b026831a33fc9397b874aaf2fbce7cc661697946383efa447f6bf2fd4c79d48?s=96&d=mm&r=g"},"political_author":null,"tagline":"","jetpack_sharing_enabled":true,"_links":{"self":[{"href":"https:\/\/litci.org\/es\/wp-json\/wp\/v2\/posts\/77385","targetHints":{"allow":["GET"]}}],"collection":[{"href":"https:\/\/litci.org\/es\/wp-json\/wp\/v2\/posts"}],"about":[{"href":"https:\/\/litci.org\/es\/wp-json\/wp\/v2\/types\/post"}],"author":[{"embeddable":true,"href":"https:\/\/litci.org\/es\/wp-json\/wp\/v2\/users\/14"}],"replies":[{"embeddable":true,"href":"https:\/\/litci.org\/es\/wp-json\/wp\/v2\/comments?post=77385"}],"version-history":[{"count":2,"href":"https:\/\/litci.org\/es\/wp-json\/wp\/v2\/posts\/77385\/revisions"}],"predecessor-version":[{"id":77768,"href":"https:\/\/litci.org\/es\/wp-json\/wp\/v2\/posts\/77385\/revisions\/77768"}],"wp:featuredmedia":[{"embeddable":true,"href":"https:\/\/litci.org\/es\/wp-json\/wp\/v2\/media\/77387"}],"wp:attachment":[{"href":"https:\/\/litci.org\/es\/wp-json\/wp\/v2\/media?parent=77385"}],"wp:term":[{"taxonomy":"category","embeddable":true,"href":"https:\/\/litci.org\/es\/wp-json\/wp\/v2\/categories?post=77385"},{"taxonomy":"post_tag","embeddable":true,"href":"https:\/\/litci.org\/es\/wp-json\/wp\/v2\/tags?post=77385"}],"curies":[{"name":"wp","href":"https:\/\/api.w.org\/{rel}","templated":true}]}}