{"id":77264,"date":"2024-09-05T02:11:16","date_gmt":"2024-09-05T02:11:16","guid":{"rendered":"https:\/\/litci.org\/es\/?p=77264"},"modified":"2024-11-03T13:28:17","modified_gmt":"2024-11-03T13:28:17","slug":"la-lucha-de-los-obreros-de-celima-contra-los-despidos","status":"publish","type":"post","link":"https:\/\/litci.org\/es\/la-lucha-de-los-obreros-de-celima-contra-los-despidos\/","title":{"rendered":"La lucha de los obreros de Celima contra los despidos"},"content":{"rendered":"\n<p><em>El mi\u00e9rcoles 07 de agosto los trabajadores de la f\u00e1brica Celima fueron sorprendidos cuando la empresa les notific\u00f3 que 216 de ellos eran despedidos como parte de un plan de reestructuraci\u00f3n. Un mes despu\u00e9s, su organizaci\u00f3n sindical anuncia una nueva marcha, esta vez a las oficinas de la empresa, reiterando su determinaci\u00f3n de luchar hasta ser repuestos, aun cuando esta se perfila larga y dif\u00edcil.<\/em><\/p>\n\n\n\n<p>Por Federico Romero<\/p>\n\n\n\n<p>Ese d\u00eda mi\u00e9rcoles 07 que qued\u00f3 indeleble en sus memorias, se inici\u00f3 con una invitaci\u00f3n de la empresa a una reuni\u00f3n con toda la Junta Directiva de la organizaci\u00f3n sindical. No era para conversar con ellos sobre el pliego de reclamos que hace un a\u00f1o espera soluci\u00f3n, sino era para comunicarles que estaban despedidos. Le siguieron otras reuniones casi en simult\u00e1neo en las tres plantas que tiene la empresa, a las que fueron convocadas los 216 trabajadores para comunicarles lo mismo, entregarles una carta justificatoria e invitarlos a acogerse a una renuncia \u201cvoluntaria\u201d.<\/p>\n\n\n\n<p>Adem\u00e1s de la direcci\u00f3n del sindicato en pleno, la lista inclu\u00eda a un centenar de sindicalizados, entre ellos a reconocidos activistas del movimiento obrero peruano con m\u00e1s de 20 a\u00f1os de trayectoria de lucha, y a trabajadores con lesiones de trabajo que se encontraban con descanso m\u00e9dico, todos con ubicaciones especializadas y permanentes en distintas \u00e1reas de la f\u00e1brica.&nbsp; \u201cNos han escogido &#8211;dice Jack Reyes, uno de la lista y referente clasistas del sindicato&#8211;, como parte de un plan de ajuste patronal que busca defender sus ganancias\u201d.<\/p>\n\n\n\n<p>Como el verdugo que debe seguir protocolos antes de ejecutar a su v\u00edctima, estas reuniones en realidad solo eran parte de un procedimiento formal e hip\u00f3crita como es todo el sistema jur\u00eddico burgu\u00e9s que \u201cresguarda\u201d los derechos, para proceder al despido crudo y simple.<\/p>\n\n\n\n<p><strong>La calle en el Per\u00fa<\/strong><\/p>\n\n\n\n<p>Fue brutal. En cualquier parte del mundo un obrero y su familia dependen de su trabajo para vivir aun con penurias. Pero en Per\u00fa, con 80% de informalidad o subempleo, desocupaci\u00f3n en ascenso e inseguridad y criminalidad desbordadas, la calle equivale a estar condenado al s\u00e1lvense quien pueda o la muerte lenta; m\u00e1s trat\u00e1ndose de trabajadores que promedian los 45-50 a\u00f1os, con 20 o m\u00e1s en la empresa y con hijos en la adolescencia y en la Universidad; es decir con una vida ya hecha que el despido ahora desmorona.<\/p>\n\n\n\n<p>Fue brutal tambi\u00e9n porque los tom\u00f3 de sorpresa. Celima es una conocida corporaci\u00f3n empresarial que se ha expandido y lidera el mercado desde hace varias d\u00e9cadas, donde sus trabajadores sent\u00edan alguna seguridad y futuro. Ahora, muchos de ellos en la calle no tendr\u00e1n dinero ni para pagar el recibo de luz.<\/p>\n\n\n\n<p><strong>El grupo Celima-Tr\u00e9bol<\/strong><\/p>\n\n\n\n<p>Celima es parte de una corporaci\u00f3n dedicada a la fabricaci\u00f3n y comercializaci\u00f3n de revestimientos cer\u00e1micos o acabados de construcci\u00f3n. Cuenta con tres grandes plantas de producci\u00f3n, una red de megatiendas y otras f\u00e1bricas de insumos y de sanitarios, con los que lidera el mercado nacional y exporta a diversos mercados. Fue fundada hace m\u00e1s de 40 a\u00f1os por Augusto Belmont Cassinelli que, junto a su clan familiar, comparte la propiedad del grupo. Y es gestionada por <strong>Enfoca<\/strong>, una financista especializada en comprar empresas en quiebra para revenderlas luego de reflotarlas, y que en su p\u00e1gina web se presenta como especializada en \u201cmejorar los negocios\u201d, eslogan que los obreros de la corporaci\u00f3n pueden dar fe de lo que esto significa en sus propios pellejos.<\/p>\n\n\n\n<p>Su despegue se produjo en los \u00faltimos 20 a\u00f1os junto al despegue econ\u00f3mico del pa\u00eds motorizado por un modelo liberal que promueve la ganancia capitalista sobre los intereses nacionales y la propia fuerza de trabajo. Creci\u00f3 hasta llegar a construir una moderna mega planta en las afueras de Lima que afirm\u00f3 su posicionamiento. En el mismo periodo apareci\u00f3 una nueva f\u00e1brica de cer\u00e1micos de capitales mexicanos, Cer\u00e1mica San Lorenzo, que apenas lleg\u00f3 a hacerle sombra captando el 18% del mercado. No obstante, la rentabilidad de Celima se ha sustentada no en su cualificaci\u00f3n tecnol\u00f3gica ni organizativa sino en pol\u00edticas de despotismo y precariedad laboral que permiten las leyes y protegen los gobiernos nacionales, en la misma l\u00ednea de c\u00f3mo suced\u00eda hace un siglo, cuando los empresarios mineros usaban arrieros para transportar mineral porque resultaban m\u00e1s baratos que traerlo por v\u00eda f\u00e9rrea.&nbsp;<\/p>\n\n\n\n<p>En la \u00faltima d\u00e9cada la econom\u00eda nacional se resinti\u00f3 cayendo a niveles m\u00ednimos, y el \u00faltimo a\u00f1o incluso ingreso a su primera recesi\u00f3n en 30 a\u00f1os, lo que trajo cierre de empresas, reestructuraciones de otras y una ola de despidos que alcanz\u00f3 a Celima. Pero el impacto m\u00e1s importante que ha sentido la empresa ha sido la reciente aparici\u00f3n en el mercado nacional de una nueva competencia. \u00a1Y qu\u00e9 competencias! Se instalaron en el pa\u00eds dos megaf\u00e1bricas chinas que han empezado a desplazarla, y hasta amenazan con dejarla fuera de juego en alg\u00fan momento.<\/p>\n\n\n\n<p><strong>Las multinacionales chinas<\/strong><\/p>\n\n\n\n<p>Como si desesperadamente faltaran cer\u00e1micos en el Per\u00fa el \u00faltimo a\u00f1o se instaron dos megaf\u00e1bricas de cer\u00e1micos de origen chino: <strong>Portalatino<\/strong> y <strong>Tengda<\/strong>, a 100 y 300 kil\u00f3metros al sur de la capital; cada una de ellas con inversiones que promedian los 70 millones de d\u00f3lares, ocupando \u00e1reas superiores a las 30 hect\u00e1reas y con capacidades de producci\u00f3n que f\u00e1cilmente alcanzan al de Celima. Por ejemplo, solo Portalatino muestra una capacidad de producci\u00f3n de 36 millones de m<sup>2<\/sup> por a\u00f1o frente a Celima, cuya capacidad llega en la actualidad a 43 millones de m<sup>2<\/sup> anuales. Estamos hablando de empresas que reci\u00e9n se instalan, que crean y desarrollan tecnolog\u00eda, y que vienen a copar el mercado nacional y, desde aqu\u00ed, a cubrir el mercado de esta parte del mundo. El plan de las empresas chinas es instalar f\u00e1bricas en esta regi\u00f3n para aprovechar el megapuerto de Chancay y as\u00ed cubrir el mercado latinoamericano, por ejemplo, fabricando autos el\u00e9ctricos.<\/p>\n\n\n\n<p>La guerra reci\u00e9n se ha iniciado este a\u00f1o y sus consecuencias ya se dejan sentir.<strong> Portalatino,<\/strong> operando con mil obreros ya atiende el mercado nacional y de pa\u00edses vecinos con precios m\u00e1s baratos que los de Celima, en tanto <strong>Tengda<\/strong>, que hab\u00eda anunciado su inicio de operaciones en noviembre del a\u00f1o pasado, aun no lo hace porque se ha enredado en varias denuncias, una de ellas por haber realizado su construcci\u00f3n sin los permisos de ley y otra por corrupci\u00f3n, nada menos que con v\u00ednculos con Nicanor Boluarte, hermano de la presidenta, actualmente procesado por vender favores a particulares. Lo importante es reconocer que el solo inicio de Portalatino ya produjo la paralizaci\u00f3n casi completa de Cer\u00e1mica San Lorenzo, cuya mayor\u00eda de trabajadores fueron colocados en \u00absuspensi\u00f3n perfecta de labores\u00bb, es decir, fueron enviados a sus casas sin que perciban salario alguno, pero sin romper a\u00fan el v\u00ednculo laboral, y en Celima, donde algo m\u00e1s de un 10% de ellos ha sido colocado en cese colectivo.<\/p>\n\n\n\n<p><strong>\u00bfQu\u00e9 va a pasar despu\u00e9s?<\/strong><\/p>\n\n\n\n<p>Nadie lo puede saber, lo cierto es que en cualquier caso se vive una nueva realidad que estar\u00e1 marcada por la creciente presencia de los nuevos cer\u00e1micos de las f\u00e1bricas chinas que ir\u00e1n desplazando a los de Celima y San Lorenzo. Por ahora lo que estas alegan es la aplicaci\u00f3n de \u201creajustes\u201d, pero trat\u00e1ndose de empresas con capitales y tecnolog\u00edas m\u00e1s rezagadas su horizonte ser\u00e1 de ajustes permanente buscando nivelarse con la capacidad productiva de las empresas chinas. No olvidemos que la finalidad del capital es obtener la ganancia media a m\u00e1s, y que esta la logran los que lideran en tecnolog\u00eda \u2013en la que aventajan los chinos&#8211; y en el costo de la mano de obra &#8211;en el que tambi\u00e9n aventajan porque emplean mano de obra m\u00e1s barata que Celima y San Lorenzo donde los trabajadores acumularon algunos derechos en a\u00f1os de luchas.<\/p>\n\n\n\n<p>Esta guerra de blancos reci\u00e9n se ha iniciado, pero como Jalisco, ellos nunca pierden sino solamente los trabajadores. En \u00faltimas la opci\u00f3n de los capitalistas siempre es llevar su capital a otras \u00e1reas de inversi\u00f3n. La ventaja de Celima no solo es su posicionamiento de marca sino tambi\u00e9n su control de una red de distribuci\u00f3n y de megatiendas a nivel nacional, ventaja que la coloca como candidata a pasar de principal productor a principal distribuidor de cer\u00e1micos; papel a la que el modelo de libre mercado tiende a relegar a los burgueses nacionales.<\/p>\n\n\n\n<p><strong>Los trabajadores<\/strong><\/p>\n\n\n\n<p>Esta es la magnitud de la problem\u00e1tica que enfrentan los trabajadores de Celima y San Lorenzo; en realidad, no es solo un problema de ellos sino de toda la clase trabajadora y que ahora incluye a los obreros de las nuevas f\u00e1bricas chinas mencionadas. Ellos enfrentan ataques brutales en el marco de las facultades que les da la ley a las empresas para enfrentar casos de crisis y reestructuraci\u00f3n. Son procesos largos en los que deben sustentar sus pedidos, pero donde por lo general las decisiones de la autoridad se definen por criterios pol\u00edticos. Las empresas saben de esta cuesti\u00f3n, pero lo hace y va a seguir cada uno de las etapas de dichos procesos sabiendo que al final tienen incluso la v\u00eda judicial, dentro de una estrategia dirigida a alargar el proceso para cansar a los trabajadores que sin recursos econ\u00f3micos son tentados a vender sus renuncias. As\u00ed, lo que sucede por lo general es que al final los trabajadores pueden ganar pero solo regresa la minor\u00eda que pudo resistir; esto es, puede haber un triunfo legal pero una derrota en el terreno de la imposici\u00f3n de los objetivos de la empresa, situaci\u00f3n que viene configurando la ofensiva patronal que en los \u00faltimos a\u00f1os se viene cebando con los derechos de los trabajadores. Que es posible revertir esto, por supuesto que s\u00ed. De eso se trata la batalla de los compa\u00f1eros de Celima que han iniciado una dura lucha, una de cuyas manifestaciones se llevar\u00e1 a cabo el jueves 5 de octubre en la oficina de la empresa, al cumplirse el primer mes de los ceses. Una batalla que tambi\u00e9n representa un llamado a la lucha a toda la clase trabajadora peruana para frenar los despidos y derrotar al gobierno reaccionario de Boluarte.<\/p>\n","protected":false},"excerpt":{"rendered":"<p>El mi\u00e9rcoles 07 de agosto los trabajadores de la f\u00e1brica Celima fueron sorprendidos cuando la empresa les notific\u00f3 que 216 de ellos eran despedidos como parte de un plan de reestructuraci\u00f3n. Un mes despu\u00e9s, su organizaci\u00f3n sindical anuncia una nueva marcha, esta vez a las oficinas de la empresa, reiterando su determinaci\u00f3n de luchar hasta [&hellip;]<\/p>\n","protected":false},"author":14,"featured_media":77265,"menu_order":0,"comment_status":"open","ping_status":"open","sticky":false,"template":"","format":"standard","meta":{"jetpack_post_was_ever_published":false,"_jetpack_newsletter_access":"","_jetpack_dont_email_post_to_subs":false,"_jetpack_newsletter_tier_id":0,"_jetpack_memberships_contains_paywalled_content":false,"litci_post_political_author":"","_jetpack_memberships_contains_paid_content":false,"footnotes":""},"categories":[2688,2737,2660,10806],"tags":[],"class_list":["post-77264","post","type-post","status-publish","format-standard","has-post-thumbnail","hentry","category-peru","category-movimiento-obrero","category-pst-peru","category-sindical"],"jetpack_featured_media_url":"https:\/\/i0.wp.com\/litci.org\/es\/wp-content\/uploads\/2024\/09\/Celima-planton-a-MT-contra-ceses-colectivos-0-768x576-1.jpg?fit=768%2C576&ssl=1","fimg_url":"https:\/\/i0.wp.com\/litci.org\/es\/wp-content\/uploads\/2024\/09\/Celima-planton-a-MT-contra-ceses-colectivos-0-768x576-1.jpg?fit=768%2C576&ssl=1","categories_names":["Movimiento Obrero","Per\u00fa","PST - Per\u00fa","Sindical"],"author_info":{"name":"leonardo","pic":"https:\/\/secure.gravatar.com\/avatar\/5b026831a33fc9397b874aaf2fbce7cc661697946383efa447f6bf2fd4c79d48?s=96&d=mm&r=g"},"political_author":null,"tagline":"","jetpack_sharing_enabled":true,"_links":{"self":[{"href":"https:\/\/litci.org\/es\/wp-json\/wp\/v2\/posts\/77264","targetHints":{"allow":["GET"]}}],"collection":[{"href":"https:\/\/litci.org\/es\/wp-json\/wp\/v2\/posts"}],"about":[{"href":"https:\/\/litci.org\/es\/wp-json\/wp\/v2\/types\/post"}],"author":[{"embeddable":true,"href":"https:\/\/litci.org\/es\/wp-json\/wp\/v2\/users\/14"}],"replies":[{"embeddable":true,"href":"https:\/\/litci.org\/es\/wp-json\/wp\/v2\/comments?post=77264"}],"version-history":[{"count":1,"href":"https:\/\/litci.org\/es\/wp-json\/wp\/v2\/posts\/77264\/revisions"}],"predecessor-version":[{"id":77266,"href":"https:\/\/litci.org\/es\/wp-json\/wp\/v2\/posts\/77264\/revisions\/77266"}],"wp:featuredmedia":[{"embeddable":true,"href":"https:\/\/litci.org\/es\/wp-json\/wp\/v2\/media\/77265"}],"wp:attachment":[{"href":"https:\/\/litci.org\/es\/wp-json\/wp\/v2\/media?parent=77264"}],"wp:term":[{"taxonomy":"category","embeddable":true,"href":"https:\/\/litci.org\/es\/wp-json\/wp\/v2\/categories?post=77264"},{"taxonomy":"post_tag","embeddable":true,"href":"https:\/\/litci.org\/es\/wp-json\/wp\/v2\/tags?post=77264"}],"curies":[{"name":"wp","href":"https:\/\/api.w.org\/{rel}","templated":true}]}}