{"id":76729,"date":"2024-05-31T19:28:39","date_gmt":"2024-05-31T19:28:39","guid":{"rendered":"https:\/\/litci.org\/es\/?p=76729"},"modified":"2024-11-03T13:29:30","modified_gmt":"2024-11-03T13:29:30","slug":"balance-y-perspectivas-de-la-lucha-contra-la-dictadura-en-nicaragua","status":"publish","type":"post","link":"https:\/\/litci.org\/es\/balance-y-perspectivas-de-la-lucha-contra-la-dictadura-en-nicaragua\/","title":{"rendered":"Balance y perspectivas de la lucha contra la dictadura en Nicaragua"},"content":{"rendered":"\n<p>Por Partido de la Clase Trabajadora &#8211; Costa Rica<\/p>\n\n\n\n<p>Centroam\u00e9rica es una sola naci\u00f3n artificialmente dividida por el imperialismo y las oligarqu\u00edas locales. Siendo as\u00ed es muy normal que los movimientos populares de los distintos pa\u00edses de Centroam\u00e9rica, se \u201cpasen\u201d de un lado a otro de las fronteras, as\u00ed los movimientos m\u00e1s avanzados \u201cfertilizan\u201d a los m\u00e1s atrasados.&nbsp; En 2018 se vivi\u00f3 la rebeli\u00f3n de Abril en Nicaragua, la huelga contra el plan fiscal en Costa Rica y la resistencia contra Juan Orlando Hern\u00e1ndez en Honduras, mostrando nuevamente el car\u00e1cter regional de los ascensos y derrotas en Centroam\u00e9rica.<\/p>\n\n\n\n<p>La rebeli\u00f3n de Abril de 2018, fue inspiradora y puso en pie a miles de j\u00f3venes, mujeres y campesinos nicarag\u00fcenses, en la lucha contra la dictadura de Daniel Ortega, la rebeli\u00f3n fue derrotada a trav\u00e9s de brutales m\u00e9todos dictatoriales y paramilitares. A partir de all\u00ed, se produjo una nueva oleada de exiliados pol\u00edticos de Nicaragua a Costa Rica. \u00bfCu\u00e1l es la situaci\u00f3n actual de esta lucha democr\u00e1tica?<\/p>\n\n\n\n<p>La dictadura logr\u00f3 afianzar su posici\u00f3n, a trav\u00e9s de una pol\u00edtica totalitaria que impide cualquier tipo de oposici\u00f3n democr\u00e1tica en Nicaragua, ilegaliz\u00f3 los partidos de oposici\u00f3n, exili\u00f3 y desnacionaliz\u00f3 a la mayor\u00eda de l\u00edderes pol\u00edticos y evit\u00f3 que inclusive las organizaciones cat\u00f3licas puedan servir de punto de apoyo para cualquier tipo de resistencia organizada.<\/p>\n\n\n\n<p>Luego de ese aplastamiento de las organizaciones sociales, la dictadura se ha concentrado en amedentrar al exilio nicarag\u00fcense de muy distintas formas, especialmente con la vigilancia sobre sus familiares en el terreno, procurando que no se den nuevos brotes de resistencia.<\/p>\n\n\n\n<p>En este momento las organizaciones en el exilio viven un triple intento de desarticularlas,el primero es la represi\u00f3n de la dictadura, el segundo la hostilidad del gobierno de Rodrigo Chaves, que dificulta conscientemente obtener derecho al refugio y al asilo e introduce en la opini\u00f3n p\u00fablica la idea que los refugiados nicarag\u00fcenses son \u201c un gasto que no nos podemos permitir\u201d y en tercer lugar las pol\u00edticas migratorias privilegiadas de los Estados Unidos que dispersan el liderazgo popular por tres pa\u00edses.<\/p>\n\n\n\n<p>Las organizaciones en el exilio tienen varias perspectivas, la primera la necesidad de reorganizarse y lograr conseguir la unidad a trav\u00e9s de demandas democr\u00e1ticas y sociales que les permitan actuar juntas contra la dictadura. Una parte importante de la resistencia es la lucha de las comunidades miskitas y mayagnas, por no ser destruidas por la dictadura, el exilio forzado&nbsp; y el neocolonialismo que quiere apoderarse de sus tierras ancestrales, y un tercer aspecto es la fusi\u00f3n de las organizaciones nicarag\u00fcenses con el mismo movimiento popular en Costa Rica, es natural que el movimiento estudiantil se nutriera de la experiencia nicarag\u00fcense, pero su actual par\u00e1lisis evita esa fusi\u00f3n, donde esta unidad esta m\u00e1s avanzada es en el movimiento de mujeres, que en los hechos esta fusionado con el movimiento de mujeres de Costa Rica, siendo las exiliadas nicarag\u00fcenses quienes encabezaron la marcha del 8 de Marzo en Costa Rica.&nbsp;<\/p>\n","protected":false},"excerpt":{"rendered":"<p>Por Partido de la Clase Trabajadora &#8211; Costa Rica Centroam\u00e9rica es una sola naci\u00f3n artificialmente dividida por el imperialismo y las oligarqu\u00edas locales. Siendo as\u00ed es muy normal que los movimientos populares de los distintos pa\u00edses de Centroam\u00e9rica, se \u201cpasen\u201d de un lado a otro de las fronteras, as\u00ed los movimientos m\u00e1s avanzados \u201cfertilizan\u201d a [&hellip;]<\/p>\n","protected":false},"author":14,"featured_media":76730,"menu_order":0,"comment_status":"open","ping_status":"open","sticky":false,"template":"","format":"standard","meta":{"jetpack_post_was_ever_published":false,"_jetpack_newsletter_access":"","_jetpack_dont_email_post_to_subs":false,"_jetpack_newsletter_tier_id":0,"_jetpack_memberships_contains_paywalled_content":false,"litci_post_political_author":"","_jetpack_memberships_contains_paid_content":false,"footnotes":""},"categories":[2686,18227,2679,18349],"tags":[],"class_list":["post-76729","post","type-post","status-publish","format-standard","has-post-thumbnail","hentry","category-nicaragua","category-centroamerica","category-costa-rica","category-partido-de-la-clase-trabajadora-costa-rica"],"jetpack_featured_media_url":"https:\/\/i0.wp.com\/litci.org\/es\/wp-content\/uploads\/2024\/05\/WhatsApp-Image-2024-04-18-at-8.45.44-AM-e1715637783688.png?fit=1200%2C749&ssl=1","fimg_url":"https:\/\/i0.wp.com\/litci.org\/es\/wp-content\/uploads\/2024\/05\/WhatsApp-Image-2024-04-18-at-8.45.44-AM-e1715637783688.png?fit=1200%2C749&ssl=1","categories_names":["Centroam\u00e9rica","Costa Rica","Nicaragua","Partido de la Clase Trabajadora - Costa Rica"],"author_info":{"name":"leonardo","pic":"https:\/\/secure.gravatar.com\/avatar\/5b026831a33fc9397b874aaf2fbce7cc661697946383efa447f6bf2fd4c79d48?s=96&d=mm&r=g"},"political_author":null,"tagline":"","jetpack_sharing_enabled":true,"_links":{"self":[{"href":"https:\/\/litci.org\/es\/wp-json\/wp\/v2\/posts\/76729","targetHints":{"allow":["GET"]}}],"collection":[{"href":"https:\/\/litci.org\/es\/wp-json\/wp\/v2\/posts"}],"about":[{"href":"https:\/\/litci.org\/es\/wp-json\/wp\/v2\/types\/post"}],"author":[{"embeddable":true,"href":"https:\/\/litci.org\/es\/wp-json\/wp\/v2\/users\/14"}],"replies":[{"embeddable":true,"href":"https:\/\/litci.org\/es\/wp-json\/wp\/v2\/comments?post=76729"}],"version-history":[{"count":2,"href":"https:\/\/litci.org\/es\/wp-json\/wp\/v2\/posts\/76729\/revisions"}],"predecessor-version":[{"id":76760,"href":"https:\/\/litci.org\/es\/wp-json\/wp\/v2\/posts\/76729\/revisions\/76760"}],"wp:featuredmedia":[{"embeddable":true,"href":"https:\/\/litci.org\/es\/wp-json\/wp\/v2\/media\/76730"}],"wp:attachment":[{"href":"https:\/\/litci.org\/es\/wp-json\/wp\/v2\/media?parent=76729"}],"wp:term":[{"taxonomy":"category","embeddable":true,"href":"https:\/\/litci.org\/es\/wp-json\/wp\/v2\/categories?post=76729"},{"taxonomy":"post_tag","embeddable":true,"href":"https:\/\/litci.org\/es\/wp-json\/wp\/v2\/tags?post=76729"}],"curies":[{"name":"wp","href":"https:\/\/api.w.org\/{rel}","templated":true}]}}