{"id":76678,"date":"2024-05-19T17:46:30","date_gmt":"2024-05-19T17:46:30","guid":{"rendered":"https:\/\/litci.org\/es\/?p=76678"},"modified":"2024-11-03T13:29:35","modified_gmt":"2024-11-03T13:29:35","slug":"brasil-las-dos-catastrofes-que-destruyeron-rio-grande-do-sul","status":"publish","type":"post","link":"https:\/\/litci.org\/es\/brasil-las-dos-catastrofes-que-destruyeron-rio-grande-do-sul\/","title":{"rendered":"Brasil: Las dos cat\u00e1strofes que destruyeron Rio Grande do Sul"},"content":{"rendered":"\n<p><em>Rio Grande do Sul fue v\u00edctima de dos cat\u00e1strofes. Por un lado, las fuertes inundaciones est\u00e1n ligadas al cambio clim\u00e1tico provocado por el calentamiento global, impulsado por la industria capitalista, y que se traduce en fen\u00f3menos meteorol\u00f3gicos extremos cada vez m\u00e1s frecuentes e intensos. Por otro lado, el desastre \u201cnatural\u201d gan\u00f3 mayor volumen y extensi\u00f3n debido a las pol\u00edticas neoliberales de los gobiernos estaduales, municipales y tambieen del gobierno federal, que debilitaron el sector p\u00fablico y desmantelaron la legislaci\u00f3n ambiental en favor del agronegocio.<\/em><\/p>\n\n\n\n<p>Por: Redacci\u00f3n <em>Opini\u00e3o Socialista<\/em>, Brasil<\/p>\n\n\n\n<p>La situaci\u00f3n clim\u00e1tica de la Tierra es alarmante. El a\u00f1o 2023 fue el m\u00e1s caluroso jam\u00e1s registrado en la historia. Las temperaturas de los oc\u00e9anos tambi\u00e9n fueron las m\u00e1s altas (ver gr\u00e1fico). Son los grandes reguladores del clima en la Tierra.<\/p>\n\n\n\n<p>Todo esto convirti\u00f3 a El Ni\u00f1o de 2023-2024 en uno de los m\u00e1s intensos jam\u00e1s registrados desde el inicio de los relevamientos modernos, seg\u00fan la Organizaci\u00f3n Meteorol\u00f3gica Mundial (OMM). Por si fuera poco, tambi\u00e9n seg\u00fan los registros, la concentraci\u00f3n actual de di\u00f3xido de carbono (CO<sub>2<\/sub>) en la atm\u00f3sfera es la m\u00e1s alta de los \u00faltimos 800.000 a\u00f1os, totalizando 424 partes por mill\u00f3n (ppm). En comparaci\u00f3n, en 1850, el nivel de CO<sub>2<\/sub> era de 280 ppm.<\/p>\n\n\n\n<h5 class=\"wp-block-heading\"><strong>\u00a1Ignorando la ciencia, vendr\u00e1n d\u00edas peores!<\/strong><\/h5>\n\n\n\n<p>Casi 80% de los cient\u00edficos del Panel Intergubernamental sobre Cambio Clim\u00e1tico (IPCC) prev\u00e9n al menos 2,5 \u00b0C de calentamiento global, mientras casi la mitad prev\u00e9 al menos 3 \u00b0C. Esto significa un futuro marcado por conflictos y migraciones en masa, impulsados por olas de calor, incendios forestales, inundaciones y tempestades.&nbsp;<\/p>\n\n\n\n<p>Todo ello con una intensidad y frecuencia muy superiores a la que ya ha ocurrido. En otras palabras, nos dirigimos r\u00e1pidamente hacia una situaci\u00f3n clim\u00e1tica incontrolable que amenaza la civilizaci\u00f3n, especialmente a los m\u00e1s pobres y vulnerables.&nbsp;&nbsp;<\/p>\n\n\n\n<p>La cat\u00e1strofe en Rio Grande de Sul, lamentablemente, no es un caso aislado. A esta se suman otras ocurridas a lo largo de 2023-2024, como las olas de calor e incendios forestales en Estados Unidos, Canad\u00e1 y Chile; las inundaciones torrenciales en la ciudad costera de Derna, Libia, que mat\u00f3 a m\u00e1s de 10.000 personas; o las inundaciones de Kenia a finales de abril, que acabaron con la vida de casi 200 personas.<\/p>\n\n\n\n<h5 class=\"wp-block-heading\"><strong>El calentamiento fue producido por el capitalismo<\/strong><\/h5>\n\n\n\n<p>Una encuesta realizada por Genial\/Quaest, publicada el d\u00eda 9 de mayo, muestra que 64% de la poblaci\u00f3n entiende que el cambio clim\u00e1tico provoc\u00f3 las inundaciones en Rio Grande do Sul. Otro 30% ve el cambio clim\u00e1tico s\u00f3lo como una de las causas; y 1% no identifica ninguna relaci\u00f3n.<\/p>\n\n\n\n<p>Esta percepci\u00f3n de la poblaci\u00f3n es muy positiva. Pero los trabajadores necesitan saber que la cat\u00e1strofe clim\u00e1tica no es una venganza ciega de la naturaleza. Es resultado de la industria capitalista y del colosal consumo de combustibles f\u00f3siles, la sangre que fluye por las arterias de la acumulaci\u00f3n del capital. Los principales responsables son los pa\u00edses imperialistas y sus burgues\u00edas, cuyas industrias son responsables de m\u00e1s de 70% de las emisiones globales de carbono.<\/p>\n\n\n\n<h5 class=\"wp-block-heading\"><strong>La responsabilidad del agronegocio<\/strong><\/h5>\n\n\n\n<p>En el Brasil, sin embargo, el modelo de agricultura capitalista, el llamado agronegocio, es el principal responsable de las emisiones. S\u00f3lo el sector emiti\u00f3 75% de los gases de efecto invernadero en el pa\u00eds, seg\u00fan el Sistema de Estimaci\u00f3n de Emisiones y Remociones de Gases de Efecto Invernadero (SEEG).&nbsp;<\/p>\n\n\n\n<p>Esta es una expresi\u00f3n evidente de la reprimarizaci\u00f3n econ\u00f3mica del pa\u00eds (retorno al rol de exportador de materias primas y recursos naturales), con el crecimiento del sector extractivo agrominero, siempre apoyado en gordos incentivos estatales. De hecho, es este sector el que apoya el negacionismo clim\u00e1tico en el Brasil, difundido por la ultraderecha bolsonarista.<\/p>\n\n\n\n<p>El agro&nbsp;es tambi\u00e9n la \u201cvanguardia del atraso\u201d cuando se trata de la ofensiva para destruir la legislaci\u00f3n ambiental del pa\u00eds. La Banca Ruralista es responsable de los 25 proyectos de ley y las tres propuestas de enmiendas a la Constituci\u00f3n que se tramitan en el Congreso brasile\u00f1o, conocido como \u201cPaquete de la Destrucci\u00f3n\u201d.&nbsp;<\/p>\n\n\n\n<p>Es necesario revocar estas leyes, organizar grandes movilizaciones y enterrar la agenda del agro, antes de que estas entierren el pa\u00eds.<\/p>\n\n\n\n<h6 class=\"wp-block-heading\"><strong>Cat\u00e1strofe social: <\/strong><strong>austeridad fiscal, privatizaciones y ataques al medio ambiente<\/strong><\/h6>\n\n\n\n<p>Pero, por otro lado, tenemos una cat\u00e1strofe social producida por d\u00e9cadas de neoliberalismo, austeridad fiscal y privatizaciones, que se combina mortalmente con la cat\u00e1strofe clim\u00e1tica.&nbsp;<\/p>\n\n\n\n<p>Este c\u00f3ctel mortal fue llamado \u201cCapitalismo del Desastre\u201d por la periodista canadiense Naomi Klein, luego de que el hurac\u00e1n Katrina devastara la ciudad de Nueva Orleans (Luisiana, en el sur de Estados Unidos), en 2005. En el Brasil, esa ha sido la receta de todos los gobiernos. Y desde hace d\u00e9cadas.<\/p>\n\n\n\n<p>El gobierno de Eduardo Leite sabote\u00f3 todo el sistema de prevenci\u00f3n y combate a desastres naturales, sector al que asign\u00f3 magros presupuestos. Para enfrentar los eventos clim\u00e1ticos, el gobierno destin\u00f3 menos de 0,2% del presupuesto total aprobado para 2024. Para la Defensa Civil, se agregaron unos miserables 50.000 reales.&nbsp;<\/p>\n\n\n\n<p>Como consecuencia de esto,&nbsp;durante todo el per\u00edodo de El Ni\u00f1o, que siempre provoca fuertes precipitaciones en la regi\u00f3n mientras est\u00e1 activo, se desmantelaron todos los equipos de prevenci\u00f3n y combate contra desastres naturales.&nbsp;&nbsp;<\/p>\n\n\n\n<h5 class=\"wp-block-heading\"><strong>El gobernador flexibiliz\u00f3 leyes ambientales para favorecer el agronegocio<\/strong><\/h5>\n\n\n\n<p>Leite promovi\u00f3 una ofensiva contra las leyes ambientales del Estado. En 2020, en su primer mandato, aprob\u00f3, en la Asamblea Legislativa, la Ley 15.434, que suprimi\u00f3 y flexibiliz\u00f3 m\u00e1s de 500 art\u00edculos e incisos del C\u00f3digo Ambiental del Estado, flexibilizando reglas de protecci\u00f3n ambiental para los biomas de la Pampa y la Mata Atl\u00e1ntica.<\/p>\n\n\n\n<p>Al a\u00f1o siguiente, el gobierno permiti\u00f3 la autolicencia de grandes proyectos, mediante la emisi\u00f3n de una Licencia Ambiental por Compromiso (LAC). La medida permiti\u00f3 autorizar de forma inmediata 49 actividades econ\u00f3micas (31 de ellas con alto y medio potencial contaminante), independientemente de su tama\u00f1o. Entre las actividades que lograron autolicencias se destacan las plantas de concreto y de asfalto, la ganader\u00eda semiconfinada y la silvicultura (\u201creforestaci\u00f3n\u201d, con pino y eucalipto).&nbsp;<\/p>\n\n\n\n<p>La autolicencia es el sue\u00f1o del agronegocio brasile\u00f1o, hecho realidad gracias a Leite en su Estado. Funciona as\u00ed: si un capitalista quiere producir eucalipto, no necesita realizar una solicitud ni someterse a una evaluaci\u00f3n por parte de los organismos ambientales estatales. Basta con pagar a una empresa privada de consultor\u00eda ambiental, que \u201ccertifique\u201d que su negocio es sostenible.<\/p>\n\n\n\n<p>El gobierno tambi\u00e9n ampli\u00f3 la Zonificaci\u00f3n para Actividades de Silvicultura en el Estado. Y, m\u00e1s recientemente, flexibiliz\u00f3 a\u00fan m\u00e1s la legislaci\u00f3n ambiental, para permitir la construcci\u00f3n de represas y embalses en \u00c1reas de Preservaci\u00f3n Permanente (APP), y, de esta manera, permitir el almacenamiento de agua para la agricultura y la ganader\u00eda.<\/p>\n\n\n\n<h5 class=\"wp-block-heading\"><strong>Las privatizaciones completaron el desastre<\/strong><\/h5>\n\n\n\n<p>Toda la situaci\u00f3n empeor\u00f3 con la privatizaci\u00f3n de las empresas estatales. Incluso antes de la cat\u00e1strofe, el empeoramiento de los servicios ya era visible. Con la inundaci\u00f3n, qued\u00f3 demostrado que las privatizaciones profundizaron el colapso. La empresa privada CEEE Equatorial, por ejemplo, incluso cort\u00f3 la electricidad en una casa de bombas, sin informar a la poblaci\u00f3n ni al alcalde, lo que oblig\u00f3 a la evacuaci\u00f3n de los vecinos de dos barrios porque el agua estaba subiendo.&nbsp;<\/p>\n\n\n\n<p>Reestatizar las empresas privatizadas del Estado ser\u00e1 absolutamente necesario para cualquier plan de reconstrucci\u00f3n y de adaptaci\u00f3n al cambio clim\u00e1tico. De lo contrario, la poblaci\u00f3n quedar\u00e1 en manos de capitalistas sin escr\u00fapulos, que anteponen las ganancias a las vidas.<\/p>\n\n\n\n<p>Ninguna reconstrucci\u00f3n del Estado es posible sin la derogaci\u00f3n de todas estas leyes que atacan el medio ambiente, adem\u00e1s de la reestatizaci\u00f3n inmediata, bajo control de los trabajadores, de las empresas privatizadas.<\/p>\n\n\n\n<h6 class=\"wp-block-heading\"><strong>Inversi\u00f3n cero: <\/strong><strong>alcalde de Porto Alegre sabote\u00f3 sistema de contenci\u00f3n de inundaciones<\/strong><\/h6>\n\n\n\n<p>Esta misma cartilla de promoci\u00f3n de la cat\u00e1strofe social fue adoptada por el alcalde de Porto Alegre, el bolsonarista Sebasti\u00e3o Melo (MDB), y explica la falla del sistema de contenci\u00f3n de inundaciones del r\u00edo Gua\u00edba, formado por 18 casas de bombas, diques y el Muro Mau\u00e1. El sistema colaps\u00f3 y el 7 de mayo s\u00f3lo cuatro casas de bombas estaban operando en la ciudad. Los diques de contenci\u00f3n tambi\u00e9n fallaron y muchos cedieron ante la fuerza de las aguas.<\/p>\n\n\n\n<p>Lo cierto es que el sistema estaba en total abandono, a pesar de que la alcald\u00eda era consciente de los riesgos de nuevas y torrenciales lluvias. En 2023, la alcald\u00eda no invirti\u00f3 ni un solo d\u00f3lar en la prevenci\u00f3n de inundaciones. As\u00ed es: invirti\u00f3 R$0.&nbsp;<\/p>\n\n\n\n<p>Y cuando el sistema colaps\u00f3 y la ciudad se inund\u00f3, la alcald\u00eda no ten\u00eda un \u201cplan B\u201d. En caso de inundaciones, no exist\u00eda ning\u00fan plan de contingencia ni plan de evacuaci\u00f3n para los residentes.<\/p>\n\n\n\n<h6 class=\"wp-block-heading\"><strong>\u00abCompensaci\u00f3n ambiental\u00bb: <\/strong><strong>la alcald\u00eda quiere pagar R$ 1.700 millones al \u201cV\u00e9io da Havan\u201d<\/strong><\/h6>\n\n\n\n<p>Pero, si la alcald\u00eda destin\u00f3 cero reales para las inundaciones, ella fue protagonista de uno de los episodios m\u00e1s absurdos de toda esta tragedia, al intentar pagar R$ 1.700 millones, en concepto de \u201ccompensaci\u00f3n ambiental\u201d, a una cadena de tiendas de Havan, con recursos del Departamento Municipal de Aguas y Alcantarillados (Dmae).&nbsp;<\/p>\n\n\n\n<p>El plan de la alcald\u00eda era pagar con dinero p\u00fablico una \u201ccompensaci\u00f3n ambiental\u201d a una empresa privada que hab\u00eda provocado, ella misma, los da\u00f1os al instalar la empresa. Seg\u00fan la legislaci\u00f3n, es la empresa la que debe pagar las compensaciones ambientales derivadas de las obras y nunca al rev\u00e9s. El Tribunal de Cuentas del Estado (TCE) prohibi\u00f3 al alcalde pagar a Luciano Hang, el millonario y bolsonarista \u201cV\u00e9io da Havan\u201d [Viejo de la Havan], pero la administraci\u00f3n hab\u00eda dicho que apelar\u00eda.<\/p>\n\n\n\n<p>Art\u00edculo publicado en <a href=\"http:\/\/www.opiniaosocialista.com.br\" target=\"_blank\" rel=\"noopener\">www.opiniaosocialista.com.br<\/a>, 16\/5\/2024.-<\/p>\n\n\n\n<p>Traducci\u00f3n: Natalia Estrada.<\/p>\n","protected":false},"excerpt":{"rendered":"<p>Rio Grande do Sul fue v\u00edctima de dos cat\u00e1strofes. Por un lado, las fuertes inundaciones est\u00e1n ligadas al cambio clim\u00e1tico provocado por el calentamiento global, impulsado por la industria capitalista, y que se traduce en fen\u00f3menos meteorol\u00f3gicos extremos cada vez m\u00e1s frecuentes e intensos. Por otro lado, el desastre \u201cnatural\u201d gan\u00f3 mayor volumen y extensi\u00f3n [&hellip;]<\/p>\n","protected":false},"author":14,"featured_media":76679,"menu_order":0,"comment_status":"open","ping_status":"open","sticky":false,"template":"","format":"standard","meta":{"jetpack_post_was_ever_published":false,"_jetpack_newsletter_access":"","_jetpack_dont_email_post_to_subs":false,"_jetpack_newsletter_tier_id":0,"_jetpack_memberships_contains_paywalled_content":false,"litci_post_political_author":"","_jetpack_memberships_contains_paid_content":false,"footnotes":""},"categories":[2676,14605,2653],"tags":[],"class_list":["post-76678","post","type-post","status-publish","format-standard","has-post-thumbnail","hentry","category-brasil","category-crisis-climatica-y-ambiental","category-pstu-brasil"],"jetpack_featured_media_url":"https:\/\/i0.wp.com\/litci.org\/es\/wp-content\/uploads\/2024\/05\/enchentes-rio-grande-do-sul.jpg?fit=1194%2C704&ssl=1","fimg_url":"https:\/\/i0.wp.com\/litci.org\/es\/wp-content\/uploads\/2024\/05\/enchentes-rio-grande-do-sul.jpg?fit=1194%2C704&ssl=1","categories_names":["Brasil","Crisis clim\u00e1tica y ambiental","PSTU - Brasil"],"author_info":{"name":"leonardo","pic":"https:\/\/secure.gravatar.com\/avatar\/5b026831a33fc9397b874aaf2fbce7cc661697946383efa447f6bf2fd4c79d48?s=96&d=mm&r=g"},"political_author":null,"tagline":"","jetpack_sharing_enabled":true,"_links":{"self":[{"href":"https:\/\/litci.org\/es\/wp-json\/wp\/v2\/posts\/76678","targetHints":{"allow":["GET"]}}],"collection":[{"href":"https:\/\/litci.org\/es\/wp-json\/wp\/v2\/posts"}],"about":[{"href":"https:\/\/litci.org\/es\/wp-json\/wp\/v2\/types\/post"}],"author":[{"embeddable":true,"href":"https:\/\/litci.org\/es\/wp-json\/wp\/v2\/users\/14"}],"replies":[{"embeddable":true,"href":"https:\/\/litci.org\/es\/wp-json\/wp\/v2\/comments?post=76678"}],"version-history":[{"count":1,"href":"https:\/\/litci.org\/es\/wp-json\/wp\/v2\/posts\/76678\/revisions"}],"predecessor-version":[{"id":76680,"href":"https:\/\/litci.org\/es\/wp-json\/wp\/v2\/posts\/76678\/revisions\/76680"}],"wp:featuredmedia":[{"embeddable":true,"href":"https:\/\/litci.org\/es\/wp-json\/wp\/v2\/media\/76679"}],"wp:attachment":[{"href":"https:\/\/litci.org\/es\/wp-json\/wp\/v2\/media?parent=76678"}],"wp:term":[{"taxonomy":"category","embeddable":true,"href":"https:\/\/litci.org\/es\/wp-json\/wp\/v2\/categories?post=76678"},{"taxonomy":"post_tag","embeddable":true,"href":"https:\/\/litci.org\/es\/wp-json\/wp\/v2\/tags?post=76678"}],"curies":[{"name":"wp","href":"https:\/\/api.w.org\/{rel}","templated":true}]}}