{"id":76353,"date":"2024-03-28T17:33:01","date_gmt":"2024-03-28T17:33:01","guid":{"rendered":"https:\/\/litci.org\/es\/?p=76353"},"modified":"2024-11-03T13:30:26","modified_gmt":"2024-11-03T13:30:26","slug":"fuerte-apoyo-a-palestina-en-los-pueblos-arabes","status":"publish","type":"post","link":"https:\/\/litci.org\/es\/fuerte-apoyo-a-palestina-en-los-pueblos-arabes\/","title":{"rendered":"Fuerte apoyo a Palestina en los pueblos \u00e1rabes"},"content":{"rendered":"\n<p><em>Esta semana se produjeron, en varios pa\u00edses \u00e1rabes, diversas movilizaciones de apoyo a la lucha del pueblo palestino que en la Franja de Gaza resiste heroicamente la brutal agresi\u00f3n de Israel. Las m\u00e1s importantes se realizaron en Amman, la capital de Jordania.<\/em><\/p>\n\n\n\n<p><strong>Alejandro Iturbe<\/strong><\/p>\n\n\n\n<p>Los medios occidentales casi no informan de estas movilizaciones y ellas son conocidas a trav\u00e9s de videos filmados por los participantes y difundidos a trav\u00e9s de medios alternativos como Instagram.<\/p>\n\n\n\n<p>A trav\u00e9s de ese medio, nos ha llegado un video que informa: <em>\u201cEn todo el mundo \u00e1rabe, surgen protestas nocturnas en apoyo \u00e0 Gaza. En Jordania, las manifestaciones contin\u00faan por segundo d\u00eda, mientras los manifestantes sitian la entidad sionista (embajada de Israel) y rompen las barreras de seguridad para llegar hasta all\u00ed\u201d<\/em>. La acci\u00f3n es muy multitudinaria y los participantes gritan: <em>\u201c\u00a1Gaza est\u00e1 con hambre, gobiernos \u00e1rabes cobardes!\u201d<\/em>. La polic\u00eda jordana reprimi\u00f3 a la vanguardia de la movilizaci\u00f3n (en su mayor\u00eda j\u00f3venes) que avanzaba hacia la embajada de Israel<a href=\"#_ftn1\" id=\"_ftnref1\">[1]<\/a>. La acci\u00f3n fue de tal magnitud que oblig\u00f3 al <em>New York Times<\/em> a hablar de ella.<a href=\"#_ftn2\" id=\"_ftnref2\">[2]<\/a><\/p>\n\n\n\n<p>La misma publicaci\u00f3n de Instagram informa de una movilizaci\u00f3n en Bagdag (capital de Irak): \u201clos manifestantes dicen: <em>\u201cNo se dobleguen a los agresores. De Gaza vino la decisi\u00f3n: \u00a1intifada y victoria! [&#8230;] Juramos que romperemos el cerco y derrotaremos al ej\u00e9rcito agresor\u201d. <\/em>&nbsp;<\/p>\n\n\n\n<p>Tambi\u00e9n recibimos informaciones de movilizaciones en Egipto, T\u00fanez y Marruecos. En este \u00faltimo pa\u00eds, en el D\u00eda de la Madre local, miles de mujeres realizaron una gran manifestaci\u00f3n y cantaron: <em>\u201cEl m\u00e1rtir ha derramado su sangre. Oh, juventud, \u00fanete a nosotras\u201d<a id=\"_ftnref3\" href=\"#_ftn3\"><strong>[3]<\/strong><\/a><\/em>.<\/p>\n\n\n\n<figure class=\"wp-block-image size-large\"><img data-recalc-dims=\"1\" loading=\"lazy\" decoding=\"async\" width=\"1024\" height=\"634\" src=\"https:\/\/i0.wp.com\/litci.org\/es\/wp-content\/uploads\/2024\/03\/GJeamOFXYAAvHa--1024x634.jpeg?resize=1024%2C634&#038;ssl=1\" alt=\"\" class=\"wp-image-76355\" srcset=\"https:\/\/i0.wp.com\/litci.org\/es\/wp-content\/uploads\/2024\/03\/GJeamOFXYAAvHa-.jpeg?resize=1024%2C634&amp;ssl=1 1024w, https:\/\/i0.wp.com\/litci.org\/es\/wp-content\/uploads\/2024\/03\/GJeamOFXYAAvHa-.jpeg?resize=300%2C186&amp;ssl=1 300w, https:\/\/i0.wp.com\/litci.org\/es\/wp-content\/uploads\/2024\/03\/GJeamOFXYAAvHa-.jpeg?resize=768%2C475&amp;ssl=1 768w, https:\/\/i0.wp.com\/litci.org\/es\/wp-content\/uploads\/2024\/03\/GJeamOFXYAAvHa-.jpeg?resize=150%2C93&amp;ssl=1 150w, https:\/\/i0.wp.com\/litci.org\/es\/wp-content\/uploads\/2024\/03\/GJeamOFXYAAvHa-.jpeg?resize=696%2C431&amp;ssl=1 696w, https:\/\/i0.wp.com\/litci.org\/es\/wp-content\/uploads\/2024\/03\/GJeamOFXYAAvHa-.jpeg?resize=1068%2C661&amp;ssl=1 1068w, https:\/\/i0.wp.com\/litci.org\/es\/wp-content\/uploads\/2024\/03\/GJeamOFXYAAvHa-.jpeg?w=1280&amp;ssl=1 1280w\" sizes=\"auto, (max-width: 1000px) 100vw, 1000px\" \/><figcaption class=\"wp-element-caption\">Protestas a los alrededores de la Embajada de Israel <em>en Amman, la capital de Jordania.<\/em> Marzo 2024 <\/figcaption><\/figure>\n\n\n\n<figure class=\"wp-block-video\"><video controls src=\"https:\/\/litci.org\/es\/wp-content\/uploads\/2024\/03\/video_2024-03-28_10-53-28.mp4\"><\/video><figcaption class=\"wp-element-caption\">Manifestaci\u00f3n cerca de la embajada de Israel en Amman, Jordania en apoyo a Gaza y en contra del genocidio. Tomado de: <a href=\"https:\/\/t.me\/PalestinaHoy\">https:\/\/t.me\/PalestinaHoy<\/a><\/figcaption><\/figure>\n\n\n\n<figure class=\"wp-block-video\"><video controls src=\"https:\/\/litci.org\/es\/wp-content\/uploads\/2024\/03\/video_2024-03-28_10-52-03.mp4\"><\/video><\/figure>\n\n\n\n<p>A partir de octubre de 2023, cuando el ej\u00e9rcito israel\u00ed invadi\u00f3 la Franja de Gaza para llevar adelante una nueva acci\u00f3n sangrienta y genocida contra el pueblo palestino, se inici\u00f3 una poderosa ola de movilizaciones de masas en todo el mundo, en apoyo al pueblo palestino y repudiando la agresi\u00f3n sionista. Esta ola se produjo incluso en los pa\u00edses imperialistas que apoyan a Israel (como EE.UU. y Gran Breta\u00f1a) y tuvo expresiones gigantescas en los pa\u00edses del mundo \u00e1rabe y musulm\u00e1n, que enfrentaban a sus gobiernos (muchos de ellos c\u00f3mplices de Israel, por acci\u00f3n u omisi\u00f3n).<\/p>\n\n\n\n<p>Esto \u00faltimo es de gran importancia para la lucha del pueblo palestino. Veamos el caso de Jordania. Este pa\u00eds limita con el territorio palestino de Cisjordania (los separa el r\u00edo Jord\u00e1n). Cuando el sionismo realiz\u00f3 la <em>nakba<\/em>, cientos de miles de palestinos fueron obligados a emigrar, en especial a pa\u00edses \u00e1rabes lim\u00edtrofes, como Jordania, donde quedaron como refugiados, en condiciones muy duras. Actualmente, viven en Jordania cerca de 2.500.000 de palestinos (sobre una poblaci\u00f3n total de menos de 12 millones de habitantes).<\/p>\n\n\n\n<p>En 1994, el r\u00e9gimen mon\u00e1rquico jordano reconoci\u00f3 al Estado de Israel, firm\u00f3 \u201cla paz\u201d con \u00e9l, entreg\u00f3 Cisjordania (que, por d\u00e9cadas hab\u00eda estado bajo su administraci\u00f3n) y se transform\u00f3 en el \u201ccustodio externo\u201d de las fronteras israel\u00edes y en un \u201cdique de contenci\u00f3n y opresi\u00f3n\u201d de los refugiados palestinos que viven en su territorio, a los que reprimen cada vez que luchan contra esa situaci\u00f3n, como acaba de suceder. Una traici\u00f3n similar realizaron la OLP y muchos gobiernos \u00e1rabes.<\/p>\n\n\n\n<p>En numerosos art\u00edculos hemos dicho que la heroica resistencia palestina en los territorios ocupados por Israel lucha contra su enemigo con una gran inferioridad militar. Para recuperar su territorio hist\u00f3rico, el pueblo palestino necesita derrotar militarmente y destruir el Estado de Israel.<\/p>\n\n\n\n<p>Para que ese objetivo sea posible, es necesario que la lucha palestina sea la chispa que \u201cincendie\u201d la regi\u00f3n con un proceso revolucionario de los pueblos \u00e1rabes contra sus gobiernos y reg\u00edmenes traidores, para retomar el camino de la lucha militar contra Israel. Esto es esencial para los pa\u00edses lim\u00edtrofes, como Egipto y Jordania<a href=\"#_ftn4\" id=\"_ftnref4\">[4]<\/a>.<\/p>\n\n\n\n<p>En lo inmediato, es muy posible que estas movilizaciones en Jordania alienten un aumento de la lucha y la resistencia en Cisjordania, ya que est\u00e1n unidas por muchas conexiones hist\u00f3ricas y actuales<a href=\"#_ftn5\" id=\"_ftnref5\">[5]<\/a>.<\/p>\n\n\n\n<p>Est\u00e1 abierta tambi\u00e9n la posibilidad de que estas movilizaciones en varios pa\u00edses sean un s\u00edntoma del inicio de una nueva ola de gigantescas movilizaciones en el mundo \u00e1rabe. Es muy importante que as\u00ed sea, porque se da en un momento en que la ofensiva de Israel (a pesar de sus m\u00e9todos genocidas) tiene serios problemas yl gobierno de Netanyahu est\u00e1 debilitado<a href=\"#_ftn6\" id=\"_ftnref6\">[6]<\/a>.<\/p>\n\n\n\n<p>La LIT-CI y sus simpatizantes en el mundo \u00e1rabe ponen todos sus esfuerzos para impulsar esas movilizaciones.<\/p>\n\n\n\n<hr class=\"wp-block-separator has-alpha-channel-opacity\" \/>\n\n\n\n<p><a href=\"#_ftnref1\" id=\"_ftn1\">[1]<\/a> <a href=\"https:\/\/www.instagram.com\/reel\/C486UTELC9q\/?igsh=azVweWh4a2J3cmFh\" target=\"_blank\" rel=\"noopener\">\ud83d\udea8 Em todo o mundo \u00e1rabe, surgem protestos ap\u00f3s as ora\u00e7\u00f5es noturnas em apoio \u00e0 Gaza. Na Jord\u00e2nia, as manifesta\u00e7\u00f5es continuam pelo segundo\u2026 | Instagram<\/a><\/p>\n\n\n\n<p><a href=\"#_ftnref2\" id=\"_ftn2\">[2]<\/a> https:\/\/www.nytimes.com\/video\/world\/middleeast\/100000009383249\/gaza-palestinian-protesters-israeli-embassy-jordan.html<\/p>\n\n\n\n<p><a href=\"#_ftnref3\" id=\"_ftn3\">[3]<\/a> https:\/\/www.instagram.com\/salehatiaa\/reel\/C49XF-hoOew\/<\/p>\n\n\n\n<p><a href=\"#_ftnref4\" id=\"_ftn4\">[4]<\/a> https:\/\/litci.org\/es\/la-cuestion-palestina-punto-central-de-la-revolucion-arabe\/<\/p>\n\n\n\n<p><a href=\"#_ftnref5\" id=\"_ftn5\">[5]<\/a> https:\/\/litci.org\/es\/cisjordania-el-otro-frente-del-ataque-israeli-a-los-palestinos\/&nbsp;<\/p>\n\n\n\n<p><a href=\"#_ftnref6\" id=\"_ftn6\">[6]<\/a> https:\/\/litci.org\/es\/israel-a-netanyahu-se-le-complica-todo\/<\/p>\n","protected":false},"excerpt":{"rendered":"<p>Esta semana se produjeron, en varios pa\u00edses \u00e1rabes, diversas movilizaciones de apoyo a la lucha del pueblo palestino que en la Franja de Gaza resiste heroicamente la brutal agresi\u00f3n de Israel. Las m\u00e1s importantes se realizaron en Amman, la capital de Jordania. Alejandro Iturbe Los medios occidentales casi no informan de estas movilizaciones y ellas [&hellip;]<\/p>\n","protected":false},"author":5,"featured_media":76386,"menu_order":0,"comment_status":"open","ping_status":"open","sticky":true,"template":"","format":"standard","meta":{"jetpack_post_was_ever_published":false,"_jetpack_newsletter_access":"","_jetpack_dont_email_post_to_subs":false,"_jetpack_newsletter_tier_id":0,"_jetpack_memberships_contains_paywalled_content":false,"litci_post_political_author":"","_jetpack_memberships_contains_paid_content":false,"footnotes":""},"categories":[18309,2713],"tags":[3099],"class_list":["post-76353","post","type-post","status-publish","format-standard","has-post-thumbnail","hentry","category-especial-palestina","category-palestina","tag-palestina-2"],"jetpack_featured_media_url":"https:\/\/i0.wp.com\/litci.org\/es\/wp-content\/uploads\/2024\/03\/NV2DD7QKSFGA5MYO5C65JBJCXY.jpg?fit=1200%2C800&ssl=1","fimg_url":"https:\/\/i0.wp.com\/litci.org\/es\/wp-content\/uploads\/2024\/03\/NV2DD7QKSFGA5MYO5C65JBJCXY.jpg?fit=1200%2C800&ssl=1","categories_names":["Especial Palestina","Palestina"],"author_info":{"name":"Kely","pic":"https:\/\/secure.gravatar.com\/avatar\/19003bf6219614b90207b39bd4a2733ce9cf96693efdfd639b15a829beed53d1?s=96&d=mm&r=g"},"political_author":null,"tagline":"","jetpack_sharing_enabled":true,"_links":{"self":[{"href":"https:\/\/litci.org\/es\/wp-json\/wp\/v2\/posts\/76353","targetHints":{"allow":["GET"]}}],"collection":[{"href":"https:\/\/litci.org\/es\/wp-json\/wp\/v2\/posts"}],"about":[{"href":"https:\/\/litci.org\/es\/wp-json\/wp\/v2\/types\/post"}],"author":[{"embeddable":true,"href":"https:\/\/litci.org\/es\/wp-json\/wp\/v2\/users\/5"}],"replies":[{"embeddable":true,"href":"https:\/\/litci.org\/es\/wp-json\/wp\/v2\/comments?post=76353"}],"version-history":[{"count":2,"href":"https:\/\/litci.org\/es\/wp-json\/wp\/v2\/posts\/76353\/revisions"}],"predecessor-version":[{"id":77837,"href":"https:\/\/litci.org\/es\/wp-json\/wp\/v2\/posts\/76353\/revisions\/77837"}],"wp:featuredmedia":[{"embeddable":true,"href":"https:\/\/litci.org\/es\/wp-json\/wp\/v2\/media\/76386"}],"wp:attachment":[{"href":"https:\/\/litci.org\/es\/wp-json\/wp\/v2\/media?parent=76353"}],"wp:term":[{"taxonomy":"category","embeddable":true,"href":"https:\/\/litci.org\/es\/wp-json\/wp\/v2\/categories?post=76353"},{"taxonomy":"post_tag","embeddable":true,"href":"https:\/\/litci.org\/es\/wp-json\/wp\/v2\/tags?post=76353"}],"curies":[{"name":"wp","href":"https:\/\/api.w.org\/{rel}","templated":true}]}}