{"id":76056,"date":"2024-02-15T17:50:19","date_gmt":"2024-02-15T17:50:19","guid":{"rendered":"https:\/\/litci.org\/es\/?p=76056"},"modified":"2024-11-03T13:31:17","modified_gmt":"2024-11-03T13:31:17","slug":"a-que-fue-milei-a-israel","status":"publish","type":"post","link":"https:\/\/litci.org\/es\/a-que-fue-milei-a-israel\/","title":{"rendered":"\u00bfA qu\u00e9 fue Milei a Israel?"},"content":{"rendered":"\n<p>Por Alejandro Iturbe<\/p>\n\n\n\n<p><em>El presidente argentino Javier Milei est\u00e1 realizando una gira internacional por varios pa\u00edses. El primer destino oficial fue Israel, donde se reuni\u00f3 con el primer ministro Benjam\u00edn Netanyahu. El significado de esta gira puede ser analizado en dos niveles: el primero es el contexto de crisis pol\u00edtica, econ\u00f3mica y social que vive la Argentina; el segundo es la ubicaci\u00f3n pol\u00edtica e ideol\u00f3gica internacional del gobierno de Milei, especialmente en el marco del ataque genocida del gobierno israel\u00ed al pueblo palestino en la Franja de Gaza.<\/em><\/p>\n\n\n\n<p>En Argentina, el gobierno de Milei viene de una derrota pol\u00edtica. Diversas instancias de la Justicia \u201cpararon\u201d partes del DNU (Decreto de Necesidad y Urgencia) en el que hab\u00eda juntado cientos de medidas de ajuste presupuestario, privatizaciones de las empresas estatales remanentes, ataques al salario, las jubilaciones y las condiciones laborales, y beneficios para las grandes empresas y bancos. El gobierno envi\u00f3 al Congreso una Ley \u00d3mnibus que incluye la aprobaci\u00f3n del DNU y otros puntos. Hasta ahora, esta Ley no fue aprobada, por lo que tambi\u00e9n ha quedado paralizada.<\/p>\n\n\n\n<p>Esta derrota del gobierno fue resultado de la combinaci\u00f3n de dos factores. Esencialmente, de las primeras respuestas de sectores importantes de la clase trabajadora y las masas a las medidas del gobierno y a la situaci\u00f3n objetiva de alt\u00edsima inflaci\u00f3n y deterioro del salario, cuya expresi\u00f3n m\u00e1s alta fue el paro y la gigantesca movilizaci\u00f3n nacional del pasado 24 de enero, convocado por la CGT y otras organizaciones sindicales, sociales y pol\u00edticas<a href=\"#_ftn1\" id=\"_ftnref1\">[1]<\/a>.<\/p>\n\n\n\n<p>El segundo factor es que hay una profunda crisis pol\u00edtica en la burgues\u00eda y en sus organizaciones con representaci\u00f3n parlamentaria e institucional (gobernadores e intendentes), con una tendencia a rupturas y fragmentaci\u00f3n en todas ellas y, al mismo tiempo, nuevos reagrupamientos. El conjunto de la burgues\u00eda argentina est\u00e1 a favor de la esencia de la pol\u00edtica de Milei: la necesidad de un feroz ajuste a las masas y el Estado, y la subordinaci\u00f3n al FMI y el imperialismo. Pero est\u00e1 dividida tanto sobre c\u00f3mo enfrentar el choque con las masas como sobre qui\u00e9nes recibir\u00e1n los beneficios de este ajuste y sobre cu\u00e1les costos va a pagar cada sector burgu\u00e9s<a href=\"#_ftn2\" id=\"_ftnref2\">[2]<\/a>.<\/p>\n\n\n\n<p>Hemos dicho que el gobierno sufri\u00f3 una derrota. Se acent\u00faa la crisis pol\u00edtica, econ\u00f3mica y social (la inflaci\u00f3n es galopante), y crece la bronca popular. Milei responde enoj\u00e1ndose p\u00fablicamente con propios y ajenos. Por ejemplo, lanz\u00f3 un ataque sobre las provincias, les retuvo los fondos que debe enviarles el Estado nacional (poniendo a los gobernadores de todos los partidos en situaci\u00f3n de impago de salarios) y les quit\u00f3 los subsidios para el transporte p\u00fablico de pasajeros (el precio de los pasajes se triplicar\u00e1). Es decir, \u201cquem\u00f3 los puentes\u201d con aquellos con los que deb\u00eda negociar para que los diputados de las provincias votasen la Ley \u00d3mnibus en el Congreso. Entre tanto, su imagen se desgasta cada vez m\u00e1s, a menos de dos meses de haber asumido con un alto apoyo electoral<a href=\"#_ftn3\" id=\"_ftnref3\">[3]<\/a>.<\/p>\n\n\n\n<p>En ese contexto, el viaje internacional de Milei \u201ccay\u00f3 mal\u201d en el pa\u00eds. En primer lugar en las masas, ya que los medios publicaron fotos suyas y de su hermana Karina (alta funcionaria del gobierno) haciendo turismo por Roma e Israel. Pero tambi\u00e9n en la propia burgues\u00eda, que lo ve priorizando objetivos pol\u00edticos de alineamiento internacional en lugar de quedarse en el pa\u00eds y \u201ccomandar\u201d la resoluci\u00f3n de la crisis.<\/p>\n\n\n\n<p>El diario espa\u00f1ol <em>El Pa\u00eds<\/em> comenta con asombro que Milei priorice ese viaje cuando su principal proyecto legislativo (de hecho, el destino de su gobierno) est\u00e1 en \u201cjuego\u201d en el Congreso argentino<a href=\"#_ftn4\" id=\"_ftnref4\">[4]<\/a>. Incluso el diario argentino <em>Clar\u00edn<\/em> (que apoya con entusiasmo al gobierno y su pol\u00edtica) sac\u00f3 un art\u00edculo ir\u00f3nicamente cr\u00edtico sobre este viaje.<\/p>\n\n\n\n<p><strong>Un\u00e1monos por la derecha<\/strong><\/p>\n\n\n\n<p>El viaje de Milei a Israel y su reuni\u00f3n con Netanyahu tuvieron un claro contenido pol\u00edtico, en medio de la sangrienta ofensiva israel\u00ed contra la Franja de Gaza. Milei no solo apoy\u00f3 firmemente la \u201clucha\u201d del Estado sionista contra el \u201cterrorismo palestino\u201d sino que, tal como lo hab\u00eda hecho en su momento Donald Trump, anunci\u00f3 que trasladar\u00eda la embajada argentina en Israel a Jerusal\u00e9n, reconoci\u00e9ndola como capital de ese pa\u00eds, tal como reivindican Netanyahu y el sionismo.<\/p>\n\n\n\n<p>Milei se ubica as\u00ed, y busca alinearse con el \u201cala dura\u201d de la derecha internacional que reivindica a Israel como un basti\u00f3n y una avanzada de la lucha contra uno de los \u201cpeligros\u201d que amenazan la \u201clibertad\u201d de Occidente. No es casual que Trump, hoy precandidato presidencial republicano, le haya dedicado grandes elogios a su gobierno<a href=\"#_ftn5\" id=\"_ftnref5\">[5]<\/a>. La gran mayor\u00eda de los gobiernos latinoamericanos tambi\u00e9n apoyan a Israel y al sionismo contra los palestinos (como el de Lula en Brasil o el anterior gobierno peronista argentino), pero lo hacen de manera vergonzante, con hip\u00f3critas llamados a \u201cla paz\u201d<a href=\"#_ftn6\" id=\"_ftnref6\">[6]<\/a>.<\/p>\n\n\n\n<p>Milei busca una alianza expl\u00edcita y s\u00f3lida entre su gobierno y el de Netanyahu. La canciller argentina, Diana Mondino, se reuni\u00f3n con su par israel\u00ed y ambos destacaron que el v\u00ednculo entre las naciones <em>\u201ctom\u00f3 un nuevo impulso\u201d<\/em> con el gobierno de Javier Milei y se\u00f1alaron la importancia de fortalecer <em>\u201cla relaci\u00f3n en los \u00e1mbitos pol\u00edtico, econ\u00f3mico, cient\u00edfico y cultural\u201d<\/em>.<\/p>\n\n\n\n<p>Mondino agreg\u00f3 que <em>\u201c<\/em><em>el gobierno argentino quiere emprender un trabajo conjunto m\u00e1s profundo, para atraer mayores inversiones israel\u00edes\u201d<a href=\"#_ftn7\" id=\"_ftnref7\"><strong>[7]<\/strong><\/a><\/em>. Incluso ya fue realizado el primer acuerdo en este sentido: la empresa tecnol\u00f3gica israel\u00ed XtraLit, invertir\u00e1 108 millones de d\u00f3lares en Argentina para extracci\u00f3n de litio<a href=\"#_ftn8\" id=\"_ftnref8\">[8]<\/a>. Es muy posible que tambi\u00e9n haya acuerdos para que Israel provea tecnolog\u00eda represiva al gobierno argentino, tal como hace con Brasil.<\/p>\n\n\n\n<p>Para Netanyahu y el sionismo, en el marco del creciente repudio internacional a su agresi\u00f3n genocida, de su tambi\u00e9n creciente aislamiento pol\u00edtico internacional, e incluso de la crisis pol\u00edtica de su gobierno al interior de Israel, el fuerte apoyo de un gobierno latinoamericano y la alianza con Milei representan una \u201cbocanada de aire\u201d.<\/p>\n\n\n\n<p><strong>Milei y el sionismo<\/strong><\/p>\n\n\n\n<p>Las profundas relaciones de Milei con el sionismo vienen de hace algunos a\u00f1os, desde el momento en que iniciaba su carrera pol\u00edtica. Un hecho clave fue su acercamiento a la representaci\u00f3n argentina del <strong>movimiento Jabad Lubavitch<\/strong>, con sede en EE.UU. Este movimiento es unaespecie de Opus Dei jud\u00edoque<strong>, <\/strong>bajo una cubierta religiosa<strong>, <\/strong>busca ganar peso en los medios pol\u00edticos y empresariales.Por ejemplo, es una de las influencias de Donald Trump, cuya hija Ivanka y su yerno pertenecen a \u00e9l.<\/p>\n\n\n\n<p>Este contacto, adem\u00e1s de la influencia religiosa e ideol\u00f3gica, hizo que Milei estableciese fuertes relaciones con burgueses argentinos de origen jud\u00edo, algunos de los cuales forman parte del n\u00facleo empresarial m\u00e1s fuerte del pa\u00eds. Es el caso del multimillonario <strong>Eduardo Elsztain<\/strong>, propietario de la empresa IRSA, la principal desarrolladora de inmuebles comerciales del pa\u00eds y la \u00fanica empresa argentina de este sector que cotiza en la Bolsa de Nueva York (NYSE). Tambi\u00e9n del Banco Hipotecario desde su privatizaci\u00f3n en la d\u00e9cada de 1990, bajo el gobierno de Carlos Menem.<\/p>\n\n\n\n<p>Tambi\u00e9n es el due\u00f1o de CRESUD, que posee 800.000 hect\u00e1reas en 24 campos propios en Argentina, y tambi\u00e9n en Paraguay y Bolivia. En Brasil, es el principal accionista de BrasilAgro, que repite el modelo de su desarrollo empresarial en Argentina. Finalmente, es el principal inversor de Austral Gold, dedicada a la actividad minera de oro y plata en Argentina y Chile, asociado con capitales estadounidenses. Como dato complementario, Elsztain aparece involucrado en los Panam\u00e1 Papers y en las \u201cempresas fantasmas\u201d con sede en ese pa\u00eds, uno de los mecanismos preferido por la burgues\u00eda argentina para fugar capitales y evadir impuestos.<\/p>\n\n\n\n<p>En este contexto, Elsztain fue uno de los principales apoyos de la gran burgues\u00eda argentina a la campa\u00f1a electoral de Milei, con fuertes aportes financieros. Incluso, una vez que Milei ya hab\u00eda sido electo y antes de asumir, se \u201crefugi\u00f3\u201d algunas semanas en el Hotel Libertador, propiedad del empresario.<\/p>\n\n\n\n<p>No es casual que, una vez en el gobierno, Milei quisiera devolverle los favores e incluyera en su DNU un art\u00edculo \u201ca la medida\u201d de Esztain, como la autorizaci\u00f3n de la quema y tala de bosques nativos para la explotaci\u00f3n agraria de esas tierras. Con ese art\u00edculo, Elsztain podr\u00eda desmontar legalmente 150.000 hect\u00e1reas de su propiedad en su finca Los Pozos (Salta), hoy protegidas por la ley de Bosques. El DNU fue parado en la Justicia argentina y la Ley \u00d3mnibus est\u00e1 trabada en el Congreso, pero esa \u201cdevoluci\u00f3n de favores\u201d est\u00e1 en ambos textos.&nbsp; &nbsp;&nbsp;&nbsp;&nbsp;&nbsp;<\/p>\n\n\n\n<p>Los trabajadores y el pueblo argentino luchan contra los ataques del gobierno de Milei con paros, movilizaciones y cacerolazos. En condiciones dur\u00edsimas, el pueblo palestino resiste heroicamente la agresi\u00f3n sionista.<\/p>\n\n\n\n<p>Milei y Netanyahu se al\u00edan para apoyarse mutuamente. Los trabajadores argentinos y el pueblo palestino debemos unirnos en nuestra lucha, apoyarnos y defendernos como hermanos. Luchamos contra el mismo enemigo.<\/p>\n\n\n\n<hr class=\"wp-block-separator has-alpha-channel-opacity\" \/>\n\n\n\n<p><a href=\"#_ftnref1\" id=\"_ftn1\">[1]<\/a> <a href=\"https:\/\/litci.org\/es\/argentina-lo-que-dejo-el-paro-del-24\/\">Argentina | Lo que dej\u00f3 el paro del 24 &#8211; Liga Internacional de los Trabajadores (litci.org)<\/a><\/p>\n\n\n\n<p><a href=\"#_ftnref2\" id=\"_ftn2\">[2]<\/a> <a href=\"https:\/\/litci.org\/es\/cayo-la-ley-plan-de-lucha-por-el-salario-y-contra-la-politica-de-milei-macri-y-el-fmi\/\">Cay\u00f3 la ley: Plan de lucha por el salario y contra la pol\u00edtica de Milei, Macri y el FMI &#8211; Liga Internacional de los Trabajadores (litci.org)<\/a><\/p>\n\n\n\n<p><a href=\"#_ftnref3\" id=\"_ftn3\">[3]<\/a> <a href=\"https:\/\/www.laarena.com.ar\/el-pais\/encuesta-cae-la-imagen-de-milei-en-todas-las-provincias-20242613520\" target=\"_blank\" rel=\"noopener\">laarena.com.ar\/el-pais\/encuesta-cae-la-imagen-de-milei-en-todas-las-provincias-20242613520<\/a><strong><em>&nbsp;&nbsp;<\/em><\/strong><\/p>\n\n\n\n<p><a href=\"#_ftnref4\" id=\"_ftn4\">[4]<\/a> <a href=\"https:\/\/elpais.com\/argentina\/2024-02-06\/milei-viaja-a-israel-mientras-se-juega-su-ley-de-desguace-en-el-congreso-argentino.html\" target=\"_blank\" rel=\"noopener\">Milei viaja a Israel mientras se juega su ley de desguace en el Congreso argentino | EL PA\u00cdS Argentina (elpais.com)<\/a><\/p>\n\n\n\n<p><a href=\"#_ftnref5\" id=\"_ftn5\">[5]<\/a> https:\/\/cnnespanol.cnn.com\/2024\/01\/19\/donald-trump-javier-milei-haciendo-a-la-argentina-grande-otra-vez-orix\/#:~:text=Estoy%20muy%20orgulloso%20de%20ti,a%20s%C3%AD%20mismo%20el%20argentino.<\/p>\n\n\n\n<p><a href=\"#_ftnref6\" id=\"_ftn6\">[6]<\/a> <a href=\"https:\/\/pstu.com.ar\/la-izquierda-no-puede-votar-al-sionismo\/\" target=\"_blank\" rel=\"noopener\">La izquierda no puede votar al sionismo \u2013 PSTU<\/a><\/p>\n\n\n\n<p><a href=\"#_ftnref7\" id=\"_ftn7\">[7]<\/a> <a href=\"https:\/\/www.lavoz.com.ar\/politica\/mondino-se-reunio-con-el-canciller-israeli-para-fortalecer-las-relaciones-entre-ambos-paises\/\" target=\"_blank\" rel=\"noopener\">En Israel: Diana Mondino se reuni\u00f3 con el canciller Yisrael Katz con la intenci\u00f3n de \u201cfortalecer la relaci\u00f3n\u201d entre ambos pa\u00edses (lavoz.com.ar)<\/a><\/p>\n\n\n\n<p><a href=\"#_ftnref8\" id=\"_ftn8\">[8]<\/a> <a href=\"https:\/\/www.clarin.com\/economia\/javier-milei-trajo-viaje-primera-inversion-israel-litio_0_IKbrAAGfcu.html\" target=\"_blank\" rel=\"noopener\">Javier Milei se trajo del viaje la primera inversi\u00f3n de Israel en litio (clarin.com)<\/a><\/p>\n","protected":false},"excerpt":{"rendered":"<p>Por Alejandro Iturbe El presidente argentino Javier Milei est\u00e1 realizando una gira internacional por varios pa\u00edses. El primer destino oficial fue Israel, donde se reuni\u00f3 con el primer ministro Benjam\u00edn Netanyahu. El significado de esta gira puede ser analizado en dos niveles: el primero es el contexto de crisis pol\u00edtica, econ\u00f3mica y social que vive [&hellip;]<\/p>\n","protected":false},"author":4,"featured_media":76058,"menu_order":0,"comment_status":"open","ping_status":"open","sticky":false,"template":"","format":"standard","meta":{"jetpack_post_was_ever_published":false,"_jetpack_newsletter_access":"","_jetpack_dont_email_post_to_subs":false,"_jetpack_newsletter_tier_id":0,"_jetpack_memberships_contains_paywalled_content":false,"litci_post_political_author":"","_jetpack_memberships_contains_paid_content":false,"footnotes":""},"categories":[2652,2713],"tags":[],"class_list":["post-76056","post","type-post","status-publish","format-standard","has-post-thumbnail","hentry","category-argentina","category-palestina"],"jetpack_featured_media_url":"https:\/\/i0.wp.com\/litci.org\/es\/wp-content\/uploads\/2024\/02\/814078-netanmilei_0.jpg?fit=1200%2C1050&ssl=1","fimg_url":"https:\/\/i0.wp.com\/litci.org\/es\/wp-content\/uploads\/2024\/02\/814078-netanmilei_0.jpg?fit=1200%2C1050&ssl=1","categories_names":["Argentina","Palestina"],"author_info":{"name":"Administraci\u00f3n Site","pic":"https:\/\/secure.gravatar.com\/avatar\/1fc4a65db396208ca881747f59a66a20c6b8670747457224753e1e98c43f719b?s=96&d=mm&r=g"},"political_author":null,"tagline":"","jetpack_sharing_enabled":true,"_links":{"self":[{"href":"https:\/\/litci.org\/es\/wp-json\/wp\/v2\/posts\/76056","targetHints":{"allow":["GET"]}}],"collection":[{"href":"https:\/\/litci.org\/es\/wp-json\/wp\/v2\/posts"}],"about":[{"href":"https:\/\/litci.org\/es\/wp-json\/wp\/v2\/types\/post"}],"author":[{"embeddable":true,"href":"https:\/\/litci.org\/es\/wp-json\/wp\/v2\/users\/4"}],"replies":[{"embeddable":true,"href":"https:\/\/litci.org\/es\/wp-json\/wp\/v2\/comments?post=76056"}],"version-history":[{"count":2,"href":"https:\/\/litci.org\/es\/wp-json\/wp\/v2\/posts\/76056\/revisions"}],"predecessor-version":[{"id":77854,"href":"https:\/\/litci.org\/es\/wp-json\/wp\/v2\/posts\/76056\/revisions\/77854"}],"wp:featuredmedia":[{"embeddable":true,"href":"https:\/\/litci.org\/es\/wp-json\/wp\/v2\/media\/76058"}],"wp:attachment":[{"href":"https:\/\/litci.org\/es\/wp-json\/wp\/v2\/media?parent=76056"}],"wp:term":[{"taxonomy":"category","embeddable":true,"href":"https:\/\/litci.org\/es\/wp-json\/wp\/v2\/categories?post=76056"},{"taxonomy":"post_tag","embeddable":true,"href":"https:\/\/litci.org\/es\/wp-json\/wp\/v2\/tags?post=76056"}],"curies":[{"name":"wp","href":"https:\/\/api.w.org\/{rel}","templated":true}]}}