{"id":75724,"date":"2024-01-11T12:55:52","date_gmt":"2024-01-11T12:55:52","guid":{"rendered":"https:\/\/litci.org\/es\/?p=75724"},"modified":"2024-11-03T13:31:42","modified_gmt":"2024-11-03T13:31:42","slug":"ecuador-la-gran-puesta-en-escena-del-estado-de-excepcion","status":"publish","type":"post","link":"https:\/\/litci.org\/es\/ecuador-la-gran-puesta-en-escena-del-estado-de-excepcion\/","title":{"rendered":"Ecuador: La gran puesta en escena del Estado de excepci\u00f3n"},"content":{"rendered":"\n<p>Publicamos este art\u00edculo de la <a href=\"https:\/\/www.revistacrisis.com\/\" target=\"_blank\" rel=\"noopener\">Revista Crisis<\/a>. Es una revista digital, que naci\u00f3 con el objetivo de presentar una nueva referencia de izquierda en Ecuador. Con esta publicaci\u00f3n concretamos una colaboraci\u00f3n entre los dos medios, a trav\u00e9s de intercambio de art\u00edculos.<\/p>\n\n\n\n<p>El flamante gobierno de Daniel Noboa -mayor empresario bananero del Ecuador-,\u00a0<strong>recrea las narrativas del Narcoestado para legitimar un r\u00e9gimen de militarizaci\u00f3n social.\u00a0<\/strong>El 8 de enero de 2024, tras conocerse la fuga de alias Fito, seis centros penitenciarios a nivel nacional se amotinaron, entre ellos la Penitenciaria del Litoral, Turi, El Inca, Latacunga, Ambato y Machala. El tan aclamado y esperado Plan F\u00e9nix, una de las propuestas que catapult\u00f3 a Noboa a la presidencia por su l\u00f3gica \u201cnovedosa\u201d de mano dura, contin\u00faa siendo un secreto de Estado, o m\u00e1s bien,\u00a0<strong>una puesta en escena inspirada en el autoritarismo sionista de Nayib Bukele.<\/strong><\/p>\n\n\n\n<p><strong>El gobierno por decreto y estado de excepci\u00f3n, parece haberse puesto de moda en Am\u00e9rica Latina.\u00a0<\/strong>Milei propone un poder ejecutivo y legislativo concentrado en su persona, mientras Bukele impone una aparente estabilidad social,\u00a0<strong>basada en la reclusi\u00f3n y el asedio a la clase trabajadora.<\/strong>\u00a0En la actualidad, El Salvador es el pa\u00eds con la mayor poblaci\u00f3n carcelaria del mundo en proporci\u00f3n a su poblaci\u00f3n.\u00a0<strong>Durante los dos a\u00f1os nefastos del banquero presidente, Guillermo Lasso decret\u00f3 el estado de excepci\u00f3n un total de 11 veces.<\/strong><\/p>\n\n\n\n<p><strong>Una de los mejores y m\u00e1s pompos libretos se puso en escena al momento en que el Estado ecuatoriano acept\u00f3 desconocer el paradero de alias Fito.&nbsp;<\/strong>Lo que sigui\u00f3 a este evento desafortunado, fue una serie de motines casi simult\u00e1neos en las c\u00e1rceles m\u00e1s importantes del pa\u00eds, que incluyeron&nbsp;<strong>decenas de guardias penitenciarios retenidos.<\/strong>&nbsp;La situaci\u00f3n en las c\u00e1rceles del pa\u00eds logra generar la imagen adecuada para aupar la sensaci\u00f3n de inseguridad y miedo que ya aqueja a gran parte de la sociedad civil.&nbsp;<strong>Este estado material y psicol\u00f3gico de la gente, tiene la potencialidad de facilitar una justificaci\u00f3n sin reparos a la figura de estado de excepci\u00f3n y a una militarizaci\u00f3n permanente del mundo de la vida. &nbsp;<\/strong><\/p>\n\n\n\n<p>La pr\u00f3xima consulta popular a desarrollarse en los pr\u00f3ximos meses,&nbsp;<strong>plantea un fortalecimiento masivo de la competencia a FF.AA. y Polic\u00eda Nacional, creando un marco de impunidad que facilitar\u00eda el terrorismo de Estado.<\/strong>&nbsp;Por una parte, el Ejecutivo plantea la presencia permanente de fuerzas militares en el espacio p\u00fablico, adem\u00e1s de su re direccionamiento de una l\u00f3gica de defensa nacional hacia el control social interno.&nbsp;<strong>Los muchos experimentos emprendidos en nuestro continente en este terreno&nbsp;<\/strong>-Videla, Pinochet, Stroessner,&nbsp; Rios-Montt, Batista y Fujimori, por nombrar a tan solo unos pocos- d<strong>emuestran que el autoritarismo estatal, termina en terrorismo de Estado, implementado por la ultra derecha radicalizada<\/strong>&nbsp;que apunta a limpieza social.<\/p>\n\n\n\n<p>El estado de miedo es perfecto para crear un consenso marcado por una regresi\u00f3n conservadora.&nbsp;<strong>Cada vez es m\u00e1s com\u00fan escuchar comentarios de a\u00f1oranza a los escuadrones volantes del SIC-10.<\/strong>&nbsp;En respuesta, otra porci\u00f3n importante de la sociedad empieza a hacer&nbsp;<strong>una cr\u00edtica cada vez m\u00e1s concienzuda a la legitimidad del mismo Estado.<\/strong>&nbsp;Una creciente polarizaci\u00f3n se va haciendo m\u00e1s evidente, mientras&nbsp;<strong>se agudiza la lucha de clases.<\/strong>&nbsp;El Estado, por su parte, se ampara en el estado de excepci\u00f3n y sus nuevas normas, mismas que le facultan a suprimir -m\u00e1s abiertamente- derechos.&nbsp;<strong>Es decir, el estado de excepci\u00f3n responde a un momento de crisis de hegemon\u00eda, y por lo tanto, debe ser reconstruida por medio del uso de la fuerza.<\/strong><\/p>\n\n\n\n<p>Para esta nueva forma de Estado capitalista,&nbsp;<strong>es elemental reformar el Derecho para regular m\u00e1s efectivamente la vida social.<\/strong>&nbsp;En este mismo d\u00eda, se public\u00f3 la segunda parte de las preguntas de la consulta popular, que abiertamente plantea impunidad para agentes del orden, en un libre ejercicio de los aparatos represivos.&nbsp;<strong>El Derecho -las leyes- es la estructura que entreteje la explotaci\u00f3n, la opresi\u00f3n y la represi\u00f3n, como mecanismos de sometimiento contra la clase trabajadora mundial.<\/strong>&nbsp;La consulta popular planteada por el gobierno bananero, de salir victoriosa&nbsp;<strong>podr\u00eda llevar al pa\u00eds a un nuevo momento del desarrollo del capitalismo perif\u00e9rico, que en lo absoluto puede enajenarse del contexto pol\u00edtico autoritario mundial.<\/strong><\/p>\n\n\n\n<p><strong>La narrativa que genera un hilo conductor<\/strong>&nbsp;entre Ecuador y el abuso de estados de excepci\u00f3n espor\u00e1dicos, el estado de excepci\u00f3n permanente de El Salvador y el Estado fascista de Israel, es que&nbsp;<strong>todos estos son formas de Estados capitalistas.&nbsp;<\/strong>Un ejemplo es que simult\u00e1neamente, la Rep\u00fablica Bananera pretende consultar una reforma laboral con trabajo por horas en&nbsp;<strong>Zonas Francas que como zonas econ\u00f3micas especiales, nutren el sistema de super-explotaci\u00f3n de la maquila, con cero derechos o estabilidad laboral.<\/strong><\/p>\n\n\n\n<p><strong>Al cumplirse 36 a\u00f1os de la desaparici\u00f3n en impunidad de los hermanos Restrepo<\/strong>&nbsp;-ejecutada por el pelot\u00f3n anticomunista del SIC-10, fundado por el sionista Ran Hazit, \u00edntimo amigo de Le\u00f3n Febres Cordero-,&nbsp;<strong>se promete una total impunidad para fuerzas represivas<\/strong>, incluyendo ejecuciones extrajudiciales, con amnist\u00edas generales en tribunales especiales con beneficios. Noboa aumenta la ya existente&nbsp;<strong>injerencia sionista en las instituciones civiles y militares, con mega-c\u00e1rceles\/pan\u00f3pticos, e importaci\u00f3n de t\u00e1cticas y armas \u201cprobadas\u201d en campo: justamente en Palestina, contra lxs palestixs.<\/strong><\/p>\n\n\n\n<p>Es fundamental comprender que&nbsp;<strong>el crimen organizado est\u00e1 ligado a la clase dominante,<\/strong>&nbsp;comparten intereses comunes, y por lo tanto colaboran entre s\u00ed. Al contrario,&nbsp;<strong>la clase trabajadora sufre las consecuencias agudizadas de esa alianza criminal.&nbsp;<\/strong>Ning\u00fan estado de excepci\u00f3n ni modificaci\u00f3n en el Derecho, tienen la intenci\u00f3n de mejorar las condiciones materiales del pueblo, todo lo contrario,&nbsp;<strong>buscan generar una situaci\u00f3n que facilite su explotaci\u00f3n y sometimiento.<\/strong><\/p>\n\n\n\n<p>Es imperante la resistencia a los discursos que dividen a lxs trabajadorxs, que imposibilitan su capacidad de organizaci\u00f3n y que normalizan la militarizaci\u00f3n de los espacios p\u00fablicos y la deshumanizaci\u00f3n de lxs pobres y lxs que luchan.&nbsp;<strong>Una vez m\u00e1s es necesaria la unidad de la clase trabajadora y todos los sectores populares para resistir una nueva arremetida neoliberal y sus nuevas formas de sometimiento.<\/strong>&nbsp;Solo la organizaci\u00f3n es el camino. &nbsp;<\/p>\n\n\n\n<p>Tomado de <a href=\"https:\/\/www.revistacrisis.com\/ \" target=\"_blank\" rel=\"noopener\">https:\/\/www.revistacrisis.com\/ <\/a>publicado el 09\/01\/24<\/p>\n","protected":false},"excerpt":{"rendered":"<p>Publicamos este art\u00edculo de la Revista Crisis. Es una revista digital, que naci\u00f3 con el objetivo de presentar una nueva referencia de izquierda en Ecuador. Con esta publicaci\u00f3n concretamos una colaboraci\u00f3n entre los dos medios, a trav\u00e9s de intercambio de art\u00edculos. El flamante gobierno de Daniel Noboa -mayor empresario bananero del Ecuador-,\u00a0recrea las narrativas del [&hellip;]<\/p>\n","protected":false},"author":5,"featured_media":75725,"menu_order":0,"comment_status":"open","ping_status":"open","sticky":false,"template":"","format":"standard","meta":{"jetpack_post_was_ever_published":false,"_jetpack_newsletter_access":"","_jetpack_dont_email_post_to_subs":false,"_jetpack_newsletter_tier_id":0,"_jetpack_memberships_contains_paywalled_content":false,"litci_post_political_author":"","_jetpack_memberships_contains_paid_content":false,"footnotes":""},"categories":[2682],"tags":[],"class_list":["post-75724","post","type-post","status-publish","format-standard","has-post-thumbnail","hentry","category-ecuador"],"jetpack_featured_media_url":"https:\/\/i0.wp.com\/litci.org\/es\/wp-content\/uploads\/2024\/01\/1147232061_0_0_3072_2048_1440x900_80_0_1_52ecb6922ef513a944b45c22d25592d3.jpg.webp?fit=1350%2C900&ssl=1","fimg_url":"https:\/\/i0.wp.com\/litci.org\/es\/wp-content\/uploads\/2024\/01\/1147232061_0_0_3072_2048_1440x900_80_0_1_52ecb6922ef513a944b45c22d25592d3.jpg.webp?fit=1350%2C900&ssl=1","categories_names":["Ecuador"],"author_info":{"name":"Kely","pic":"https:\/\/secure.gravatar.com\/avatar\/19003bf6219614b90207b39bd4a2733ce9cf96693efdfd639b15a829beed53d1?s=96&d=mm&r=g"},"political_author":null,"tagline":"","jetpack_sharing_enabled":true,"_links":{"self":[{"href":"https:\/\/litci.org\/es\/wp-json\/wp\/v2\/posts\/75724","targetHints":{"allow":["GET"]}}],"collection":[{"href":"https:\/\/litci.org\/es\/wp-json\/wp\/v2\/posts"}],"about":[{"href":"https:\/\/litci.org\/es\/wp-json\/wp\/v2\/types\/post"}],"author":[{"embeddable":true,"href":"https:\/\/litci.org\/es\/wp-json\/wp\/v2\/users\/5"}],"replies":[{"embeddable":true,"href":"https:\/\/litci.org\/es\/wp-json\/wp\/v2\/comments?post=75724"}],"version-history":[{"count":2,"href":"https:\/\/litci.org\/es\/wp-json\/wp\/v2\/posts\/75724\/revisions"}],"predecessor-version":[{"id":75728,"href":"https:\/\/litci.org\/es\/wp-json\/wp\/v2\/posts\/75724\/revisions\/75728"}],"wp:featuredmedia":[{"embeddable":true,"href":"https:\/\/litci.org\/es\/wp-json\/wp\/v2\/media\/75725"}],"wp:attachment":[{"href":"https:\/\/litci.org\/es\/wp-json\/wp\/v2\/media?parent=75724"}],"wp:term":[{"taxonomy":"category","embeddable":true,"href":"https:\/\/litci.org\/es\/wp-json\/wp\/v2\/categories?post=75724"},{"taxonomy":"post_tag","embeddable":true,"href":"https:\/\/litci.org\/es\/wp-json\/wp\/v2\/tags?post=75724"}],"curies":[{"name":"wp","href":"https:\/\/api.w.org\/{rel}","templated":true}]}}