{"id":75568,"date":"2023-12-05T17:50:06","date_gmt":"2023-12-05T17:50:06","guid":{"rendered":"https:\/\/litci.org\/es\/?p=75568"},"modified":"2024-11-03T13:31:56","modified_gmt":"2024-11-03T13:31:56","slug":"tarcisio-necesita-lavarse-la-boca-para-hablar-de-democracia","status":"publish","type":"post","link":"https:\/\/litci.org\/es\/tarcisio-necesita-lavarse-la-boca-para-hablar-de-democracia\/","title":{"rendered":"Tarc\u00edsio necesita lavarse la boca para hablar de democracia"},"content":{"rendered":"\n<p>Por: J\u00falio Anselmo<\/p>\n\n\n\n<p>La huelga de los trabajadores del Metro, la CPTM (Companhia Paulista de Trens Metropolitanos) y la Sabesp (Saneamiento B\u00e1sico del Estado de S\u00e3o Paulo) contra las privatizaciones anunciadas por el gobierno de S\u00e3o Paulo, el d\u00eda 28 de noviembre, fue un \u00e9xito, a pesar de todas la campa\u00f1a llevada a cabo por los grandes medios de comunicaci\u00f3n y por el gobierno para tratar de reducir el apoyo de la poblaci\u00f3n.<\/p>\n\n\n\n<p>El gobernador de S\u00e3o Paulo, Tarc\u00edsio de Freitas (Republicanos), fue m\u00e1s all\u00e1 y utiliz\u00f3 dos argumentos principales para intentar enfrentar la huelga.&nbsp;Primero, reiter\u00f3 varias veces que se trataba de una huelga pol\u00edtica y que, por lo tanto, no tendr\u00eda legitimidad y ser\u00eda in\u00fatil, porque \u00e9l no dar\u00eda marcha atr\u00e1s en su plan de privatizaci\u00f3n.&nbsp;En segundo lugar, dijo que luchar contra la privatizaci\u00f3n ser\u00eda antidemocr\u00e1tico, ya que significar\u00eda no aceptar los resultados de las urnas que lo eligieron.<\/p>\n\n\n\n<p>Es obvio que la huelga es pol\u00edtica.&nbsp;Despu\u00e9s de todo, son los pol\u00edticos quienes deciden servir una vez m\u00e1s a los intereses de los grandes empresarios, proponiendo entregar el agua, los trenes y el metro de S\u00e3o Paulo, para que est\u00e9n al servicio de las ganancias de las grandes empresas capitalistas.&nbsp;No en vano Tarc\u00edsio, en su rueda de prensa, utiliz\u00f3 el hecho de que las acciones de la Sabesp subieran en bolsa como prueba de lo bueno que es su proyecto.&nbsp;El problema es que el dominio del mercado de acciones, o de las ganancias del capital financiero, significa cosas buenas s\u00f3lo para los ricos, mientras para los trabajadores significa reducci\u00f3n de empleos, de salarios, aumento en el precio de los servicios y disminuci\u00f3n de su calidad.&nbsp;\u00bfQuiere una prueba?&nbsp;Basta mirar la situaci\u00f3n de la ENEL y del sistema el\u00e9ctrico de S\u00e3o Paulo.<\/p>\n\n\n\n<p>Es curioso que para estos se\u00f1ores s\u00f3lo los pol\u00edticos burgueses profesionales de los grandes partidos y los grandes empresarios pueden hacer pol\u00edtica.&nbsp;Cuando un alto ejecutivo de una CCR de la vida hace lobby, invierte en campa\u00f1as de los pol\u00edticos, emite opiniones sobre la necesidad de privatizar, \u00bfno est\u00e1 haciendo pol\u00edtica?&nbsp;Pero nadie de la gran prensa ni del gobierno reclama que el multimillonario est\u00e9 haciendo pol\u00edtica.&nbsp;Ahora, cuando los trabajadores se re\u00fanen en asamblea y deciden luchar contra lo que entienden es un ataque, no s\u00f3lo a los derechos de los gremios involucrados sino a todos los trabajadores de S\u00e3o Paulo, no puede.&nbsp;Los multimillonarios y las grandes empresas tienen acuerdos de gabinete con gobiernos y diputados.&nbsp;Los trabajadores tienen su lucha.<\/p>\n\n\n\n<p>Lo tragic\u00f3mico es ver a un ex ministro de Bolsonaro, que nunca respet\u00f3 ninguna elecci\u00f3n (solo la que gan\u00f3, obviamente), queriendo dar aulas de democracia.&nbsp;Pero lo peor es pensar que, s\u00f3lo porque gan\u00f3 la elecci\u00f3n, puedes hacer lo que quiera sin satisfacer a nadie.&nbsp;El mandato es el de gobernador, no el de emperador.<\/p>\n\n\n\n<p>El argumento de que el programa defendido en la campa\u00f1a era de privatizaci\u00f3n y debe ser respetado tampoco es sostenible.&nbsp;Despu\u00e9s de todo, la gente vota por una variedad de candidatos por las m\u00e1s diversas razones.&nbsp;El pueblo podr\u00eda haber elegido al privatista Tarc\u00edsio y, al mismo tiempo, estar en contra de la privatizaci\u00f3n.&nbsp;Adem\u00e1s, el pueblo tambi\u00e9n tiene derecho a cambiar de idea.&nbsp;Sin mencionar que, en la capital de S\u00e3o Paulo, donde se encuentran el metro y gran parte de los trenes, por ejemplo, Tarc\u00edsio ni siquiera gan\u00f3.&nbsp;Entonces, \u00bfde qu\u00e9 parte de las urnas est\u00e1 hablando?<\/p>\n\n\n\n<p>El debate sobre la privatizaci\u00f3n est\u00e1 en las calles y cada d\u00eda m\u00e1s gente llega a la conclusi\u00f3n de que s\u00f3lo beneficiar\u00e1 a las grandes empresas, a los multimillonarios, y ser\u00e1 perjudicial para todos los trabajadores.&nbsp;Esto es lo que teme y de lo que se esconde el gobernador.&nbsp;M\u00e1s a\u00fan despu\u00e9s del esc\u00e1ndalo del apag\u00f3n de la ENEL, la mayor\u00eda de la poblaci\u00f3n de S\u00e3o Paulo est\u00e1 en contra de las privatizaciones que se proponen, seg\u00fan los institutos de investigaci\u00f3n y el plebiscito popular realizado por el movimiento social.<\/p>\n\n\n\n<p>Es surreal que una persona sea elegida para un mandato de cuatro a\u00f1os y se sienta con derecho a aprobar una concesi\u00f3n para que una empresa privada se beneficie de un servicio p\u00fablico por m\u00e1s de 30 a\u00f1os.&nbsp;Sin consultar o sin que el pueblo debata o decida.&nbsp;Un plebiscito es lo m\u00ednimo para, al menos, escuchar a la poblaci\u00f3n.&nbsp;Pero ni siquiera eso propone.<\/p>\n\n\n\n<p>Esa es la l\u00f3gica de esta democracia de los ricos.&nbsp;Que un pol\u00edtico sea elegido y haga lo que quiera, sin que el pueblo decida ni opine sobre nada m\u00e1s, es una democracia muy limitada.&nbsp;Cuando entra en la ecuaci\u00f3n el predominio del poder econ\u00f3mico en las elecciones, en el Estado y en la propia democracia, resulta a\u00fan m\u00e1s claro que, adem\u00e1s de ser poco democr\u00e1tico, el r\u00e9gimen pol\u00edtico pertenece a los ricos.<\/p>\n\n\n\n<p>Tarc\u00edsio tambi\u00e9n parece olvidar, o nunca supo, que los sindicatos, las manifestaciones, las asambleas de trabajadores y la opini\u00f3n del pueblo son elementos fundamentales de las libertades democr\u00e1ticas que deben ser defendidas y ampliadas.&nbsp;Por el contrario, reprimir manifestaciones, despedir a trabajadores y dirigentes sindicales por luchar, perseguir y asediar a gremios enteros para que no se movilicen, son actitudes de quienes ignoran las libertades democr\u00e1ticas.<\/p>\n\n\n\n<p>Decir que es una democracia, que tenemos que respetar los resultados de las urnas pase lo que pase, y que no podemos protestar, manifestarnos, es entender que los ricos tienen todos los derechos y medios para hacer valer su voluntad, mientras a los trabajadores y el pueblo solo les cabe votar cada 2 a\u00f1os.&nbsp;Pero, por supuesto, con ellos controlando incluso qui\u00e9n tiene posibilidades de ganar, controlando las elecciones con r\u00edos de dinero fluyendo para las campa\u00f1as.&nbsp;Y as\u00ed siguen dominando a toda la sociedad y garantizando sus intereses capitalistas contra todo el pueblo.<\/p>\n\n\n\n<p>Pero, incluso en esta democracia de los ricos, limitada, el pueblo puede expresar su opini\u00f3n a trav\u00e9s de plebiscitos.&nbsp;Y tambi\u00e9n tienen el derecho de derrocar a sus gobernantes.&nbsp;Lamentablemente de forma muy dif\u00edcil e indirecta.&nbsp;Un r\u00e9gimen pol\u00edtico con mandatos revocables ser\u00eda mucho m\u00e1s democr\u00e1tico que el que tenemos hoy.<\/p>\n\n\n\n<p>Todo esto, viniendo de un bolsonarista, es de esperarse.&nbsp;El problema empeora cuando vemos que, incluso aquellos que se dicen de izquierda, cuando asumen la m\u00e1quina, los gobiernos, act\u00faan para mantener el capitalismo y este r\u00e9gimen pol\u00edtico de los ricos que se retroalimenta.&nbsp;El gobierno Lula, ahora frente a la lucha contra las privatizaciones, no s\u00f3lo no ayuda a los trabajadores, sino que tambi\u00e9n se asocia con Tarc\u00edsio en las privatizaciones, con financiamiento del BNDES.&nbsp;Tambi\u00e9n promueven Alianzas [Parcer\u00edas] P\u00fablico Privadas (PPP) en todo el pa\u00eds y acuerdos de transferencia de recursos p\u00fablicos hacia el sector privado.<\/p>\n\n\n\n<h6 class=\"wp-block-heading\">Lea tambi\u00e9n:<\/h6>\n\n\n\n<p><a href=\"https:\/\/www.opiniaosocialista.com.br\/tarcisio-governador-do-apagao-chega-nao-a-privatizacao-readmissao-dos-metroviarios-ja\/\" target=\"_blank\" rel=\"noopener\">Tarc\u00edsio, gobernador del apag\u00f3n, \u00a1basta!&nbsp;\u00a1No a la privatizaci\u00f3n!&nbsp;\u00a1Reintegraci\u00f3n de trabajadores del metro ya!<\/a><\/p>\n\n\n\n<p>Lula deber\u00eda reestatizar las empresas privatizadas como la Eletrobras.&nbsp;Cancelar la concesi\u00f3n de la ENEL.&nbsp;Revertir la privatizaci\u00f3n del metro de Belo Horizonte.&nbsp;E impedir las privatizaciones de Tarc\u00edsio en S\u00e3o Paulo.&nbsp;Pero, dado lo que ha hecho hasta ahora, es poco probable que esto se haga.&nbsp;Lula ni siquiera enfrenta a quienes atentaron contra el resultado electoral.&nbsp;Si la democracia de los ricos ya es ruin, siendo en la pr\u00e1ctica una dictadura de los ricos, una dictadura abierta como la que defienden sectores de la ultraderecha es a\u00fan peor, y significar\u00eda la destrucci\u00f3n de las pocas libertades democr\u00e1ticas que los trabajadores a\u00fan tienen.<\/p>\n\n\n\n<p>Necesitamos construir otro r\u00e9gimen pol\u00edtico basado en la organizaci\u00f3n de los propios trabajadores, y que sea de hecho una democracia de los trabajadores.&nbsp;Donde sea posible que el pueblo decida todo.&nbsp;En lugar de un salario de R$ 40.000 para los pol\u00edticos y un salario m\u00ednimo de R$ 1.320 [para el trabajador], propondremos que el pueblo decida el valor de cada uno.&nbsp;En lugar de aumentar las tarifas, veamos si la gente no prefiere quitarles parte de las ganancias a estas empresas.&nbsp;Entonces s\u00ed, \u00a1quiero ver a Tarc\u00edsio responder qui\u00e9n le teme a la democracia de los trabajadores!<\/p>\n\n\n\n<h6 class=\"wp-block-heading\">Lea tambi\u00e9n:<\/h6>\n\n\n\n<p><a href=\"https:\/\/litci.org\/es\/el-gobierno-lula-las-privatizaciones-y-la-ultraderecha\/\">El gobierno Lula, las privatizaciones y la ultraderecha<\/a><\/p>\n\n\n\n<p>Art\u00edculo publicado en <a href=\"http:\/\/www.opiniaosocialista.com.br\" target=\"_blank\" rel=\"noopener\">www.opiniaosocialista.com.br<\/a>, 28\/11\/2023.-<\/p>\n\n\n\n<p>Traducci\u00f3n: Natalia Estrada.<\/p>\n","protected":false},"excerpt":{"rendered":"<p>Por: J\u00falio Anselmo La huelga de los trabajadores del Metro, la CPTM (Companhia Paulista de Trens Metropolitanos) y la Sabesp (Saneamiento B\u00e1sico del Estado de S\u00e3o Paulo) contra las privatizaciones anunciadas por el gobierno de S\u00e3o Paulo, el d\u00eda 28 de noviembre, fue un \u00e9xito, a pesar de todas la campa\u00f1a llevada a cabo por [&hellip;]<\/p>\n","protected":false},"author":4,"featured_media":75569,"menu_order":0,"comment_status":"open","ping_status":"open","sticky":false,"template":"","format":"standard","meta":{"jetpack_post_was_ever_published":false,"_jetpack_newsletter_access":"","_jetpack_dont_email_post_to_subs":false,"_jetpack_newsletter_tier_id":0,"_jetpack_memberships_contains_paywalled_content":false,"litci_post_political_author":"","_jetpack_memberships_contains_paid_content":false,"footnotes":""},"categories":[2676],"tags":[],"class_list":["post-75568","post","type-post","status-publish","format-standard","has-post-thumbnail","hentry","category-brasil"],"jetpack_featured_media_url":"https:\/\/i0.wp.com\/litci.org\/es\/wp-content\/uploads\/2023\/12\/20190807080848_b90fe8c3-75c8-404a-85ef-c719c5566a5c.jpeg?fit=1250%2C600&ssl=1","fimg_url":"https:\/\/i0.wp.com\/litci.org\/es\/wp-content\/uploads\/2023\/12\/20190807080848_b90fe8c3-75c8-404a-85ef-c719c5566a5c.jpeg?fit=1250%2C600&ssl=1","categories_names":["Brasil"],"author_info":{"name":"Administraci\u00f3n Site","pic":"https:\/\/secure.gravatar.com\/avatar\/1fc4a65db396208ca881747f59a66a20c6b8670747457224753e1e98c43f719b?s=96&d=mm&r=g"},"political_author":null,"tagline":"","jetpack_sharing_enabled":true,"_links":{"self":[{"href":"https:\/\/litci.org\/es\/wp-json\/wp\/v2\/posts\/75568","targetHints":{"allow":["GET"]}}],"collection":[{"href":"https:\/\/litci.org\/es\/wp-json\/wp\/v2\/posts"}],"about":[{"href":"https:\/\/litci.org\/es\/wp-json\/wp\/v2\/types\/post"}],"author":[{"embeddable":true,"href":"https:\/\/litci.org\/es\/wp-json\/wp\/v2\/users\/4"}],"replies":[{"embeddable":true,"href":"https:\/\/litci.org\/es\/wp-json\/wp\/v2\/comments?post=75568"}],"version-history":[{"count":1,"href":"https:\/\/litci.org\/es\/wp-json\/wp\/v2\/posts\/75568\/revisions"}],"predecessor-version":[{"id":75570,"href":"https:\/\/litci.org\/es\/wp-json\/wp\/v2\/posts\/75568\/revisions\/75570"}],"wp:featuredmedia":[{"embeddable":true,"href":"https:\/\/litci.org\/es\/wp-json\/wp\/v2\/media\/75569"}],"wp:attachment":[{"href":"https:\/\/litci.org\/es\/wp-json\/wp\/v2\/media?parent=75568"}],"wp:term":[{"taxonomy":"category","embeddable":true,"href":"https:\/\/litci.org\/es\/wp-json\/wp\/v2\/categories?post=75568"},{"taxonomy":"post_tag","embeddable":true,"href":"https:\/\/litci.org\/es\/wp-json\/wp\/v2\/tags?post=75568"}],"curies":[{"name":"wp","href":"https:\/\/api.w.org\/{rel}","templated":true}]}}