{"id":75481,"date":"2023-11-22T14:07:11","date_gmt":"2023-11-22T14:07:11","guid":{"rendered":"https:\/\/litci.org\/es\/?p=75481"},"modified":"2024-11-03T13:32:11","modified_gmt":"2024-11-03T13:32:11","slug":"manifiesto-no-a-los-despidos-en-el-metro-de-sao-paulo","status":"publish","type":"post","link":"https:\/\/litci.org\/es\/manifiesto-no-a-los-despidos-en-el-metro-de-sao-paulo\/","title":{"rendered":"Manifiesto | \u00a1NO a los despidos en el Metro de S\u00e3o Paulo!"},"content":{"rendered":"\n<p><em>El gobierno y la direcci\u00f3n del Metro persiguen a quienes luchan contra la tercerizaci\u00f3n y las privatizaciones. \u00a1Reintegraci\u00f3n Ya!<\/em><\/p>\n\n\n\n<p>El gobernador Tarc\u00edsio de Freitas y el Metro de S\u00e3o Paulo (SP) quieren derrotar la lucha de los trabajadores del metro contra la privatizaci\u00f3n, que perjudica a la poblaci\u00f3n con el empeoramiento y el encarecimiento de los servicios p\u00fablicos. Quieren derrotar a los trabajadores que luchan en defensa de un transporte p\u00fablico de calidad y al servicio de la poblaci\u00f3n de SP y privatizar algunas de las empresas estatales m\u00e1s importantes del Estado de S\u00e3o Paulo.<\/p>\n\n\n\n<p>Para atacar a uno de los gremios m\u00e1s combativos de SP, el 24\/10 Tarc\u00edsio y el Metr\u00f4 despidieron a ocho trabajadores y suspendieron a uno, despidos pol\u00edticos por participar en la lucha contra la privatizaci\u00f3n. Tarc\u00edsio sufri\u00f3 una derrota con la huelga unificada de Metr\u00f4, la Sabesp (aguas) y la CPTM (trenes), ya que la mayor\u00eda de la poblaci\u00f3n apoy\u00f3 a los huelguistas y se pronuncia contra las privatizaciones en el plebiscito popular.<\/p>\n\n\n\n<p>Los despidos tambi\u00e9n significan un ataque a la organizaci\u00f3n sindical, en un intento de intimidar al movimiento sindical atacando a los directores del Sindicato de Trabajadores del Metro, al vicepresidente del sindicato, as\u00ed como a los miembros de la CIPA (seguridad en el trabajo). Se trata tambi\u00e9n de un ataque al derecho de huelga de los trabajadores del metro que, despu\u00e9s del 3 de octubre, sufrieron castigos y advertencias, en clara represalia al movimiento huelguista.<\/p>\n\n\n\n<p>La lucha contra las privatizaciones y las tercerizaciones es nacional e involucra a sectores del transporte, el saneamiento y numerosas empresas como Petrobras y Correios. Los trabajadores de las empresas estatales de SP est\u00e1n hoy en la vanguardia de esta lucha y esta es de inter\u00e9s para toda la poblaci\u00f3n. \u00a1Los despidos del Metro son un ataque a todo el movimiento sindical del pa\u00eds!<\/p>\n\n\n\n<p>El Sindicato de Trabajadores del Metro llama a todas las centrales sindicales, sindicatos, partidos, intelectuales, juristas, diputados, movimientos de derechos humanos que defienden los derechos de los trabajadores en el Brasil y en todos los pa\u00edses a exigir la reintegraci\u00f3n inmediata de los trabajadores despedidos y la anulaci\u00f3n de las puniciones.<\/p>\n\n\n\n<p><strong><em>\u00a1Luchar no es un crimen! \u00a1Abajo los despidos en el Metro, ning\u00fan castigo! \u00a1Reintegraci\u00f3n ya!<\/em><\/strong><\/p>\n\n\n\n<p>Despedidos: <strong><em>Narciso Fernandes Soares<\/em><\/strong>, 18 a\u00f1os de Metro, operador de trenes de la L\u00ednea 2 Verde, vicepresidente del Sindicato de Trabajadores del Metro de S\u00e3o Paulo. Fue director de la Federaci\u00f3n Nacional de Trabajadores del Metro (Fenametro); <strong><em>Altino Prazeres<\/em><\/strong>, 27 a\u00f1os en el Metro, operador de trenes de la L\u00ednea 1 Azul, director del Sindicato de Trabajadores del Metro de S\u00e3o Paulo. Fue presidente del Sindicato y coordinador general del Sindicato, actualmente forma parte de la directiva nacional de la Central Sindical e Popular (CSP-Conlutas); <strong><em>Alex Fernandes<\/em><\/strong>, 34 a\u00f1os en el Metro, agente de estaci\u00f3n de la L\u00ednea 3 Roja, director del Sindicato de Trabajadores del Metro de S\u00e3o Paulo, actual secretario de prensa, fue director en otras gestiones, ex coordinador general, y forma parte de la Ejecutiva Nacional de la CSP Conlutas; <strong><em>Rodrigo Tiago de Souza (Tuf\u00e3o),<\/em><\/strong> 12 a\u00f1os en el Metro, operador de trenes de la L\u00ednea 15 Plata Monotrillo, director del Sindicato de Trabajadores del Metro de S\u00e3o Paulo, fue miembro de la CIPA; <strong><em>Priscila Guedes da Silva<\/em><\/strong>, 6 a\u00f1os en el Metro, operadora de trenes de la L\u00ednea 2 Verde, es miembro de la CIPA y fue directora del Sindicato; <strong><em>Gabriela Ferreira Pomin<\/em><\/strong>, 9 a\u00f1os en el Metro, operadora de trenes de la L\u00ednea 2 Verde, es miembro de la CIPA; <strong><em>S\u00e9rgio Ricardo Machado<\/em><\/strong>, 26 a\u00f1os en el Metro, supervisor de estaci\u00f3n de L\u00ednea 2 Verde y miembro de la CIPA; <strong><em>Benedito Leite de Lima (Ben\u00ea<\/em><\/strong>), 25 a\u00f1os en el Metro, operador de trenes de la L\u00ednea 2 Verde.<\/p>\n\n\n\n<p><strong><em>Firman este manifiesto y se suman a la lucha por la reintegraci\u00f3n de todos los trabajadores del metro despedidos, y por ning\u00fan castigo<\/em><\/strong>. <\/p>\n\n\n\n<p>Envie su firma a: sindicato@metroviarios-sp.org.br <\/p>\n","protected":false},"excerpt":{"rendered":"<p>El gobierno y la direcci\u00f3n del Metro persiguen a quienes luchan contra la tercerizaci\u00f3n y las privatizaciones. \u00a1Reintegraci\u00f3n Ya! El gobernador Tarc\u00edsio de Freitas y el Metro de S\u00e3o Paulo (SP) quieren derrotar la lucha de los trabajadores del metro contra la privatizaci\u00f3n, que perjudica a la poblaci\u00f3n con el empeoramiento y el encarecimiento de [&hellip;]<\/p>\n","protected":false},"author":4,"featured_media":75482,"menu_order":0,"comment_status":"open","ping_status":"open","sticky":false,"template":"","format":"standard","meta":{"jetpack_post_was_ever_published":false,"_jetpack_newsletter_access":"","_jetpack_dont_email_post_to_subs":false,"_jetpack_newsletter_tier_id":0,"_jetpack_memberships_contains_paywalled_content":false,"litci_post_political_author":"","_jetpack_memberships_contains_paid_content":false,"footnotes":""},"categories":[2737,2676],"tags":[],"class_list":["post-75481","post","type-post","status-publish","format-standard","has-post-thumbnail","hentry","category-movimiento-obrero","category-brasil"],"jetpack_featured_media_url":"https:\/\/i0.wp.com\/litci.org\/es\/wp-content\/uploads\/2023\/11\/16788279506410e1ae55c68_1678827950_3x2_rt.jpg?fit=2400%2C1600&ssl=1","fimg_url":"https:\/\/i0.wp.com\/litci.org\/es\/wp-content\/uploads\/2023\/11\/16788279506410e1ae55c68_1678827950_3x2_rt.jpg?fit=2400%2C1600&ssl=1","categories_names":["Brasil","Movimiento Obrero"],"author_info":{"name":"Administraci\u00f3n Site","pic":"https:\/\/secure.gravatar.com\/avatar\/1fc4a65db396208ca881747f59a66a20c6b8670747457224753e1e98c43f719b?s=96&d=mm&r=g"},"political_author":null,"tagline":"","jetpack_sharing_enabled":true,"_links":{"self":[{"href":"https:\/\/litci.org\/es\/wp-json\/wp\/v2\/posts\/75481","targetHints":{"allow":["GET"]}}],"collection":[{"href":"https:\/\/litci.org\/es\/wp-json\/wp\/v2\/posts"}],"about":[{"href":"https:\/\/litci.org\/es\/wp-json\/wp\/v2\/types\/post"}],"author":[{"embeddable":true,"href":"https:\/\/litci.org\/es\/wp-json\/wp\/v2\/users\/4"}],"replies":[{"embeddable":true,"href":"https:\/\/litci.org\/es\/wp-json\/wp\/v2\/comments?post=75481"}],"version-history":[{"count":2,"href":"https:\/\/litci.org\/es\/wp-json\/wp\/v2\/posts\/75481\/revisions"}],"predecessor-version":[{"id":75484,"href":"https:\/\/litci.org\/es\/wp-json\/wp\/v2\/posts\/75481\/revisions\/75484"}],"wp:featuredmedia":[{"embeddable":true,"href":"https:\/\/litci.org\/es\/wp-json\/wp\/v2\/media\/75482"}],"wp:attachment":[{"href":"https:\/\/litci.org\/es\/wp-json\/wp\/v2\/media?parent=75481"}],"wp:term":[{"taxonomy":"category","embeddable":true,"href":"https:\/\/litci.org\/es\/wp-json\/wp\/v2\/categories?post=75481"},{"taxonomy":"post_tag","embeddable":true,"href":"https:\/\/litci.org\/es\/wp-json\/wp\/v2\/tags?post=75481"}],"curies":[{"name":"wp","href":"https:\/\/api.w.org\/{rel}","templated":true}]}}