{"id":75248,"date":"2023-10-25T08:20:52","date_gmt":"2023-10-25T08:20:52","guid":{"rendered":"https:\/\/litci.org\/es\/?p=75248"},"modified":"2024-11-03T13:26:57","modified_gmt":"2024-11-03T13:26:57","slug":"la-ue-y-sus-gobiernos-apoyan-el-genocidio-y-la-limpieza-etnica-promovida-por-israel","status":"publish","type":"post","link":"https:\/\/litci.org\/es\/la-ue-y-sus-gobiernos-apoyan-el-genocidio-y-la-limpieza-etnica-promovida-por-israel\/","title":{"rendered":"La UE y sus gobiernos apoyan el genocidio y la limpieza \u00e9tnica promovida por Israel"},"content":{"rendered":"\n<p>La campa\u00f1a de propaganda de la UE, sus gobiernos y todos los grandes medios de comunicaci\u00f3n europeos es sencillamente brutal. Quien defienda al pueblo palestino y no apoye incondicionalmente la masacre genocida de Israel es criminalizado, tachado de c\u00f3mplice de terroristas y antisemita.<\/p>\n\n\n\n<p>Por LIT &#8211; Europa<\/p>\n\n\n\n<p><strong>Tras la bandera del \u201cderecho a la defensa\u201d hay un plan de limpieza \u00e9tnica<\/strong><\/p>\n\n\n\n<p>Toda esta campa\u00f1a quiere ocultar que no estamos ante ning\u00fan leg\u00edtimo \u201cderecho a la defensa\u201d de Israel. No hay guerra entre dos ej\u00e9rcitos, sino un genocidio. Los palestinos no tienen aviones, ni tanques, ni artiller\u00eda, ni marina de guerra. Tras la falsa bandera del \u201cderecho a la defensa\u201d hay en marcha un plan para destruir Gaza, exterminar a sectores enteros de su poblaci\u00f3n y expulsar al resto al desierto del Sina\u00ed, en Egipto.<\/p>\n\n\n\n<p>El bombardeo del hospital Al Ahly con 500 muertos es la muestra viva de la pol\u00edtica sionista de exterminio. La escandalosa imputaci\u00f3n de la responsabilidad a la guerrilla de la Yihad Isl\u00e1mica es una ignominia. No por casualidad Biden, que da por buena la versi\u00f3n israel\u00ed, se niega a una investigaci\u00f3n internacional.<\/p>\n\n\n\n<p>El Estado de Israel, con el apoyo de EEUU y los gobiernos europeos, est\u00e1 llevando a cabo un plan de limpieza \u00e9tnica. Asistimos a la aplicaci\u00f3n descarnada de la segunda Nakba [cat\u00e1strofe]<a href=\"#_ftn1\" id=\"_ftnref1\">[1]<\/a>, que no se limita a Gaza, sino que abarca tambi\u00e9n a Jerusal\u00e9n oriental y Cisjordania, donde bandas de colonos armados, protegidos y apoyados por el ej\u00e9rcito israel\u00ed, se apropian de tierras palestinas y aterrorizan y masacran a la poblaci\u00f3n local, buscando su expulsi\u00f3n a Jordania.<\/p>\n\n\n\n<p>Desde el a\u00f1o 2000 hasta este 7 de octubre, d\u00eda de la incursi\u00f3n de Ham\u00e1s, 2.287 palestinos fueron asesinados en Cisjordania. A partir del 7 de octubre y hasta el d\u00eda 23, m\u00e1s de 5.000 personas han muerto en la Franja de Gaza, de las que m\u00e1s de 2.000 eran&nbsp; menores de edad. Entretanto, Israel concentra tropas en la frontera de Gaza y mantiene los bombardeos a los barrios, mientras prepara una invasi\u00f3n terrestre. Hasta ahora, m\u00e1s de un tercio de los edificios de Gaza han sido demolidos por las bombas.<\/p>\n\n\n\n<p>Los m\u00e9todos empleados por Israel contra los palestinos de Gaza pueden compararse con los que usaron los nazis para aplastar el levantamiento del Gueto de Varsovia en 1943. Del mismo modo, la actuaci\u00f3n de los colonos en Cisjordania puede equipararse a los pogromos antisemitas contra los jud\u00edos. Como hicieron los nazis con los jud\u00edos, el Estado de Israel no ha vacilado en negar la humanidad a los palestinos y los ha reducido, en palabras del ministro de Defensa Yoav Gallant, a la condici\u00f3n de \u201canimales\u201d.<\/p>\n\n\n\n<p><strong>La UE y los gobiernos europeos son pozos negros de hipocres\u00eda<\/strong><\/p>\n\n\n\n<p>La UE y los gobiernos europeos se llenan la boca hablando de condenas contra el \u201cterrorismo\u201d de Ham\u00e1s, cuyo mayor crimen ha sido dejar en rid\u00edculo al sexto ej\u00e9rcito del mundo. Han iluminado con la bandera sionista la sede de la Comisi\u00f3n Europea, la torre Eiffel y la Puerta de Brandemburgo. Han perseguido manifestaciones en defensa de los palestinos y contra los cr\u00edmenes de guerra israel\u00eds en Francia, Alemania y Gran Breta\u00f1a, con la excusa de que son \u201csusceptibles de generar alteraciones del orden p\u00fablico\u201d. En Francia y Alemania han amenazado con ilegalizar a las organizaciones propalestinas y Macron aprovecha la ocasi\u00f3n para militarizar el pa\u00eds. Pese a ello, no han podido evitar grandes movilizaciones de miles en las calles europeas.<\/p>\n\n\n\n<p>Los jefes de gobierno europeos han acudido, sol\u00edcitos a abrazar a Netanhayu y prestarle su apoyo incondicional. El alem\u00e1n Scholz fue el primer jefe de gobierno en visitarlo y declarar que \u201cla seguridad de Israel es una cuesti\u00f3n de Estado\u201d para Alemania y que solo Israel debe decidir hasta cu\u00e1ndo durar\u00e1 la operaci\u00f3n genocida contra Gaza.<\/p>\n\n\n\n<p>Tambi\u00e9n han estado la italiana Meloni, Macron o el brit\u00e1nico Rishi Sunak&#8230; La presidenta de la Comisi\u00f3n Europea, Von der Leyen, y la del Parlamento europeo, Metsola, fueron raudas a prestar su apoyo incondicional a Netanyahu. Von der Leyen ni siquiera mencion\u00f3 las palabras rituales sobre el \u201crespeto al derecho humanitario\u201d. Mientras tanto, su Comisario de Vecindad, V\u00e1rhelyi, declaraba que la Comisi\u00f3n suspend\u00eda unilateralmente toda la ayuda humanitaria a los palestinos.<\/p>\n\n\n\n<p>El comportamiento de Von der Leyen fue tan escandaloso que diferentes gobiernos europeos, presididos por el comisario Borrell, la criticaron por no hacer ni una sola referencia al \u201crespeto del derecho humanitario\u201d. Con esta \u201ccr\u00edtica\u201d quer\u00edan resguardarse ante sus opiniones p\u00fablicas, a la vez que expresaban su temor a la extensi\u00f3n del conflicto a la regi\u00f3n. De la misma manera, se opusieron a que la Comisi\u00f3n suspendiera la ayuda humanitaria (que, en cualquier caso, Israel no deja entrar).<\/p>\n\n\n\n<p>Pero la apelaci\u00f3n al \u201crespeto del derecho humanitario\u201d no es m\u00e1s que una formalidad vac\u00eda, pues todos ellos saben perfectamente que Israel no lo ha respetado antes, no lo respeta ahora y no lo va a respetar ma\u00f1ana. Por el contrario, bajo el r\u00f3tulo del \u201cderecho de Israel a defenderse\u201d, est\u00e1n apoyando abiertamente un genocidio sin que salga de su boca una sola denuncia contra las masacres israel\u00eds; sin exigir al Tribunal Penal Internacional el procesamiento de sus responsables; sin tomar ninguna medida de castigo contra ellos; manteniendo las relaciones diplom\u00e1ticas y comerciales plenas o continuando el suministro armas a Israel. La UE y los gobiernos exigen la liberaci\u00f3n de los rehenes en manos de las milicias palestinas, pero no dicen una sola palabra de los 6000 presos palestinos en las c\u00e1rceles israel\u00eds, m\u00e1s de 1000 de ellos en detenci\u00f3n administrativa.<\/p>\n\n\n\n<p>Todos los gobiernos de la UE, desde los que aparecen m\u00e1s descaradamente al lado de Netanyahu hasta los que quieren aparecer m\u00e1s \u201cequidistantes\u201d como el espa\u00f1ol, comparten esta misma pol\u00edtica.<\/p>\n\n\n\n<p><strong>La \u201csoberan\u00eda europea\u201d no es m\u00e1s que sometimiento a EEUU<\/strong><\/p>\n\n\n\n<p>En sus cumbres, hablan de \u201csoberan\u00eda europea\u201d para despu\u00e9s subordinarse totalmente a EEUU, cuyo apoyo a Israel, en palabras de Biden, es \u201cs\u00f3lido como una roca e inquebrantable\u201d. Si la visita de Biden a Israel mostr\u00f3 unos EEUU decadentes, la pol\u00edtica de la UE muestra su sumisi\u00f3n y deja en evidencia su creciente irrelevancia en el mundo. Muchas de las armas de Biden para armar Israel y bombardear Gaza, salen de la base italiana de Sigonella, en Sicilia<\/p>\n\n\n\n<p>EEUU no s\u00f3lo ha concedido este a\u00f1o 4.400 millones de d\u00f3lares en ayuda militar a Israel, sino que ahora se disponen a entregarle 14.000 millones de d\u00f3lares m\u00e1s. Est\u00e1n entregando con urgencia armas avanzadas que Israel utiliza para la masacre de Gaza, mientras se niega a facilitarlas a Ucrania para defenderse de la agresi\u00f3n rusa. Han enviado dos portaviones a la zona, con sus respectivos grupos de combate y han puesto en estado de alerta a 2.000 soldados para intervenir en la zona si fuera necesario. Su embajadora en la ONU ha declarado que no es el momento de preocuparse de los \u201cda\u00f1os colaterales\u201d, aunque esto signifique demoler la ciudad de Gaza. EEUU ha vetado una propuesta de alto el fuego humanitario en el Consejo de Seguridad de la ONU.<\/p>\n\n\n\n<p>Las \u00fanicas voces discordantes asociadas a gobiernos europeos han sido las de algunas ministras de Podemos-Sumar del Ejecutivo de Pedro S\u00e1nchez, en particular la de Derechos Sociales, Ione Belarra y la de Igualdad, Irene Montero, que han exigido el cese de los ataques sobre la poblaci\u00f3n de Gaza, han tachado de genocidio planificado la respuesta israel\u00ed y han sugerido \u2013por supuesto infructuosamente- que el gobierno en funciones de S\u00e1nchez, del que forman parte, suspenda relaciones diplom\u00e1ticas con Israel, aplique sanciones econ\u00f3micas y lleve a Netanyahu a la Corte Penal Internacional. Pero m\u00e1s all\u00e1 de sus palabras, que se separan de la unanimidad criminal de la UE y sus gobiernos, su posici\u00f3n es hip\u00f3crita por cuanto saben que si Pedro S\u00e1nchez finalmente consigue formar gobierno (con ellas dentro) su pol\u00edtica hacia Israel seguir\u00e1 estando, como hasta ahora, perfectamente alineada con la UE y EEUU.<\/p>\n\n\n\n<p><strong>La \u201csoluci\u00f3n de los dos Estados\u201d<\/strong><\/p>\n\n\n\n<p>Hay un aspecto en el que tanto S\u00e1nchez como Podemos-Sumar coinciden y que ha sido mencionado por el propio comisario europeo Borrell: la reivindicaci\u00f3n de los dos Estados como \u201cla \u00fanica soluci\u00f3n viable para alcanzar una situaci\u00f3n de paz y estabilidad en la regi\u00f3n\u201d. Borrell ha dicho tambi\u00e9n que el interlocutor palestino de la UE es Mahmud Abas, el presidente de la ANP (Autoridad Nacional Palestina). Sumar-Podemos, en sus negociaciones con el PSOE para formar gobierno, piden a S\u00e1nchez que el pr\u00f3ximo gobierno reconozca unilateralmente Palestina, porque si espera que lo haga la UE, no lo har\u00e1 nunca.<\/p>\n\n\n\n<p>Lo cierto es que ahora mismo hay varios Estados de la UE que ya reconocen el \u201cEstado\u201d palestino. Es el caso de Rep\u00fablica Checa, Chipre, Bulgaria, Suecia o Hungr\u00eda. \u00bfPiensa Sumar-Podemos que a\u00f1adir a esta f\u00fatil lista el nombre del Estado espa\u00f1ol va a cambiar en algo las cosas?<\/p>\n\n\n\n<p>Es com\u00fan entre la izquierda europea la defensa de los dos Estados como \u201csoluci\u00f3n\u201d al conflicto. Tambi\u00e9n la propugnan China y Rusia, as\u00ed como los reg\u00edmenes \u00e1rabes reaccionarios. Pero esta opci\u00f3n nunca ha sido soluci\u00f3n de nada y ahora mucho menos. La \u201csoluci\u00f3n\u201d de los dos Estados presupone legalizar la ocupaci\u00f3n colonial israel\u00ed, renunciar al retorno de los 5,9 millones de refugiados y refugiadas palestinas y aceptar la formaci\u00f3n de un seudoestado sin siquiera continuidad territorial y sin las competencias b\u00e1sicas que definen a un Estado, que quedar\u00edan en manos del Estado de Israel.<\/p>\n\n\n\n<p>Pero, adem\u00e1s, esta \u201csoluci\u00f3n\u201d, despu\u00e9s de 75 a\u00f1os de colonizaci\u00f3n, de la ocupaci\u00f3n de Gaza, Cisjordania y Jerusal\u00e9n Este a partir de 1967 y de la pol\u00edtica, cada vez m\u00e1s fren\u00e9tica de asentamientos ilegales en tierras palestinas, se ha convertido en una broma macabra y una quimera imposible. Israel controla actualmente el 60% de Cisjordania mediante un sistema de Apartheid, ha instalado 279 colonias ilegales y ha instaurado una pol\u00edtica de terror en combinaci\u00f3n con los colonos. Uno de los ministros israel\u00eds responsables de la administraci\u00f3n de Cisjordania, Itamar Ben Gvir, ministro de Seguridad Nacional es un sujeto que fue procesado como terrorista por los propios tribunales israel\u00edes y que ha declarado p\u00fablicamente que \u201chay que matar a todos los \u00e1rabes\u201d.<\/p>\n\n\n\n<p>Por otra parte, la ANP, dirigida por Mahmud Abbas, es una estructura corrupta, reducida a una parte de Cisjordania, cuya misi\u00f3n fundamental es hacer de polic\u00eda interna al servicio del ocupante israel\u00ed. La ANP es odiada por la calle palestina y especialmente por la juventud. Por esta raz\u00f3n, no realiza elecciones presidenciales desde 2005 y al parlamento palestino desde 2006, en las que venci\u00f3 Ham\u00e1s. \u00bfEs esta ANP siniestra lo que se quiere reconocer como \u201cEstado\u201d palestino?<\/p>\n\n\n\n<p>La soluci\u00f3n al problema palestino no viene de los \u201cdos Estados\u201d. La soluci\u00f3n es la que defiende la calle palestina y los jud\u00edos antisionistas: el establecimiento de una Palestina laica, democr\u00e1tica y no racista en todo el territorio hist\u00f3rico de Palestina (\u201cdesde el r\u00edo hasta el mar\u201d. Una Palestina sin muros, sin puestos de control, sin asentamientos armados y adonde puedan retornar los millones de refugiados palestinos de las familias que fueron expulsadas de sus hogares en 1948 y despu\u00e9s. Una Palestina donde convivir libremente \u00e1rabes y jud\u00edos dispuestos a vivir en paz e igualdad. Solo la derrota del Estado sionista, el desmantelamiento de este Estado racista y opresor puede abrir camino a la soluci\u00f3n.<\/p>\n\n\n\n<p><strong>\u00bfPor qu\u00e9 la UE y los gobiernos europeos apoyan a Israel?<\/strong><\/p>\n\n\n\n<p>Muchos europeos se preguntan cu\u00e1l es la raz\u00f3n por la que los gobiernos europeos apoyan los planes genocidas y de limpieza \u00e9tnica de Israel. El jud\u00edo antisionista franc\u00e9s Pierre Stambul, portavoz de UJFP (uni\u00f3n de Jud\u00edos Franceses por la Paz) respond\u00eda con precisi\u00f3n a esta pregunta en una entrevista concedida el pasado 14 de octubre:<\/p>\n\n\n\n<p>\u201cAlgunos piensan que este alineamiento viene de un sentimiento de culpabilidad en relaci\u00f3n con los jud\u00edos. Es falso. Si es incontestable que Europa es culpable de siglos de antijuda\u00edsmo cristiano y antisemitismo racial que han llevado al genocidio nazi, esto no tiene nada que ver con el apoyo a Israel. De otro lado, la ideolog\u00eda de los dirigentes israel\u00eds actuales es m\u00e1s pr\u00f3xima de los que han realizado el genocidio<a href=\"#_ftn2\" id=\"_ftnref2\">[2]<\/a> que de los que lo han sufrido (entre ellos mi propia familia). No, Occidente sostiene a Israel porque es su Estado. Es un ejemplo de reconquista colonial, es un pedazo de Occidente instalado en el Pr\u00f3ximo Oriente. Se ha convertido en un laboratorio de tecnolog\u00edas de punta de vigilancia y reclusi\u00f3n de poblaciones consideradas peligrosas. Es el lugar donde los ej\u00e9rcitos y las polic\u00edas del mundo entero vienen a \u2018formarse\u2019. Israel es indispensable para dominar y someter la regi\u00f3n\u201d. Es, en s\u00edntesis, un enclave militar de EEUU y Occidente en Oriente Medio.Por eso la UE y los gobiernos europeos, siguiendo a EEUU, llaman a cerrar filas con Israel en defensa de los \u201cvalores compartidos\u201d, \u201cla civilizaci\u00f3n, la democracia y el mundo libre\u201d.<\/p>\n\n\n\n<p>Los gobiernos europeos tienen, adem\u00e1s, la desverg\u00fcenza de mostrarnos a Israel como la \u201c\u00fanica democracia en Oriente Medio\u201d, otra mentira abyecta. Israel es un Estado racista colonial desde su nacimiento. De entrada, es un Estado donde la poblaci\u00f3n \u00e1rabe que vive en territorio israel\u00ed s\u00f3lo tiene la ciudadan\u00eda, pero se le niega la nacionalidad. Son ciudadanos de segunda, legalmente discriminados y privados de derechos b\u00e1sicos como el de poseer la tierra que les fue expropiada. En cuanto a los territorios ocupados, la poblaci\u00f3n palestina vive sometida a un brutal r\u00e9gimen de apartheid, denunciado por numerosos organismos internacionales como Amnist\u00eda Internacional, Human Right Watch o la ONG israel\u00ed B\u2019Tselem.<\/p>\n\n\n\n<p><strong>\u00bfQu\u00e9 tiene que ver antisionismo con antisemitismo?<\/strong><\/p>\n\n\n\n<p>Dicen los gobiernos que oponerse al genocidio y defender a la poblaci\u00f3n palestina es antisemitismo. Pero nos ocultan que la principal base de apoyo internacional del sionismo son los cristianos evang\u00e9licos norteamericanos de extrema derecha, una de las bases principales de Trump, que son abiertamente antisemitas. En cambio, muchos jud\u00edos, cada vez m\u00e1s, en todo el mundo y en especial en EEUU alzan su voz contra la limpieza \u00e9tnica israel\u00ed. La asociaci\u00f3n Jewish Voices for Peace (JVP)tiene 440.000 miembros y simpatizantes. Se han movilizado masivamente contra la masacre sionista en m\u00faltiples ciudades norteamericanas, protestando en el interior del mismo Capitolio.<\/p>\n\n\n\n<p>Este es un fragmento del comunicado que JVP emiti\u00f3 el pasado 7 de octubre: \u201cEl gobierno israel\u00ed puede haber acabado de declarar la guerra, pero su guerra contra los palestinos comenz\u00f3 hace m\u00e1s de 75 a\u00f1os. El apartheid y la ocupaci\u00f3n israel\u00edes \u2013y la complicidad de Estados Unidos en esa opresi\u00f3n\u2013 son la fuente de toda esta violencia. La realidad es montada seg\u00fan cuando usted ponga en marcha el reloj (\u2026) Durante 16 a\u00f1os, el gobierno israel\u00ed sofoc\u00f3 a los palestinos en Gaza bajo un draconiano bloqueo militar a\u00e9reo, mar\u00edtimo y terrestre, encarcelando y matando de hambre a dos millones de personas y neg\u00e1ndoles atenci\u00f3n m\u00e9dica. El gobierno israel\u00ed masacra rutinariamente a palestinos en Gaza; los ni\u00f1os de diez a\u00f1os que viven en Gaza est\u00e1n ya traumatizados por siete grandes campa\u00f1as de bombardeos en sus cortas vidas\u201d.<\/p>\n\n\n\n<p>Si hoy hay una fuente de antisemitismo en el mundo no es otra que la campa\u00f1a infame para identificar el Estado genocida de Israel con el pueblo jud\u00edo. Pierre Stambul dec\u00eda en la entrevista arriba mencionada: \u201cel sionismo es un crimen contra los palestinos. Para los jud\u00edos, es un insulto a su memoria, a su historia, a sus identidades\u201d.<\/p>\n\n\n\n<p>\u00a1Levantamiento inmediato del asedio de Gaza! \u00a1No a la masacre, la ocupaci\u00f3n y el apartheid!<\/p>\n\n\n\n<p>\u00a1Ruptura inmediata de relaciones diplom\u00e1ticas con Israel! \u00a1Cierre de sus embajadas y consulados!<\/p>\n\n\n\n<p>\u00a1Fin de toda colaboraci\u00f3n acad\u00e9mica, cultural y cient\u00edfica con Israel!<\/p>\n\n\n\n<p>\u00a1Boicot al env\u00edo de armas!<\/p>\n\n\n\n<p>\u00a1Fin de toda colaboraci\u00f3n econ\u00f3mica! \u00a1Apoyo a la campa\u00f1a de Boicot, Desinversi\u00f3n y Sanciones (BDS)!<\/p>\n\n\n\n<p>\u00a1Apoyo incondicional a la resistencia palestina!\u00a1Llamamos a redoblar las movilizaciones&nbsp;&nbsp; e instamos a todas las organizaciones pol\u00edticas, sindicales y estudiantiles de clase, a apoyarlas!<\/p>\n\n\n\n<p>Al igual que defendemos al pueblo ucraniano en la lucha por recuperar su territorio frente a la agresi\u00f3n de Putin, apoyemos la lucha leg\u00edtima del pueblo palestino por su tierra. \u00a1Por una Palestina \u00fanica, laica, democr\u00e1tica y no racista, del r\u00edo al mar!<\/p>\n\n\n\n<hr class=\"wp-block-separator has-alpha-channel-opacity\" \/>\n\n\n\n<p><a href=\"#_ftnref1\" id=\"_ftn1\">[1]<\/a> El Estado de Israel naci\u00f3 en 1948 con la Nakba [cat\u00e1strofe], mediante m\u00e9todos terroristas, aplicando una limpieza \u00e9tnica que expuls\u00f3 a 800.000 palestinos de sus tierras y los convirti\u00f3 en refugiados. Israel naci\u00f3 como un Estado racista y colonial. Ahora, tras 75 a\u00f1os de opresi\u00f3n, ocupaci\u00f3n y sufrimientos indecibles, como el pueblo palestino no se rinde, Israel quiere culminar la tarea iniciada en 1948.<\/p>\n\n\n\n<p><a href=\"#_ftnref2\" id=\"_ftn2\">[2]<\/a> El sionismo en verdad no se enfrent\u00f3 al nazismo sino que lo utiliz\u00f3 para forzar la ida de jud\u00edos a Palestina. Hay episodios macabros ocultos a la opini\u00f3n p\u00fablica como el memor\u00e1ndum de apoyo que la Federaci\u00f3n Sionista de Alemania envi\u00f3 al partido nazi el 21 de junio de 1933 o, ese mismo a\u00f1o, el rechazo de la Organizaci\u00f3n Sionista Mundial, por 240 votos contra 43, de una resoluci\u00f3n que llamaba a luchar contra el nazismo (ver Ralph Schoenman, \u201cLa historia oculta del sionismo\u201d) Nota nuestra<\/p>\n","protected":false},"excerpt":{"rendered":"<p>La campa\u00f1a de propaganda de la UE, sus gobiernos y todos los grandes medios de comunicaci\u00f3n europeos es sencillamente brutal. Quien defienda al pueblo palestino y no apoye incondicionalmente la masacre genocida de Israel es criminalizado, tachado de c\u00f3mplice de terroristas y antisemita. Por LIT &#8211; Europa Tras la bandera del \u201cderecho a la defensa\u201d [&hellip;]<\/p>\n","protected":false},"author":4,"featured_media":75249,"menu_order":0,"comment_status":"open","ping_status":"open","sticky":false,"template":"","format":"standard","meta":{"jetpack_post_was_ever_published":false,"_jetpack_newsletter_access":"","_jetpack_dont_email_post_to_subs":false,"_jetpack_newsletter_tier_id":0,"_jetpack_memberships_contains_paywalled_content":false,"litci_post_political_author":"","_jetpack_memberships_contains_paid_content":false,"footnotes":""},"categories":[18309,2764,2713],"tags":[],"class_list":["post-75248","post","type-post","status-publish","format-standard","has-post-thumbnail","hentry","category-especial-palestina","category-declaraciones","category-palestina"],"jetpack_featured_media_url":"https:\/\/i0.wp.com\/litci.org\/es\/wp-content\/uploads\/2023\/10\/Netanyahu-with-EU-president-Ursula-Von-der-Leyen-1.jpg?fit=1600%2C1137&ssl=1","fimg_url":"https:\/\/i0.wp.com\/litci.org\/es\/wp-content\/uploads\/2023\/10\/Netanyahu-with-EU-president-Ursula-Von-der-Leyen-1.jpg?fit=1600%2C1137&ssl=1","categories_names":["Declaraciones","Especial Palestina","Palestina"],"author_info":{"name":"Administraci\u00f3n Site","pic":"https:\/\/secure.gravatar.com\/avatar\/1fc4a65db396208ca881747f59a66a20c6b8670747457224753e1e98c43f719b?s=96&d=mm&r=g"},"political_author":null,"tagline":"","jetpack_sharing_enabled":true,"_links":{"self":[{"href":"https:\/\/litci.org\/es\/wp-json\/wp\/v2\/posts\/75248","targetHints":{"allow":["GET"]}}],"collection":[{"href":"https:\/\/litci.org\/es\/wp-json\/wp\/v2\/posts"}],"about":[{"href":"https:\/\/litci.org\/es\/wp-json\/wp\/v2\/types\/post"}],"author":[{"embeddable":true,"href":"https:\/\/litci.org\/es\/wp-json\/wp\/v2\/users\/4"}],"replies":[{"embeddable":true,"href":"https:\/\/litci.org\/es\/wp-json\/wp\/v2\/comments?post=75248"}],"version-history":[{"count":2,"href":"https:\/\/litci.org\/es\/wp-json\/wp\/v2\/posts\/75248\/revisions"}],"predecessor-version":[{"id":77905,"href":"https:\/\/litci.org\/es\/wp-json\/wp\/v2\/posts\/75248\/revisions\/77905"}],"wp:featuredmedia":[{"embeddable":true,"href":"https:\/\/litci.org\/es\/wp-json\/wp\/v2\/media\/75249"}],"wp:attachment":[{"href":"https:\/\/litci.org\/es\/wp-json\/wp\/v2\/media?parent=75248"}],"wp:term":[{"taxonomy":"category","embeddable":true,"href":"https:\/\/litci.org\/es\/wp-json\/wp\/v2\/categories?post=75248"},{"taxonomy":"post_tag","embeddable":true,"href":"https:\/\/litci.org\/es\/wp-json\/wp\/v2\/tags?post=75248"}],"curies":[{"name":"wp","href":"https:\/\/api.w.org\/{rel}","templated":true}]}}