{"id":75192,"date":"2023-10-16T10:56:27","date_gmt":"2023-10-16T10:56:27","guid":{"rendered":"https:\/\/litci.org\/es\/?p=75192"},"modified":"2024-11-03T13:26:58","modified_gmt":"2024-11-03T13:26:58","slug":"argentina-votar-al-fit-u-cambiar-la-campana-votemos-por-una-revolucion-obrera-y-socialista","status":"publish","type":"post","link":"https:\/\/litci.org\/es\/argentina-votar-al-fit-u-cambiar-la-campana-votemos-por-una-revolucion-obrera-y-socialista\/","title":{"rendered":"Argentina: Votar al FIT-U cambiar la campa\u00f1a \u00a1Votemos por una revolucion obrera y socialista!"},"content":{"rendered":"\n<p>Falta poco para las elecciones. Nadie sabe qu\u00e9 pasar\u00e1, qui\u00e9n ganar\u00e1. Las candidaturas con posibilidades, m\u00e1s all\u00e1 de sus diferencias, tienen mucho en com\u00fan.<\/p>\n\n\n\n<p><strong><em>Por PSTU &#8211; Argentina<\/em><\/strong><\/p>\n\n\n\n<p>Los \u201cpresidenciables\u201d viajan a Washington a comprometer su lealtad al Fondo Monetario Internacional (FMI). Prometen honrar la Deuda Externa, condenando a nuestro pa\u00eds y su pueblo trabajador a la decadencia, la entrega de sus recursos naturales, el deterioro del medio ambiente y el abandono de todo proyecto de futuro mejor para las generaciones que vienen. Son los tres candidatos de la entrega.<\/p>\n\n\n\n<p>Negocian con los bur\u00f3cratas sindicales la Reforma Laboral que proponen el Fondo, las multinacionales y los centros internacionales del poder. Y aseguran que terminar\u00e1n con las huelgas y los piquetes.<\/p>\n\n\n\n<p>Tanto Javier Milei, como Sergio Massa y Patricia Bullrich son garantes del sistema econ\u00f3mico capitalista y el r\u00e9gimen pol\u00edtico que llaman \u201cdemocr\u00e1tico\u201d, pero que ya demostr\u00f3 estar al servicio de las ganancias empresariales.<\/p>\n\n\n\n<p>No cabe duda: los trabajadores necesitamos votar otra cosa, y solo el FIT-U la ofrece: no hay patrones en sus listas, y llama a no pagar la Deuda, enfrentando a los candidatos que prometen hacerlo.<\/p>\n\n\n\n<p>Por una campa\u00f1a de ruptura<\/p>\n\n\n\n<p>En las f\u00e1bricas, lugares de trabajo y estudio, hay un hervidero de discusi\u00f3n pol\u00edtica. \u00bfQu\u00e9 pasar\u00e1? \u00bfPara d\u00f3nde va el pa\u00eds? \u00bfqu\u00e9 pasa si gana uno u otro? \u00bfQu\u00e9 significa la dolarizaci\u00f3n que propone Milei y hasta el FMI rechaza?<\/p>\n\n\n\n<p>Nadie tiene esperanzas reales de que, con alguno de ellos, las cosas mejoren. Millones votaron a Milei por rechazo a los que gobernaron los \u00faltimos 20 a\u00f1os. Otro tanto, directamente no fue a votar, o lo hizo en blanco.<\/p>\n\n\n\n<p>Sin embargo, ante este escenario, la izquierda no logra presentar un perfil claro de rebeli\u00f3n, de enfrentamiento completo a todo lo que existe, de ruptura con la decadencia.<\/p>\n\n\n\n<p>No presenta un proyecto claro de perspectiva de poder. Solo aparece como una disputa por m\u00e1s diputados, por cargos, por un poco m\u00e1s de influencia en los marcos del r\u00e9gimen parlamentario que existe.<\/p>\n\n\n\n<p>Lo que ya se hizo mal no tiene remedio. Las PASO de la izquierda fueron equivocadas. Eso no admite discusi\u00f3n. Y las candidaturas, m\u00e1s obreras, ya no tienen posibilidad de ocurrir.<\/p>\n\n\n\n<p>Pero a\u00fan as\u00ed, en las actuales condiciones, es posible cambiar el curso de la campa\u00f1a, desarrollar una agitaci\u00f3n unitaria, ligada a un plan de lucha del conjunto de los que se movilizaron este 14 de septiembre a Plaza de Mayo.<\/p>\n\n\n\n<p>Con un perfil que rompa con la imagen d\u00f3cil, amigable para los medios de difusi\u00f3n, mucho m\u00e1s cercana a las f\u00e1bricas, a las barriadas obreras, a las luchas, a los lugares donde nuestra clase trabaja, vive y sufre. Que comparta la bronca, el odio, la amargura, la impotencia. Que reivindique la necesidad de luchar sin l\u00edmites, y de enfrentar la violencia represiva con la justa violencia de los oprimidos.<\/p>\n\n\n\n<p>Nuestra campa\u00f1a<\/p>\n\n\n\n<p>El FIT-U no aparece como un alternativa que se proponga destruir este Estado capitalista, hacer una revoluci\u00f3n y crear un nuevo tipo de Estado, dirigido por los trabajadores. Esta campa\u00f1a es la que haremos desde el PSTU.<\/p>\n\n\n\n<p>Con un programa que ponga en el centro que, ante la cat\u00e1strofe que nos prometen los burgueses y sus pol\u00edticos, la izquierda se propone acabar con los capitalistas, terminar con esa verdadera lacra, la aut\u00e9ntica \u201ccasta\u201d de la cual son empleados Milei, Bullrich y Massa.<\/p>\n\n\n\n<p>Expropiar todas las grandes empresas alimenticias, latifundios, frigor\u00edficos, para que haya comida buena y barata para todos. Expropiar los grandes laboratorios para que los medicamentos sean de acceso libre y gratuito para la poblaci\u00f3n. Expropiar las mineras, petroleras y todas las empresas que saquean nuestros recursos, nacionalizando el suelo y el subsuelo al servicio de un plan de desarrollo industrial y humano de Argentina.<\/p>\n\n\n\n<p>Decir con bronca, con asco, que vamos a terminar con todos ellos, impulsando una insurrecci\u00f3n obrera y popular hasta el final, para que gobiernen los que nunca gobernaron. Que lo intentaremos con odio de clase, hasta ganar o perderlo todo en la pelea.<\/p>\n\n\n\n<p>Tenemos que demostrar que, efectivamente, queremos representar a los que no tienen nada que perder, m\u00e1s que sus cadenas, su sufrimiento, su dolor.<\/p>\n\n\n\n<p>Porque Argentina necesita una revoluci\u00f3n obrera y socialista para terminar con los explotadores.<\/p>\n\n\n\n<p>Si logramos acercarnos a una campa\u00f1a as\u00ed, estaremos cumpliendo con nuestro prop\u00f3sito. Sacaremos m\u00e1s o menos votos, pero nadie podr\u00e1 decir que la izquierda es \u201cparte de todo esto\u201d, parte de la \u201ccasta\u201d.<\/p>\n\n\n\n<p>Con este perfil y programa pelearemos el voto al FIT-U, contra todos los candidatos patronales.<\/p>\n\n\n\n<p>Publicado en <a href=\"http:\/\/pstu.com.ar\" target=\"_blank\" rel=\"noopener\">http:\/\/pstu.com.ar<\/a> 19\/9\/2023 <\/p>\n\n\n\n<p><div class=\"elementor-column elementor-col-33 elementor-inner-column elementor-element elementor-element-175bdd00\" data-id=\"175bdd00\" data-element_type=\"column\" style=\"--flex-direction: initial;--flex-wrap: initial;--justify-content: initial;--align-items: initial;--align-content: initial;--gap: initial;--flex-basis: initial;--flex-grow: initial;--flex-shrink: initial;--order: initial;--align-self: initial;flex-basis: var(--flex-basis);flex-grow: var(--flex-grow);flex-shrink: var(--flex-shrink);align-self: var(--align-self);position: relative;min-height: 1px;--swiper-theme-color: #000;--swiper-navigation-size: 44px;--swiper-pagination-bullet-size: 6px;--swiper-pagination-bullet-horizontal-gap: 6px;--widgets-spacing: 20px;width: 78.5781px;, sans-serif;font-size: 13px\"><div class=\"elementor-widget-wrap elementor-element-populated\" style=\"position: relative;width: 78.5781px;flex-wrap: wrap;align-content: flex-start;padding: 10px\"><div class=\"elementor-element elementor-element-2d9211d0 elementor-shape-rounded elementor-grid-0 e-grid-align-center elementor-widget elementor-widget-social-icons\" data-id=\"2d9211d0\" data-element_type=\"widget\" data-widget_type=\"social-icons.default\" style=\"--flex-direction: initial;--flex-wrap: initial;--justify-content: initial;--align-items: initial;--align-content: initial;--gap: initial;--flex-basis: initial;--flex-grow: initial;--flex-shrink: initial;--order: initial;--align-self: initial;flex-basis: var(--flex-basis);flex-grow: var(--flex-grow);flex-shrink: var(--flex-shrink);align-self: var(--align-self);flex-direction: var(--flex-direction);flex-wrap: var(--flex-wrap);justify-content: var(--justify-content);align-items: var(--align-items);align-content: var(--align-content);gap: var(--gap);position: relative;--swiper-theme-color: #000;--swiper-navigation-size: 44px;--swiper-pagination-bullet-size: 6px;--swiper-pagination-bullet-horizontal-gap: 6px;--widgets-spacing: 20px;width: 58.5781px;--grid-template-columns: repeat(0, auto);--icon-size: 27px;--grid-column-gap: 5px;--grid-row-gap: 0px\"><div class=\"elementor-widget-container\" style=\"line-height: 1;font-size: 0px;text-align: center\"><div class=\"elementor-social-icons-wrapper elementor-grid\" style=\"column-gap:;row-gap:;width: 58.5781px;margin-bottom: calc(-1 * var(--grid-row-gap));grid-template-columns: var(--grid-template-columns);justify-content: var(--justify-content,center);justify-items: var(--justify-content,center)\"><span class=\"elementor-grid-item\" style=\"min-width: 0px;margin-bottom: var(--grid-row-gap)\"><a class=\"elementor-icon elementor-social-icon elementor-social-icon-facebook elementor-repeater-item-0246420\" style=\"line-height: var(--icon-size,25px);font-size: var(--icon-size,25px);--e-social-icon-icon-color: #fff;align-items: center;justify-content: center;cursor: pointer;box-shadow: none;width: calc(var(--icon-size, 25px) + (2 * var(--icon-padding, .5em)));height: calc(var(--icon-size, 25px) + (2 * var(--icon-padding, .5em)));margin: 0px;border-radius: 10%\" target=\"_blank\" rel=\"noopener\"><\/a><\/span><\/div><\/div><\/div><\/div><\/div><\/p>\n","protected":false},"excerpt":{"rendered":"<p>Falta poco para las elecciones. Nadie sabe qu\u00e9 pasar\u00e1, qui\u00e9n ganar\u00e1. Las candidaturas con posibilidades, m\u00e1s all\u00e1 de sus diferencias, tienen mucho en com\u00fan. Por PSTU &#8211; Argentina Los \u201cpresidenciables\u201d viajan a Washington a comprometer su lealtad al Fondo Monetario Internacional (FMI). Prometen honrar la Deuda Externa, condenando a nuestro pa\u00eds y su pueblo trabajador [&hellip;]<\/p>\n","protected":false},"author":5,"featured_media":75193,"menu_order":0,"comment_status":"open","ping_status":"open","sticky":false,"template":"","format":"standard","meta":{"jetpack_post_was_ever_published":false,"_jetpack_newsletter_access":"","_jetpack_dont_email_post_to_subs":false,"_jetpack_newsletter_tier_id":0,"_jetpack_memberships_contains_paywalled_content":false,"litci_post_political_author":"","_jetpack_memberships_contains_paid_content":false,"footnotes":""},"categories":[2652],"tags":[2838,18301,18310],"class_list":["post-75192","post","type-post","status-publish","format-standard","has-post-thumbnail","hentry","category-argentina","tag-argentina-2","tag-elecciones-argentina-2023","tag-pstu-argentina-2"],"jetpack_featured_media_url":"https:\/\/i0.wp.com\/litci.org\/es\/wp-content\/uploads\/2023\/10\/Myriam-Bregman-Nicolas-del-cano.jpg?fit=1024%2C576&ssl=1","fimg_url":"https:\/\/i0.wp.com\/litci.org\/es\/wp-content\/uploads\/2023\/10\/Myriam-Bregman-Nicolas-del-cano.jpg?fit=1024%2C576&ssl=1","categories_names":["Argentina"],"author_info":{"name":"Kely","pic":"https:\/\/secure.gravatar.com\/avatar\/19003bf6219614b90207b39bd4a2733ce9cf96693efdfd639b15a829beed53d1?s=96&d=mm&r=g"},"political_author":null,"tagline":"","jetpack_sharing_enabled":true,"_links":{"self":[{"href":"https:\/\/litci.org\/es\/wp-json\/wp\/v2\/posts\/75192","targetHints":{"allow":["GET"]}}],"collection":[{"href":"https:\/\/litci.org\/es\/wp-json\/wp\/v2\/posts"}],"about":[{"href":"https:\/\/litci.org\/es\/wp-json\/wp\/v2\/types\/post"}],"author":[{"embeddable":true,"href":"https:\/\/litci.org\/es\/wp-json\/wp\/v2\/users\/5"}],"replies":[{"embeddable":true,"href":"https:\/\/litci.org\/es\/wp-json\/wp\/v2\/comments?post=75192"}],"version-history":[{"count":2,"href":"https:\/\/litci.org\/es\/wp-json\/wp\/v2\/posts\/75192\/revisions"}],"predecessor-version":[{"id":77911,"href":"https:\/\/litci.org\/es\/wp-json\/wp\/v2\/posts\/75192\/revisions\/77911"}],"wp:featuredmedia":[{"embeddable":true,"href":"https:\/\/litci.org\/es\/wp-json\/wp\/v2\/media\/75193"}],"wp:attachment":[{"href":"https:\/\/litci.org\/es\/wp-json\/wp\/v2\/media?parent=75192"}],"wp:term":[{"taxonomy":"category","embeddable":true,"href":"https:\/\/litci.org\/es\/wp-json\/wp\/v2\/categories?post=75192"},{"taxonomy":"post_tag","embeddable":true,"href":"https:\/\/litci.org\/es\/wp-json\/wp\/v2\/tags?post=75192"}],"curies":[{"name":"wp","href":"https:\/\/api.w.org\/{rel}","templated":true}]}}