{"id":74617,"date":"2023-07-13T19:32:22","date_gmt":"2023-07-13T19:32:22","guid":{"rendered":"https:\/\/litci.org\/es\/?p=74617"},"modified":"2024-11-03T13:27:04","modified_gmt":"2024-11-03T13:27:04","slug":"el-11j-en-cuba-dos-anos-despues","status":"publish","type":"post","link":"https:\/\/litci.org\/es\/el-11j-en-cuba-dos-anos-despues\/","title":{"rendered":"El 11J en Cuba: dos a\u00f1os despu\u00e9s"},"content":{"rendered":"\n<p><em>Hace dos a\u00f1os, el pueblo cubano sali\u00f3 a las calles a protestar por derechos b\u00e1sicos, incluido el derecho de manifestarse.<\/em><\/p>\n\n\n\n<p>Por: PSTU (Brasil)<\/p>\n\n\n\n<p>Hoy, siguen perseguidos, en peor situaci\u00f3n econ\u00f3mica y social, con muchas personas detenidas por haber salido a las calles.<\/p>\n\n\n\n<p>Estas personas cumplen condenas dur\u00edsimas, de hasta dos d\u00e9cadas.<\/p>\n\n\n\n<p>Entre las personas presas se encuentra Brenda, una joven transexual, encarcelada con hombres, sin tratamiento espec\u00edfico para enfermedades que ella ya padec\u00eda y sin atenci\u00f3n alguna a su identidad de g\u00e9nero.<\/p>\n\n\n\n<p>Cuba siempre ha estado presente en la historia y el imaginario de la izquierda latinoamericana.&nbsp;Hoy, para continuar con la lucha de quienes derrocaron un r\u00e9gimen opresor y la colonizaci\u00f3n estadounidense, tenemos que apoyar las manifestaciones por justicia y libertad de las personas en Cuba y su lucha contra la dictadura capitalista de D\u00edaz-Canel.<\/p>\n\n\n\n<p>Para dar voz a esas personas, pr\u00f3ximamente lanzaremos el libro: Cuba 11J Perspectivas contrahegem\u00f3nicas sobre las protestas sociales.<\/p>\n\n\n\n<p>\u00a1Venga a debatir la Cuba del presente con nosotros!<\/p>\n\n\n\n<p>Traducci\u00f3n: Natalia Estrada.<\/p>\n","protected":false},"excerpt":{"rendered":"<p>Hace dos a\u00f1os, el pueblo cubano sali\u00f3 a las calles a protestar por derechos b\u00e1sicos, incluido el derecho de manifestarse. Por: PSTU (Brasil) Hoy, siguen perseguidos, en peor situaci\u00f3n econ\u00f3mica y social, con muchas personas detenidas por haber salido a las calles. Estas personas cumplen condenas dur\u00edsimas, de hasta dos d\u00e9cadas. Entre las personas presas [&hellip;]<\/p>\n","protected":false},"author":4,"featured_media":76484,"menu_order":0,"comment_status":"open","ping_status":"open","sticky":false,"template":"","format":"standard","meta":{"jetpack_post_was_ever_published":false,"_jetpack_newsletter_access":"","_jetpack_dont_email_post_to_subs":false,"_jetpack_newsletter_tier_id":0,"_jetpack_memberships_contains_paywalled_content":false,"litci_post_political_author":"","_jetpack_memberships_contains_paid_content":false,"footnotes":""},"categories":[2680],"tags":[4081],"class_list":["post-74617","post","type-post","status-publish","format-standard","has-post-thumbnail","hentry","category-cuba","tag-cuba-3"],"jetpack_featured_media_url":"https:\/\/i0.wp.com\/litci.org\/es\/wp-content\/uploads\/2023\/07\/JOG8281-scaled.jpg?fit=2560%2C1707&ssl=1","fimg_url":"https:\/\/i0.wp.com\/litci.org\/es\/wp-content\/uploads\/2023\/07\/JOG8281-scaled.jpg?fit=2560%2C1707&ssl=1","categories_names":["Cuba"],"author_info":{"name":"Administraci\u00f3n Site","pic":"https:\/\/secure.gravatar.com\/avatar\/1fc4a65db396208ca881747f59a66a20c6b8670747457224753e1e98c43f719b?s=96&d=mm&r=g"},"political_author":null,"tagline":"","jetpack_sharing_enabled":true,"_links":{"self":[{"href":"https:\/\/litci.org\/es\/wp-json\/wp\/v2\/posts\/74617","targetHints":{"allow":["GET"]}}],"collection":[{"href":"https:\/\/litci.org\/es\/wp-json\/wp\/v2\/posts"}],"about":[{"href":"https:\/\/litci.org\/es\/wp-json\/wp\/v2\/types\/post"}],"author":[{"embeddable":true,"href":"https:\/\/litci.org\/es\/wp-json\/wp\/v2\/users\/4"}],"replies":[{"embeddable":true,"href":"https:\/\/litci.org\/es\/wp-json\/wp\/v2\/comments?post=74617"}],"version-history":[{"count":1,"href":"https:\/\/litci.org\/es\/wp-json\/wp\/v2\/posts\/74617\/revisions"}],"predecessor-version":[{"id":74619,"href":"https:\/\/litci.org\/es\/wp-json\/wp\/v2\/posts\/74617\/revisions\/74619"}],"wp:featuredmedia":[{"embeddable":true,"href":"https:\/\/litci.org\/es\/wp-json\/wp\/v2\/media\/76484"}],"wp:attachment":[{"href":"https:\/\/litci.org\/es\/wp-json\/wp\/v2\/media?parent=74617"}],"wp:term":[{"taxonomy":"category","embeddable":true,"href":"https:\/\/litci.org\/es\/wp-json\/wp\/v2\/categories?post=74617"},{"taxonomy":"post_tag","embeddable":true,"href":"https:\/\/litci.org\/es\/wp-json\/wp\/v2\/tags?post=74617"}],"curies":[{"name":"wp","href":"https:\/\/api.w.org\/{rel}","templated":true}]}}