{"id":74065,"date":"2023-05-05T12:28:22","date_gmt":"2023-05-05T12:28:22","guid":{"rendered":"https:\/\/litci.org\/es\/?p=74065"},"modified":"2024-11-03T13:27:09","modified_gmt":"2024-11-03T13:27:09","slug":"contra-la-cpi-del-agro-es-necesario-defender-el-movimiento-de-los-trabajadores-rurales-sin-tierra-mst","status":"publish","type":"post","link":"https:\/\/litci.org\/es\/contra-la-cpi-del-agro-es-necesario-defender-el-movimiento-de-los-trabajadores-rurales-sin-tierra-mst\/","title":{"rendered":"Contra la CPI del agro es necesario defender el Movimiento de los Trabajadores Rurales Sin Tierra (MST)"},"content":{"rendered":"\n<p><em>El Movimiento de los Trabajadores Rurales Sin Tierra (MST) est\u00e1 siendo v\u00edctima de una s\u00f3rdida campa\u00f1a de persecuci\u00f3n por parte de los terratenientes.\u00a0El grupo ruralista en el parlamento prepara una CPI (Comisi\u00f3n Parlamentaria de Investigaci\u00f3n) contra el movimiento.\u00a0El presidente de la C\u00e1mara de Diputados, Arthur Lira (PP-Alagoas), ya ley\u00f3 la solicitud de creaci\u00f3n de la comisi\u00f3n, que ya alcanz\u00f3 el n\u00famero m\u00ednimo de 172 firmas para ser instalada.<\/em><\/p>\n\n\n\n<p>Por: Redacci\u00f3n PSTU Brasil<\/p>\n\n\n\n<p>Se trata de un ataque del latifundio contra el movimiento.&nbsp;Luchar es derecho, no crimen.&nbsp;El MST lucha por la reforma agraria y por la agricultura campesina.&nbsp;Quienes deber\u00edan ser investigados son los terratenientes y los representantes del agronegocio.&nbsp;Ellos son los que delinquen, propagan la violencia con sus capangas y roban tierras de peque\u00f1os invasores a trav\u00e9s del fraude y el acaparamiento [grilagem] de tierras.&nbsp;Muchos de ellos est\u00e1n en el Congreso aprobando leyes a favor del robo de tierras, defienden leyes contra las poblaciones ind\u00edgenas y quilombolas, y son el principal enemigo de la preservaci\u00f3n del medio ambiente en el pa\u00eds.<\/p>\n\n\n\n<p>Al contrario de lo que dicen, el agro se financia con dinero p\u00fablico.&nbsp;Seg\u00fan el informe \u201cTerrenos de desigualdad: tierra, agricultura y desigualdad en el Brasil rural\u201d,&nbsp;<a href=\"https:\/\/deolhonosruralistas.com.br\/2016\/12\/12\/proprietarios-de-terra-devem-quase-r-1-trilhao-uniao\/\" target=\"_blank\" rel=\"noopener\">publicado por Oxfam<\/a>, sobre la base de datos de la Fiscal\u00eda General de Hacienda Nacional, 4.013 terratenientes deben R$ 906.000 millones.<\/p>\n\n\n\n<p>Cada uno de estos deudores tiene deudas superiores a R$ 50 millones.&nbsp;Pero tambi\u00e9n hay un grupo selecto de 729 propietarios que declararon poseer 4.057 propiedades rurales, totalizando una deuda de R$ 200.000 millones.&nbsp;Las tierras pertenecientes a este grupo abarcan m\u00e1s de 6,5 millones de hect\u00e1reas, seg\u00fan informaci\u00f3n registrada en el Sistema Nacional de Registro Rural.<\/p>\n\n\n\n<p>La deuda de este grupo es siempre empujada con la barriga [hacia adelante] por los gobiernos de turno.&nbsp;El gobierno de Temer, por ejemplo, edit\u00f3 la Medida Provisional N\u00b0 733 para que los ruralistas salden la deuda, a trav\u00e9s del Programa Especial de Saneamiento de Activos, con bonificaciones entre 60% y 95%.<\/p>\n\n\n\n<p>Investigar el robo de tierras y todos esos negociados del agro es algo que nunca har\u00e1 este Congreso lleno de propietarios rurales.<\/p>\n\n\n\n<h4 class=\"wp-block-heading\"><strong>MST tambi\u00e9n sufre ataques de ministros<\/strong><\/h4>\n\n\n\n<p>Y una vez m\u00e1s los \u201cruralistas\u201d siguen ocupando los ministerios de un gobierno del PT, y desde ah\u00ed atacan el movimiento, como lo hizo recientemente el ministro de Agricultura, el sojero Carlos F\u00e1varo (PSD).&nbsp;Por cierto, F\u00e1varo hizo una curiosa comparaci\u00f3n de las acciones del MST durante el abril rojo, con los actos golpistas de bolsonaristas del 8 de enero.&nbsp;Tambi\u00e9n dej\u00f3 claro que apoya la CPI.<\/p>\n\n\n\n<p>\u201c<em>El Congreso Nacional tiene la prerrogativa de instalar una comisi\u00f3n parlamentaria de investigaci\u00f3n para investigar cuando considere que hay alguna cosa que anda mal en la sociedad<\/em>\u201d,&nbsp;<a href=\"https:\/\/www1.folha.uol.com.br\/poder\/2023\/04\/cpi-do-mst-e-direito-do-congresso-mas-espero-que-nao-vire-palanque-politico-diz-ministro-da-agricultura.shtml\" target=\"_blank\" rel=\"noopener\">declar\u00f3 el 27 de abril<\/a>.<\/p>\n\n\n\n<p>Es necesario repudiar con vehemencia las declaraciones del ministro sojero contra el MST.&nbsp;El mismo sojero que ya ha liberado 166 productos agrot\u00f3xicos hasta el pasado 30 de abril, una media de tres de ellos cada dos d\u00edas.<\/p>\n\n\n\n<p>Ministros del PT tambi\u00e9n atacaron a los sin tierra, como Alexandre Padilha, ministro de Relaciones Institucionales, quien dijo que \u201ccondena con vehemencia cualquier acto que da\u00f1e \u00e1reas y procesos productivos\u201d;&nbsp;y Paulo Teixeira, de Desarrollo Agrario, quien amenaz\u00f3 al movimiento diciendo que \u201cla desocupaci\u00f3n de tierras invadidas en los \u00faltimos d\u00edas es un condicionante para que el gobierno prosiga con el programa de reforma agraria\u201d.<\/p>\n\n\n\n<p>Es necesario defender al MST de los ataques de los \u201cruralistas\u201d, y a las ocupaciones de tierras como instrumento leg\u00edtimo de presi\u00f3n por la reforma agraria.&nbsp;Por cierto, los asentamientos que existen hoy en d\u00eda fueron conquistados bajo este m\u00e9todo de lucha utilizado por el MST y otros movimientos de lucha por el acceso a la tierra.&nbsp;Es necesario investigar y sancionar los cr\u00edmenes del agronegocio, estos s\u00ed verdaderos invasores de tierras.&nbsp;El agro debe ser estatizado y puesto bajo el control de los trabajadores.&nbsp;Pero alertamos a los activistas del MST: este gobierno no es \u201cnuestro\u201d.&nbsp;La direcci\u00f3n del MST necesita romper con el gobierno para que los sin tierra puedan luchar, derrotar al agro y conquistar la reforma agraria y el necesario apoyo econ\u00f3mico para miles de campesinos.<\/p>\n\n\n\n<p>Art\u00edculo publicado en <a href=\"http:\/\/www.pstu.org.br\" target=\"_blank\" rel=\"noopener\">www.pstu.org.br<\/a>, 3\/5\/2023.-<\/p>\n\n\n\n<p>Traducci\u00f3n: Natalia Estrada.<\/p>\n","protected":false},"excerpt":{"rendered":"<p>El Movimiento de los Trabajadores Rurales Sin Tierra (MST) est\u00e1 siendo v\u00edctima de una s\u00f3rdida campa\u00f1a de persecuci\u00f3n por parte de los terratenientes.\u00a0El grupo ruralista en el parlamento prepara una CPI (Comisi\u00f3n Parlamentaria de Investigaci\u00f3n) contra el movimiento.\u00a0El presidente de la C\u00e1mara de Diputados, Arthur Lira (PP-Alagoas), ya ley\u00f3 la solicitud de creaci\u00f3n de la [&hellip;]<\/p>\n","protected":false},"author":5,"featured_media":74066,"menu_order":0,"comment_status":"open","ping_status":"open","sticky":false,"template":"","format":"standard","meta":{"jetpack_post_was_ever_published":false,"_jetpack_newsletter_access":"","_jetpack_dont_email_post_to_subs":false,"_jetpack_newsletter_tier_id":0,"_jetpack_memberships_contains_paywalled_content":false,"litci_post_political_author":"","_jetpack_memberships_contains_paid_content":false,"footnotes":""},"categories":[2676],"tags":[2836],"class_list":["post-74065","post","type-post","status-publish","format-standard","has-post-thumbnail","hentry","category-brasil","tag-brasil-2"],"jetpack_featured_media_url":"https:\/\/i0.wp.com\/litci.org\/es\/wp-content\/uploads\/2023\/05\/mst-politize.jpg?fit=1500%2C1000&ssl=1","fimg_url":"https:\/\/i0.wp.com\/litci.org\/es\/wp-content\/uploads\/2023\/05\/mst-politize.jpg?fit=1500%2C1000&ssl=1","categories_names":["Brasil"],"author_info":{"name":"Kely","pic":"https:\/\/secure.gravatar.com\/avatar\/19003bf6219614b90207b39bd4a2733ce9cf96693efdfd639b15a829beed53d1?s=96&d=mm&r=g"},"political_author":null,"tagline":"","jetpack_sharing_enabled":true,"_links":{"self":[{"href":"https:\/\/litci.org\/es\/wp-json\/wp\/v2\/posts\/74065","targetHints":{"allow":["GET"]}}],"collection":[{"href":"https:\/\/litci.org\/es\/wp-json\/wp\/v2\/posts"}],"about":[{"href":"https:\/\/litci.org\/es\/wp-json\/wp\/v2\/types\/post"}],"author":[{"embeddable":true,"href":"https:\/\/litci.org\/es\/wp-json\/wp\/v2\/users\/5"}],"replies":[{"embeddable":true,"href":"https:\/\/litci.org\/es\/wp-json\/wp\/v2\/comments?post=74065"}],"version-history":[{"count":1,"href":"https:\/\/litci.org\/es\/wp-json\/wp\/v2\/posts\/74065\/revisions"}],"predecessor-version":[{"id":74067,"href":"https:\/\/litci.org\/es\/wp-json\/wp\/v2\/posts\/74065\/revisions\/74067"}],"wp:featuredmedia":[{"embeddable":true,"href":"https:\/\/litci.org\/es\/wp-json\/wp\/v2\/media\/74066"}],"wp:attachment":[{"href":"https:\/\/litci.org\/es\/wp-json\/wp\/v2\/media?parent=74065"}],"wp:term":[{"taxonomy":"category","embeddable":true,"href":"https:\/\/litci.org\/es\/wp-json\/wp\/v2\/categories?post=74065"},{"taxonomy":"post_tag","embeddable":true,"href":"https:\/\/litci.org\/es\/wp-json\/wp\/v2\/tags?post=74065"}],"curies":[{"name":"wp","href":"https:\/\/api.w.org\/{rel}","templated":true}]}}