{"id":73901,"date":"2023-04-17T02:06:33","date_gmt":"2023-04-17T02:06:33","guid":{"rendered":"https:\/\/litci.org\/es\/?p=73901"},"modified":"2024-11-03T13:27:11","modified_gmt":"2024-11-03T13:27:11","slug":"uruguay-un-gobierno-corrupto-y-autoritario","status":"publish","type":"post","link":"https:\/\/litci.org\/es\/uruguay-un-gobierno-corrupto-y-autoritario\/","title":{"rendered":"Uruguay: un gobierno corrupto y autoritario"},"content":{"rendered":"\n<p>Mientras el capitalismo mundial va mostrando cada vez m\u00e1s s\u00edntomas de su profunda crisis con el rescate del Silicon Valley Bank y sus consecuencias; las masas en Francia se levantan contra Macron con el detonante de la reforma de las jubilaciones en una lucha que es de impacto mundial.<\/p>\n\n\n\n<p>En este marco es que en Uruguay se desarrolla una profunda crisis pol\u00edtica del gobierno antiobrero de Lacalle Pou, cuya legitimidad pende de un hilo, mientras los trabajadores sufren sus ataques y pagan las consecuencias de una pol\u00edtica al servicio de los \u201cmalla oro\u201d.<\/p>\n\n\n\n<p>Al cierre de esta edici\u00f3n, en una repudiable medida antisindical y antidemocr\u00e1tica, apelando a normas de la dictadura, el gobierno apart\u00f3 del cargo al director del IAVA por oponerse a que le arrebaten el sal\u00f3n gremial a los estudiantes que se encuentran en lucha por este motivo; mostrando nuevamente su pol\u00ectica de persecuci\u00f3n a estudiantes y docentes.<\/p>\n\n\n\n<p><strong>Recesi\u00f3n, sequ\u00eda y aumento de precios<\/strong><\/p>\n\n\n\n<p>Despu\u00e9s del discurso triunfalista de Lacalle Pou el 1\u00b0 de Marzo, se conoci\u00f3 el dato de que la econom\u00eda uruguaya hab\u00eda entrado en recesi\u00f3n. Primero con la excusa de la guerra en Ucrania y ahora con la de la sequ\u00eda, los precios han vuelto a pegar un salto.<\/p>\n\n\n\n<p>En la feria los trabajadores y jubilados vemos el kilo de zanahorias a $100, el del boniato a $90, \u00a1y hasta m\u00e1s de $100 por una lechuga! Los huevos siguen subiendo y el maple puede encontrarse a m\u00e1s de $300\u2026 \u00a1Y les da la cara para hablarnos de la \u201crecuperaci\u00f3n salarial\u201d!<\/p>\n\n\n\n<figure class=\"wp-block-image\"><img data-recalc-dims=\"1\" height=\"589\" width=\"1024\" decoding=\"async\" src=\"https:\/\/i0.wp.com\/www.ist.uy\/wp-content\/uploads\/2023\/04\/Morron-y-Tomate-1024x589.jpg?resize=1024%2C589&#038;ssl=1\" alt=\"\" class=\"wp-image-6613\" \/><\/figure>\n\n\n\n<p>El sueldo cada vez rinde menos y el desempleo es una de las principales preocupaciones en las familias obreras. La bronca crece mientras este gobierno del esc\u00e1ndalo permanente pretende aumentar la edad para jubilarnos, mercantilizar la ense\u00f1anza y seguir rob\u00e1ndonos salario con su pol\u00edtica al servicio de las grandes patronales.<\/p>\n\n\n\n<p><strong>El gobierno del esc\u00e1ndalo interminable<\/strong><\/p>\n\n\n\n<p>A este gobierno del hambre que va de crisis en crisis le ha estallado otra bomba al conocerse las denuncias por explotaci\u00f3n sexual a menores de edad contra G. Penad\u00e9s, uno de los principales cuadros pol\u00edticos del gobierno y del propio sector pol\u00edtico de Lacalle Pou.<\/p>\n\n\n\n<p>Para rematar semejante bochorno, de forma impresentable el ministro Heber sali\u00f3 r\u00e1pidamente a defender al acusado diciendo que era una \u201cdifamaci\u00f3n\u201d. Despu\u00e9s, el propio presidente Lacalle Pou dijo que \u201cle cre\u00eda a \u00e9l\u201d y hasta el m\u00e1ximo jerarca del INAU, instituci\u00f3n que se supone debiera proteger a ni\u00f1os\/as y adolescentes, declar\u00f3 que confiaba en Penad\u00e9s. \u00bfSer\u00e1 la misma confianza que ten\u00edan en Astesiano?<\/p>\n\n\n\n<p>No pueden ser m\u00e1s miserables. Han colocado todo el peso del sistema para blindar a su senador. Con este accionar no hacen m\u00e1s que promover y proteger a los abusadores. Como ya varios periodistas y comunicadores han dicho, \u00bfqu\u00e9 victima puede animarse a denunciar si hasta el Presidente de la Rep\u00fablica ha salido en respaldo a un denunciado por abuso?<\/p>\n\n\n\n<p>Con el caso Astesiano-Marset este gobierno hab\u00eda demostrado ser corrupto, amparador del espionaje y favorecedor de narcotraficantes. Ahora, adem\u00e1s, tambi\u00e9n encubre a un denunciado por abuso de menores mientras sigue con su pol\u00ectica de persecuci\u00f3n sindical en la Educaci\u00f3n apelando a normas autoritarias de la dictadura \u00bfQu\u00e9 m\u00e1s hace falta para echar a este gobierno ahora mismo? Su crisis es escandalosa, intolerable.<\/p>\n\n\n\n<figure class=\"wp-block-image\"><img data-recalc-dims=\"1\" decoding=\"async\" src=\"https:\/\/i0.wp.com\/www.ist.uy\/wp-content\/uploads\/2023\/04\/Lacalle-Astesiano.jpg?ssl=1\" alt=\"\" class=\"wp-image-6614\" \/><figcaption class=\"wp-element-caption\">Astesiano \u2013 Lacalle Pou<\/figcaption><\/figure>\n\n\n\n<p>Lamentablemente, este gobierno contin\u00faa porque ni la direcci\u00f3n del PIT-CNT ni la del Frente Amplio lo han cuestionado a fondo. No quieren que caiga ahora.<\/p>\n\n\n\n<p>Estos dirigentes con el conjunto de la burgues\u00eda van abriendo de forma anticipada la campa\u00f1a electoral para utilizarla como v\u00e1lvula de escape al descontento, la bronca y la crisis del gobierno. Quieren canalizar todo hacia 2024. Por eso F. Pereira decidi\u00f3 guardar un \u201cprudente silencio\u201d ante el caso Penad\u00e9s y Charles Carrera incluso tuvo el gesto de ir a abrazarlo en el parlamento. Lo que caracteriza a estos dirigentes es la tibieza, el no querer movilizar ni cuestionar la legitimidad y continuidad del gobierno.<\/p>\n\n\n\n<p>Desde IST planteamos que este gobierno ya no puede seguir. Desde las luchas obreras, estudiantiles, de las mujeres; luchas que seguramente comenzaran a ir en ascenso en el pr\u00f3ximo per\u00edodo, debemos colocarnos la tarea de construir desde las f\u00e1bricas, los liceos, las oficinas, las facultades y los barrios una direcci\u00f3n no que piense en los cargos y las elecciones, sino en pelear hasta las \u00faltimas consecuencias para echar ahora a este gobierno y tirar abajo sus reformas antiobreras.<\/p>\n","protected":false},"excerpt":{"rendered":"<p>Mientras el capitalismo mundial va mostrando cada vez m\u00e1s s\u00edntomas de su profunda crisis con el rescate del Silicon Valley Bank y sus consecuencias; las masas en Francia se levantan contra Macron con el detonante de la reforma de las jubilaciones en una lucha que es de impacto mundial. En este marco es que en [&hellip;]<\/p>\n","protected":false},"author":5,"featured_media":73902,"menu_order":0,"comment_status":"open","ping_status":"open","sticky":false,"template":"","format":"standard","meta":{"jetpack_post_was_ever_published":false,"_jetpack_newsletter_access":"","_jetpack_dont_email_post_to_subs":false,"_jetpack_newsletter_tier_id":0,"_jetpack_memberships_contains_paywalled_content":false,"litci_post_political_author":"","_jetpack_memberships_contains_paid_content":false,"footnotes":""},"categories":[2690,2773],"tags":[3411],"class_list":["post-73901","post","type-post","status-publish","format-standard","has-post-thumbnail","hentry","category-uruguay","category-ist-uruguay","tag-uruguay-2"],"jetpack_featured_media_url":"https:\/\/i0.wp.com\/litci.org\/es\/wp-content\/uploads\/2023\/04\/lista-71.jpg?fit=900%2C598&ssl=1","fimg_url":"https:\/\/i0.wp.com\/litci.org\/es\/wp-content\/uploads\/2023\/04\/lista-71.jpg?fit=900%2C598&ssl=1","categories_names":["IST - Uruguay","Uruguay"],"author_info":{"name":"Kely","pic":"https:\/\/secure.gravatar.com\/avatar\/19003bf6219614b90207b39bd4a2733ce9cf96693efdfd639b15a829beed53d1?s=96&d=mm&r=g"},"political_author":null,"tagline":"","jetpack_sharing_enabled":true,"_links":{"self":[{"href":"https:\/\/litci.org\/es\/wp-json\/wp\/v2\/posts\/73901","targetHints":{"allow":["GET"]}}],"collection":[{"href":"https:\/\/litci.org\/es\/wp-json\/wp\/v2\/posts"}],"about":[{"href":"https:\/\/litci.org\/es\/wp-json\/wp\/v2\/types\/post"}],"author":[{"embeddable":true,"href":"https:\/\/litci.org\/es\/wp-json\/wp\/v2\/users\/5"}],"replies":[{"embeddable":true,"href":"https:\/\/litci.org\/es\/wp-json\/wp\/v2\/comments?post=73901"}],"version-history":[{"count":2,"href":"https:\/\/litci.org\/es\/wp-json\/wp\/v2\/posts\/73901\/revisions"}],"predecessor-version":[{"id":77983,"href":"https:\/\/litci.org\/es\/wp-json\/wp\/v2\/posts\/73901\/revisions\/77983"}],"wp:featuredmedia":[{"embeddable":true,"href":"https:\/\/litci.org\/es\/wp-json\/wp\/v2\/media\/73902"}],"wp:attachment":[{"href":"https:\/\/litci.org\/es\/wp-json\/wp\/v2\/media?parent=73901"}],"wp:term":[{"taxonomy":"category","embeddable":true,"href":"https:\/\/litci.org\/es\/wp-json\/wp\/v2\/categories?post=73901"},{"taxonomy":"post_tag","embeddable":true,"href":"https:\/\/litci.org\/es\/wp-json\/wp\/v2\/tags?post=73901"}],"curies":[{"name":"wp","href":"https:\/\/api.w.org\/{rel}","templated":true}]}}