{"id":73840,"date":"2023-04-09T10:41:33","date_gmt":"2023-04-09T10:41:33","guid":{"rendered":"https:\/\/litci.org\/es\/?p=73840"},"modified":"2024-11-03T13:27:12","modified_gmt":"2024-11-03T13:27:12","slug":"la-extrema-derecha-y-la-teoria-de-la-conspiracion-la-teoria-del-gran-reemplazo","status":"publish","type":"post","link":"https:\/\/litci.org\/es\/la-extrema-derecha-y-la-teoria-de-la-conspiracion-la-teoria-del-gran-reemplazo\/","title":{"rendered":"La extrema derecha y la teor\u00eda de la conspiraci\u00f3n: la Teor\u00eda del Gran Reemplazo"},"content":{"rendered":"\n<p>Por:&nbsp;Shirley Raposo<\/p>\n\n\n\n<p>La \u201cTeor\u00eda del Gran Reemplazo o Genocidio Blanco\u201d es una teor\u00eda que afirma que existe una conspiraci\u00f3n para reemplazar a la poblaci\u00f3n blanca de Europa y de otros pa\u00edses occidentales a trav\u00e9s de la inmigraci\u00f3n masiva de personas no blancas.&nbsp;De acuerdo con esta teor\u00eda, la elite \u201cglobalista\u201d estar\u00eda por atr\u00e1s de esta conspiraci\u00f3n, apuntando a la destrucci\u00f3n de las culturas occidentales y la dominaci\u00f3n global.<\/p>\n\n\n\n<p>Es importante se\u00f1alar que las nociones de sustituci\u00f3n poblacional y los temores de p\u00e9rdida de identidad nacional existen hace mucho en la historia.&nbsp;Por ejemplo, el padre del nacionalismo franc\u00e9s, Maurice Barr\u00e8s, escribi\u00f3 sobre la supuesta amenaza de una nueva poblaci\u00f3n que destruir\u00eda la identidad nacional francesa ya en los inicios del siglo XX.<\/p>\n\n\n\n<p>El escritor franc\u00e9s Renaud Camus populariz\u00f3 el t\u00e9rmino \u00abgran reemplazo\u00bb en su libro <em>Le Grand Replacement<\/em> en 2011. Camus argumenta que la inmigraci\u00f3n en masa est\u00e1 llevando a la sustituci\u00f3n gradual de la poblaci\u00f3n blanca y cristiana de Europa por una poblaci\u00f3n musulmana no blanca.<\/p>\n\n\n\n<p>Esta teor\u00eda racista y xen\u00f3foba [tambi\u00e9n llamada Teor\u00eda de la Sustituci\u00f3n, <em>ndt.<\/em>] gana eco justamente en un momento de empeoramiento de las condiciones de vida de la clase trabajadora mundial y de una intensa crisis migratoria, donde los refugiados son vistos como una amenaza y utilizados como chivos expiatorios.&nbsp;El objetivo es infundir miedo y desconfianza hacia los refugiados e inmigrantes.<\/p>\n\n\n\n<h4 class=\"wp-block-heading\"><strong>La consecuencia es la radicalizaci\u00f3n y la violencia<\/strong><\/h4>\n\n\n\n<p>Desde la creaci\u00f3n de esta teor\u00eda, ella ha sido promovida por grupos de extrema derecha en toda Europa, Estados Unidos y otras partes del mundo.&nbsp;La teor\u00eda se ha asociado con actos de violencia, como el tiroteo en una mezquita en Christchurch, Nueva Zelanda, en marzo de 2019, donde murieron 51 personas.<\/p>\n\n\n\n<p>En el caso del tirador de Buffalo, un hombre blanco de 18 a\u00f1os, mat\u00f3 a tiros a 10 personas en un supermercado de la ciudad de Buffalo, Nueva York, el a\u00f1o pasado.&nbsp;Le dispar\u00f3 a 13 personas, 11 de las cuales eran negras.&nbsp;\u201c<em>Este individuo vino aqu\u00ed con el prop\u00f3sito expreso de quitar la mayor cantidad posible de vidas negras<\/em>\u201d, dijo el alcalde de Buffalo, Byron Brown.<\/p>\n\n\n\n<p>Seg\u00fan las autoridades que investigaron el caso, \u00e9l investig\u00f3 la demograf\u00eda de las ciudades de la regi\u00f3n y eligi\u00f3 la que ten\u00eda la mayor cantidad de negros.&nbsp;Viv\u00eda en Conklin, tambi\u00e9n en Nueva York, a 330 km de Buffalo.&nbsp;Era un adepto de esta teor\u00eda, como consta en su manifiesto.<\/p>\n\n\n\n<h4 class=\"wp-block-heading\"><strong>Bolsonaro y Trump fomentan el odio racista y contra inmigrantes<\/strong><\/h4>\n\n\n\n<p>Durante su mandato como presidente de los Estados Unidos, Donald Trump hizo comentarios que eran eco de algunas de las ideas centrales de la \u201cTeor\u00eda del Gran Reemplazo\u201d.&nbsp;En particular, Trump enfatiz\u00f3 la necesidad de reforzar las pol\u00edticas de inmigraci\u00f3n y las fronteras de EE. UU., argumentando que la inmigraci\u00f3n descontrolada amenazaba la identidad y la seguridad de los estadounidenses blancos.<\/p>\n\n\n\n<p>Si bien Trump nunca us\u00f3 expl\u00edcitamente el t\u00e9rmino \u00abgran reemplazo\u00bb, algunos de sus comentarios y pol\u00edticas est\u00e1n en l\u00ednea con esta teor\u00eda conspirativa.&nbsp;Trump us\u00f3 el tema de la inmigraci\u00f3n como una t\u00e1ctica pol\u00edtica para inflamar sentimientos nacionalistas y obtener el apoyo de los votantes blancos conservadores.<\/p>\n\n\n\n<p>En su campa\u00f1a electoral de 2016, Trump afirm\u00f3 que \u201c<em>[M\u00e9xico] est\u00e1 enviando personas con muchos problemas, y ellos nos est\u00e1n trayendo estos problemas.&nbsp;Est\u00e1n trayendo drogas, crimen y violadores<\/em>\u201d.&nbsp;Incitando el odio y vendiendo la \u201csoluci\u00f3n\u201d de un muro para separar Estados Unidos y M\u00e9xico.<\/p>\n\n\n\n<p>En una entrevista para el diario <em>Op\u00e7\u00e3o de Goi\u00e1s<\/em> el 18 de setiembre de 2015, Bolsonaro hizo un discurso xen\u00f3fobo al comentar sobre el presupuesto para las Fuerzas Armadas y una posible reducci\u00f3n de su personal:<\/p>\n\n\n\n<p>\u201c<em>No s\u00e9 cu\u00e1l es la adhesi\u00f3n de los comandantes, pero si vienen a reducir el efectivo (de las Fuerzas Armadas), es menos gente en las calles para enfrentar a los marginales del MST, que ahora est\u00e1n siendo engordados por senegaleses, haitianos, iran\u00edes, bolivianos y toda la escoria del mundo, cierto, y ahora tambi\u00e9n est\u00e1n llegando aqu\u00ed los sirios.&nbsp;La escoria del mundo est\u00e1 llegando aqu\u00ed a nuestro Brasil como si no tuvi\u00e9ramos ya demasiados problemas para resolver.&nbsp;Este es el gran problema que podemos tener<\/em>\u201d.<\/p>\n\n\n\n<p>Estas ideas tienen como objetivo movilizar el apoyo en sus bases para legitimar las pol\u00edticas que criminalizan a los inmigrantes, les niegan el acceso a los derechos y recursos b\u00e1sicos y los ponen en situaciones de vulnerabilidad y explotaci\u00f3n.<\/p>\n\n\n\n<p><strong>Crisis migratoria<\/strong><strong><\/strong><\/p>\n\n\n\n<p>M\u00e1s de 3.000 migrantes murieron en 2021 intentando llegar a Europa por mar.&nbsp;Familias enteras abandonaron sus hogares y comunidades para enfrentar riesgosos cruces terrestres o mar\u00edtimos, con la esperanza de encontrar seguridad, empleo y comida.<\/p>\n\n\n\n<p>La pobreza extrema generada por las pol\u00edticas de espoliaci\u00f3n aplicadas por los gobiernos aliados de China y de los pa\u00edses imperialistas en el \u00c1frica Subsahariana lleva a miles de personas a tener que recurrir a las mafias para intentar llegar a Europa.&nbsp;Estas personas son forzadas a huir de sus pa\u00edses en busca de una vida mejor debido a las circunstancias en que se encuentran.<\/p>\n\n\n\n<p>Desafortunadamente, muchos de estos migrantes son explotados por mafias que convierten el horror de la guerra y de la pobreza en un negocio altamente rentable.&nbsp;Estas im\u00e1genes de miedo e incertidumbre inundan las redes sociales, llamando la atenci\u00f3n de los medios sobre una de las peores crisis humanitarias desde la Segunda Guerra Mundial, junto con la pandemia de Covid.<\/p>\n\n\n\n<p>La globalizaci\u00f3n de la econom\u00eda, la crisis econ\u00f3mica, la crisis ecol\u00f3gica y la polarizaci\u00f3n de la lucha de clases est\u00e1n provocando nuevas olas migratorias e importantes crisis pol\u00edticas.&nbsp;La huida de civiles de las guerras, de la pobreza extrema y de los desastres clim\u00e1ticos y naturales en los continentes africano y asi\u00e1tico son las principales causas de estas oleadas migratorias.<\/p>\n\n\n\n<p>La verdadera ra\u00edz de los problemas socioecon\u00f3micos y migratorios que enfrenta el mundo de hoy reside en el sistema capitalista global, que perpet\u00faa la desigualdad y la explotaci\u00f3n.&nbsp;La b\u00fasqueda implacable por ganancias y por crecimiento econ\u00f3mico ha llevado a una distribuci\u00f3n desigual de recursos y oportunidades, creando una disparidad entre los pa\u00edses desarrollados y los considerados en desarrollo.<\/p>\n\n\n\n<h4 class=\"wp-block-heading\"><strong>La crisis migratoria es inevitable en el capitalismo imperialista<\/strong><\/h4>\n\n\n\n<p>El capitalismo se extendi\u00f3 por todo el mundo a trav\u00e9s de guerras y colonizaci\u00f3n, creando un mercado mundial que pone en contacto a trabajadores de todo el mundo.&nbsp;Esto es diferente de las formas anteriores de organizaci\u00f3n social, en las que los pueblos estaban separados y no pod\u00edan comunicarse entre s\u00ed.&nbsp;El desarrollo desigual en cada pa\u00eds provoca una mayor o menor tasa de empleo y remuneraci\u00f3n, lo que es percibido por los trabajadores que ahora est\u00e1n en contacto.<\/p>\n\n\n\n<p>Por un lado, est\u00e1n los pa\u00edses imperialistas, donde se concentra la mayor parte del capital mundial, ofreciendo las mejores condiciones de supervivencia a su clase trabajadora.&nbsp;Por otro lado, est\u00e1n los pa\u00edses que sostienen la riqueza de los m\u00e1s ricos, que ofrecen peores condiciones para su clase trabajadora.&nbsp;Los primeros terminan atrayendo a trabajadores de todo el mundo, perdiendo pocas personas para otros pa\u00edses,&nbsp;mientras los segundos pierden m\u00e1s personas de las que reciben.&nbsp;Cuando un pa\u00eds sufre alguna calamidad, ya sea natural, econ\u00f3mica, sanitaria o militar, la gente tiende a huir en masa.<\/p>\n\n\n\n<p>Tambi\u00e9n est\u00e1n los llamados pa\u00edses emergentes que, aunque subordinados al imperialismo, tienen mejores condiciones que sus vecinos.&nbsp;Estos pa\u00edses atraen pueblos en menor escala en comparaci\u00f3n con los imperialistas y pierden en menor escala en relaci\u00f3n con sus vecinos.&nbsp;Este es el caso del Brasil, que ve migrar a parte de su poblaci\u00f3n hacia EE.UU. y Europa, pero que recibe venezolanos, angole\u00f1os, haitianos, bolivianos, sirios, y pueblos de otras nacionalidades.<\/p>\n\n\n\n<p>Los pa\u00edses que reciben de inmigrantes y refugiados lidian con ellos de diferentes formas, cada uno con su propia legislaci\u00f3n, con mayores o menores restricciones.&nbsp;En general, someten a estos trabajadores a duras condiciones de trabajo, peores que las de los trabajadores locales.&nbsp;Estas discriminaciones legales obligan a los inmigrantes a vivir en guetos, ocupando los trabajos m\u00e1s precarios, aumentando la lucratividad del capital de cada empresa que los contrata.<\/p>\n\n\n\n<p><strong>Solidaridad internacional y combate al racismo<\/strong><\/p>\n\n\n\n<p>Como si los problemas que enfrentan las personas que buscan refugio no fueran suficientes, los capitalistas se aprovechan de estas personas ofreci\u00e9ndoles una remuneraci\u00f3n muy por debajo de la practicada para los trabajadores locales, presionando a la baja los salarios generales de todo el pa\u00eds.<\/p>\n\n\n\n<p>Los trabajadores locales se incomodan al ver que sus ingresos se reducen como un efecto colateral de la sobreexplotaci\u00f3n de los refugiados.&nbsp;Los grupos de extrema derecha utilizan ideolog\u00edas xen\u00f3fobas y racistas, como la del Gran Reemplazo, para canalizar esta indignaci\u00f3n contra los trabajadores vulnerables que migran para sus pa\u00edses.<\/p>\n\n\n\n<p>La \u201cTeor\u00eda del Gran Reemplazo\u201d est\u00e1 destinada a los blancos nacidos en los pa\u00edses que reciben inmigrantes y refugiados para que sirvan a los intereses de los grandes empresarios.&nbsp;Es con el apoyo de este sector de nuestra clase que ellos aprueban leyes que aumentan nuestra explotaci\u00f3n y bajan a\u00fan m\u00e1s nuestros salarios y derechos, especialmente para los oprimidos.&nbsp;Es con la violencia cada vez m\u00e1s extrema practicada por los blancos que la clase trabajadora, que es diversa y plural, queda a\u00fan m\u00e1s dividida.<\/p>\n\n\n\n<p>Los trabajadores inmigrantes, refugiados y racializados ya resisten contra esas violencias, tanto las de la burgues\u00eda como las del Estado y de los blancos que se adhieren a estas ideolog\u00edas.&nbsp;Es vital que los movimientos clasistas se unan a esta resistencia y combatan estas ideolog\u00edas, inclusive a sus miembros blancos.&nbsp;Sobre todo, porque ellas penetran en estas organizaciones, que pasan a reproducir tanto la ideolog\u00eda como la violencia.<\/p>\n\n\n\n<p>Sin embargo, para que no haya m\u00e1s separaci\u00f3n entre razas y naciones, y para que no haya explotados y oprimidos, es necesario acabar con el sistema capitalista en cada pa\u00eds y en el mundo como un todo.&nbsp;S\u00f3lo una sociedad socialista podr\u00eda, en efecto, eliminar estas contradicciones y unificar a los explotados en la construcci\u00f3n de un mundo acogedor para todas las nacionalidades.<\/p>\n\n\n\n<h4 class=\"wp-block-heading\"><strong>Referencias<\/strong><\/h4>\n\n\n\n<p><a href=\"https:\/\/www.brasildefato.com.br\/2022\/05\/25\/alimentada-por-republicanos-e-fox-news-tese-conspiratoria-racista-fomenta-violencia-nos-eua\" target=\"_blank\" rel=\"noopener\">https:\/\/www.brasildefato.com.br\/2022\/05\/25\/alimentada-por-republicanos-e-fox-news-tese-conspiratoria-racista-fomenta-violencia-nos-eua<\/a><\/p>\n\n\n\n<p><a href=\"https:\/\/news.un.org\/pt\/story\/2022\/04\/1787722\" target=\"_blank\" rel=\"noopener\">https:\/\/news.un.org\/pt\/story\/2022\/04\/1787722<\/a><\/p>\n\n\n\n<p><a href=\"https:\/\/litci.org\/pt\/2018\/08\/27\/abajo-la-xenofobia-en-defesa-dos-refugiados-vive-la-unidad-de-los-trabajadores\/\">https:\/\/litci.org\/pt\/2018\/08\/27\/abajo-la-xenofobia-en-defesa-dos-refugiados-vive-la-unidad-de-los-trabajadores\/<\/a><\/p>\n\n\n\n<p><a href=\"https:\/\/g1.globo.com\/mundo\/noticia\/trump-chama-de-buracos-de-merda-haiti-e-outros-paises-da-america-central-e-africa.ghtml\" target=\"_blank\" rel=\"noopener\">https:\/\/g1.globo.com\/mundo\/noticia\/trump-chama-de-buracos-de-merda-haiti-e-outros-paises-da-america-central-e-africa.ghtml<\/a><\/p>\n\n\n\n<p><a href=\"https:\/\/gq.globo.com\/Prazeres\/Poder\/noticia\/2018\/01\/antes-de-trump-bolsonaro-ja-se-referencia-imigrantes-como-escoria-do-mundo.html\" target=\"_blank\" rel=\"noopener\">https:\/\/gq.globo.com\/Prazeres\/Poder\/noticia\/2018\/01\/antes-de-trump-bolsonaro-ja-se-referencia-imigrantes-como-escoria-do-mundo.html<\/a><\/p>\n\n\n\n<p><a href=\"https:\/\/g1.globo.com\/mundo\/blog\/sandra-cohen\/post\/2022\/05\/16\/teoria-racista-da-grande-substituicao-motivou-autor-do-massacre-em-buffalo.ghtml\" target=\"_blank\" rel=\"noopener\">https:\/\/g1.globo.com\/mundo\/blog\/sandra-cohen\/post\/2022\/05\/16\/teoria-racista-da-grande-substituicao-motivou-autor-do-massacre-em-buffalo.ghtml<\/a><\/p>\n\n\n\n<p><a href=\"https:\/\/www.gazetadopovo.com.br\/mundo\/mexico-leva-drogas-crime-e-estupro-aos-eua-diz-pre-candidato-donald-trump-5mf12hs2fb5fw06hxl6q2jmok\/\" target=\"_blank\" rel=\"noopener\">https:\/\/www.gazetadopovo.com.br\/mundo\/mexico-leva-drogas-crime-e-estupro-aos-eua-diz-pre-candidato-donald-trump-5mf12hs2fb5fw06hxl6q2jmok\/<\/a><\/p>\n\n\n\n<p><a href=\"https:\/\/teoriaerevolucao.pstu.org.br\/o-fenomeno-migratorio-ea-logica-do-capital-algumas-reflexoes-iniciais\/\" target=\"_blank\" rel=\"noopener\">https:\/\/teoriaerevolucao.pstu.org.br\/o-fenomeno-migratorio-ea-logica-do-capital-algumas-reflexoes-iniciais\/<\/a><\/p>\n\n\n\n<p>Art\u00edculo publicado en <a href=\"http:\/\/www.pstu.org.br\" target=\"_blank\" rel=\"noopener\">www.pstu.org.br<\/a>, 4\/4\/2023.-<\/p>\n\n\n\n<p>Traducci\u00f3n: Natalia Estrada.<\/p>\n","protected":false},"excerpt":{"rendered":"<p>Por:&nbsp;Shirley Raposo La \u201cTeor\u00eda del Gran Reemplazo o Genocidio Blanco\u201d es una teor\u00eda que afirma que existe una conspiraci\u00f3n para reemplazar a la poblaci\u00f3n blanca de Europa y de otros pa\u00edses occidentales a trav\u00e9s de la inmigraci\u00f3n masiva de personas no blancas.&nbsp;De acuerdo con esta teor\u00eda, la elite \u201cglobalista\u201d estar\u00eda por atr\u00e1s de esta conspiraci\u00f3n, [&hellip;]<\/p>\n","protected":false},"author":5,"featured_media":73841,"menu_order":0,"comment_status":"open","ping_status":"open","sticky":false,"template":"","format":"standard","meta":{"jetpack_post_was_ever_published":false,"_jetpack_newsletter_access":"","_jetpack_dont_email_post_to_subs":false,"_jetpack_newsletter_tier_id":0,"_jetpack_memberships_contains_paywalled_content":false,"litci_post_political_author":"","_jetpack_memberships_contains_paid_content":false,"footnotes":""},"categories":[12299,2676,12298],"tags":[],"class_list":["post-73840","post","type-post","status-publish","format-standard","has-post-thumbnail","hentry","category-inmigrantes","category-brasil","category-negros"],"jetpack_featured_media_url":"https:\/\/i0.wp.com\/litci.org\/es\/wp-content\/uploads\/2023\/04\/ep2-grand-remplacement-img-header.jpeg?fit=1920%2C1280&ssl=1","fimg_url":"https:\/\/i0.wp.com\/litci.org\/es\/wp-content\/uploads\/2023\/04\/ep2-grand-remplacement-img-header.jpeg?fit=1920%2C1280&ssl=1","categories_names":["Brasil","Inmigrantes","Negros"],"author_info":{"name":"Kely","pic":"https:\/\/secure.gravatar.com\/avatar\/19003bf6219614b90207b39bd4a2733ce9cf96693efdfd639b15a829beed53d1?s=96&d=mm&r=g"},"political_author":null,"tagline":"","jetpack_sharing_enabled":true,"_links":{"self":[{"href":"https:\/\/litci.org\/es\/wp-json\/wp\/v2\/posts\/73840","targetHints":{"allow":["GET"]}}],"collection":[{"href":"https:\/\/litci.org\/es\/wp-json\/wp\/v2\/posts"}],"about":[{"href":"https:\/\/litci.org\/es\/wp-json\/wp\/v2\/types\/post"}],"author":[{"embeddable":true,"href":"https:\/\/litci.org\/es\/wp-json\/wp\/v2\/users\/5"}],"replies":[{"embeddable":true,"href":"https:\/\/litci.org\/es\/wp-json\/wp\/v2\/comments?post=73840"}],"version-history":[{"count":1,"href":"https:\/\/litci.org\/es\/wp-json\/wp\/v2\/posts\/73840\/revisions"}],"predecessor-version":[{"id":73842,"href":"https:\/\/litci.org\/es\/wp-json\/wp\/v2\/posts\/73840\/revisions\/73842"}],"wp:featuredmedia":[{"embeddable":true,"href":"https:\/\/litci.org\/es\/wp-json\/wp\/v2\/media\/73841"}],"wp:attachment":[{"href":"https:\/\/litci.org\/es\/wp-json\/wp\/v2\/media?parent=73840"}],"wp:term":[{"taxonomy":"category","embeddable":true,"href":"https:\/\/litci.org\/es\/wp-json\/wp\/v2\/categories?post=73840"},{"taxonomy":"post_tag","embeddable":true,"href":"https:\/\/litci.org\/es\/wp-json\/wp\/v2\/tags?post=73840"}],"curies":[{"name":"wp","href":"https:\/\/api.w.org\/{rel}","templated":true}]}}