{"id":73817,"date":"2023-04-06T17:52:01","date_gmt":"2023-04-06T17:52:01","guid":{"rendered":"https:\/\/litci.org\/es\/?p=73817"},"modified":"2024-11-03T13:27:12","modified_gmt":"2024-11-03T13:27:12","slug":"50-anos-de-la-eleccion-de-hector-campora-que-significo-el-gobierno-de-campora","status":"publish","type":"post","link":"https:\/\/litci.org\/es\/50-anos-de-la-eleccion-de-hector-campora-que-significo-el-gobierno-de-campora\/","title":{"rendered":"50 a\u00f1os de la elecci\u00f3n de H\u00e9ctor C\u00e1mpora \u00bfQu\u00e9 signific\u00f3 el gobierno de C\u00e1mpora?"},"content":{"rendered":"\n<p><em>Un 11 de marzo de 1973, la f\u00f3rmula C\u00e1mpora-Solano Lima se impon\u00eda con m\u00e1s del 49% de los votos sobre la candidatura radical de Arturo Mor Roig; respaldada por el gobierno: un resultado electoral apabullante, producto de la ilusi\u00f3n del pueblo trabajador en que la primera elecci\u00f3n libre en 18 a\u00f1os, y el voto a un peronismo opositor a la dictadura de Lanusse; ser\u00edan el primer paso para solucionar los males causados por dos d\u00e9cadas de gobiernos proyanquis y vaciadores. Sin embargo, C\u00e1mpora demostr\u00f3 en apenas 49 d\u00edas; que su funci\u00f3n era seguir la misma pol\u00edtica que Lanusse, pero por otros caminos.<\/em><\/p>\n\n\n\n<p><strong>Por PSTU &#8211; Argentina<\/strong><\/p>\n\n\n\n<p>M\u00e1s all\u00e1 de ser considerado poco m\u00e1s que un t\u00edtere de Per\u00f3n, la propia f\u00f3rmula electoral de C\u00e1mpora evidenciaba cu\u00e1l iba a ser la pol\u00edtica que se ven\u00eda: su vice, Vicente Solano Lima, era un viejo dirigente del Partido Conservador; un enemigo hist\u00f3rico del peronismo que se hab\u00eda convencido de que la represi\u00f3n y lo golpes de estado de las dos d\u00e9cadas anteriores no hab\u00edan servido para domesticar a los trabajadores y el pueblo, y que por lo tanto hab\u00eda que probar otra cosa.<\/p>\n\n\n\n<p>Pese a esto, la candidatura de C\u00e1mpora contaba con el apoyo de casi la totalidad de las organizaciones obreras y populares: la \u00fanica propuesta seria de rechazo al proyecto de C\u00e1mpora-Per\u00f3n vino de parte del PST (partido antecesor del PSTU) que planteaba una propuesta obrera y popular independiente de la patronal y el imperialismo.<\/p>\n\n\n\n<p><strong>Pactos contra el pueblo trabajador<\/strong><\/p>\n\n\n\n<p>Los 49 d\u00edas de C\u00e1mpora en el gobierno le dieron tiempo para desarrollar una serie de pactos, siendo los m\u00e1s importantes el \u201cpacto social\u201d (que impuso un congelamiento de paritarias por dos a\u00f1os) y los acuerdos para liberar a los presos pol\u00edticos a cambio de mantener el aparato represivo y el poder militar intactos.&nbsp;<\/p>\n\n\n\n<p>Estos acuerdos sentaron las bases para los ataques al nivel de vida de la clase trabajadora, que marcaron los primeros pasos del \u201cneoliberalismo\u201d en el pa\u00eds; ataques patronales que fueron respondidos con fuerza por los obreros m\u00e1s luchadores, quienes desbordaron a la CGT y su pol\u00edtica de no hacer nada, haciendo naufragar al gobierno. Por otro lado, la impunidad pactada con la dictadura militar de Lanusse, fomentar\u00eda m\u00e1s adelante el accionar fascista de la Triple A, y posteriormente el golpe genocida de 1976.<\/p>\n\n\n\n<p>Pero si C\u00e1mpora pudo hacer eso, fue porque toda la c\u00fapula del PJ, incluido el propio Per\u00f3n; estaban decididos a usar las ilusiones de las masas en la democracia en su propia contra, contando con el apoyo de las organizaciones que se dec\u00edan revolucionarias como garant\u00eda.&nbsp;<\/p>\n\n\n\n<p>Tras enfrentarlos durante su primer per\u00edodo como presidente, Per\u00f3n hab\u00eda entendido que los due\u00f1os del mundo eran los yanquis; y que no hab\u00eda manera de permanecer en el capitalismo que no fuera aceptar las condiciones dictadas por EE.UU. Pero tambi\u00e9n entend\u00eda que no pod\u00eda imponer directamente estas condiciones a un movimiento de masas en pie de lucha, sino que deb\u00eda usar a sus dirigentes para desviar esas peleas hacia toda clase acuerdos, y reprimir a quienes no se sometieran a esto.<\/p>\n\n\n\n<p><strong>Legado de una trampa<\/strong><\/p>\n\n\n\n<p>Un gobierno tildado de \u201ct\u00edtere\u201d, acuerdos con dirigentes salidos del conservadurismo, dirigentes que no hacen nada ante los ataques al nivel de vida\u2026 Muchos de los elementos parecen repetirse 50 a\u00f1os despu\u00e9s. El hecho de que lo m\u00e1s duro del kirchnerismo sea la Agrupaci\u00f3n \u201cLa C\u00e1mpora\u201d, y que el eje del kirchnerismo sea transar con los dirigentes sindicales y sociales y usar las ilusiones democr\u00e1ticas para evitar las luchas; no es ninguna casualidad.<\/p>\n\n\n\n<p>Al contrario, como heredero del \u201cala izquierda\u201d del peronismo de los \u201970 (base del gobierno camporista); el kirchnerismo vuelve a demostrar que no se puede esperar nada de ninguna propuesta pol\u00edtica patronal, menos en las que buscan meter las \u00f3rdenes dictadas por el FMI y el imperialismo a trav\u00e9s de pactos y acuerdos.<\/p>\n\n\n\n<p>Lo \u00fanico que sirve es tomar el camino del PST: desarrollar y organizar las peleas obreras y populares; y unir a los mejores luchadores bajo un propuesta socialista y revolucionaria, sin patrones ni dirigentes de oficina; para ponerle fin a esta historia c\u00edclica de saqueo, explotaci\u00f3n y opresi\u00f3n<\/p>\n","protected":false},"excerpt":{"rendered":"<p>Un 11 de marzo de 1973, la f\u00f3rmula C\u00e1mpora-Solano Lima se impon\u00eda con m\u00e1s del 49% de los votos sobre la candidatura radical de Arturo Mor Roig; respaldada por el gobierno: un resultado electoral apabullante, producto de la ilusi\u00f3n del pueblo trabajador en que la primera elecci\u00f3n libre en 18 a\u00f1os, y el voto a [&hellip;]<\/p>\n","protected":false},"author":5,"featured_media":73818,"menu_order":0,"comment_status":"open","ping_status":"open","sticky":false,"template":"","format":"standard","meta":{"jetpack_post_was_ever_published":false,"_jetpack_newsletter_access":"","_jetpack_dont_email_post_to_subs":false,"_jetpack_newsletter_tier_id":0,"_jetpack_memberships_contains_paywalled_content":false,"litci_post_political_author":"","_jetpack_memberships_contains_paid_content":false,"footnotes":""},"categories":[2652,12300,6482,2654],"tags":[2838,18255],"class_list":["post-73817","post","type-post","status-publish","format-standard","has-post-thumbnail","hentry","category-argentina","category-electoral","category-historia","category-pstu-argentina","tag-argentina-2","tag-hector-campora"],"jetpack_featured_media_url":"https:\/\/i0.wp.com\/litci.org\/es\/wp-content\/uploads\/2023\/04\/487012_20220326001854.jpg?fit=970%2C545&ssl=1","fimg_url":"https:\/\/i0.wp.com\/litci.org\/es\/wp-content\/uploads\/2023\/04\/487012_20220326001854.jpg?fit=970%2C545&ssl=1","categories_names":["Argentina","Electoral","Historia","PSTU - Argentina"],"author_info":{"name":"Kely","pic":"https:\/\/secure.gravatar.com\/avatar\/19003bf6219614b90207b39bd4a2733ce9cf96693efdfd639b15a829beed53d1?s=96&d=mm&r=g"},"political_author":null,"tagline":"","jetpack_sharing_enabled":true,"_links":{"self":[{"href":"https:\/\/litci.org\/es\/wp-json\/wp\/v2\/posts\/73817","targetHints":{"allow":["GET"]}}],"collection":[{"href":"https:\/\/litci.org\/es\/wp-json\/wp\/v2\/posts"}],"about":[{"href":"https:\/\/litci.org\/es\/wp-json\/wp\/v2\/types\/post"}],"author":[{"embeddable":true,"href":"https:\/\/litci.org\/es\/wp-json\/wp\/v2\/users\/5"}],"replies":[{"embeddable":true,"href":"https:\/\/litci.org\/es\/wp-json\/wp\/v2\/comments?post=73817"}],"version-history":[{"count":1,"href":"https:\/\/litci.org\/es\/wp-json\/wp\/v2\/posts\/73817\/revisions"}],"predecessor-version":[{"id":73819,"href":"https:\/\/litci.org\/es\/wp-json\/wp\/v2\/posts\/73817\/revisions\/73819"}],"wp:featuredmedia":[{"embeddable":true,"href":"https:\/\/litci.org\/es\/wp-json\/wp\/v2\/media\/73818"}],"wp:attachment":[{"href":"https:\/\/litci.org\/es\/wp-json\/wp\/v2\/media?parent=73817"}],"wp:term":[{"taxonomy":"category","embeddable":true,"href":"https:\/\/litci.org\/es\/wp-json\/wp\/v2\/categories?post=73817"},{"taxonomy":"post_tag","embeddable":true,"href":"https:\/\/litci.org\/es\/wp-json\/wp\/v2\/tags?post=73817"}],"curies":[{"name":"wp","href":"https:\/\/api.w.org\/{rel}","templated":true}]}}