{"id":73688,"date":"2023-03-19T14:45:01","date_gmt":"2023-03-19T14:45:01","guid":{"rendered":"https:\/\/litci.org\/es\/?p=73688"},"modified":"2024-11-03T13:27:13","modified_gmt":"2024-11-03T13:27:13","slug":"nicaragua-lula-guarda-silencio-sobre-los-crimenes-de-daniel-ortega-contra-la-humanidad","status":"publish","type":"post","link":"https:\/\/litci.org\/es\/nicaragua-lula-guarda-silencio-sobre-los-crimenes-de-daniel-ortega-contra-la-humanidad\/","title":{"rendered":"Nicaragua: Lula guarda silencio sobre los cr\u00edmenes de Daniel Ortega contra la humanidad"},"content":{"rendered":"\n<p>El 2 de marzo pasado, el grupo de especialistas designado por el Consejo de Derechos Humanos de la Organizaci\u00f3n de las Naciones Unidas (ONU) para investigar las violaciones en Nicaragua denunci\u00f3 el r\u00e9gimen de Daniel Ortega y de su esposa Rosario Murillo por cr\u00edmenes contra la humanidad.<\/p>\n\n\n\n<p><strong>Por: Fabio Bosco<\/strong><\/p>\n\n\n\n<p>Desde las protestas pac\u00edficas contra la reforma de pensiones en abril de 2018, m\u00e1s de 350 manifestantes han sido asesinados por la polic\u00eda y las fuerzas paramilitares.&nbsp;Adem\u00e1s, a 317 disidentes pol\u00edticos se les revoc\u00f3 la nacionalidad, incluidos 222 presos pol\u00edticos que fueron expulsados \u200b\u200bdel pa\u00eds el 7 de febrero.&nbsp;El informe tambi\u00e9n denuncia prisiones arbitrarias y torturas.&nbsp;Entre los disidentes expulsados \u200b\u200bse encuentra la legendaria comandante sandinista Dora Mar\u00eda T\u00e9llez, inmortalizada en la cr\u00f3nica de Gabriel Garc\u00eda M\u00e1rquez \u2013 \u201cAssalto ao Pal\u00e1cio\u201d \u2013 escrita en 1978.<\/p>\n\n\n\n<p>Al d\u00eda siguiente, 54 pa\u00edses miembros del Consejo de Derechos Humanos de la ONU endosaron las denuncias, pero el Brasil se mantuvo del lado de la dictadura nicarag\u00fcense y se limit\u00f3 a anunciar que podr\u00eda recibir a los disidentes nicarag\u00fcenses a los que se les hab\u00eda quitado la nacionalidad.<\/p>\n\n\n\n<p><strong>Una larga historia de represi\u00f3n<\/strong><\/p>\n\n\n\n<p>La represi\u00f3n contra los disidentes es parte de la tradici\u00f3n sandinista.&nbsp;Luego de tomar el poder el 19 de julio de 1979, el Frente Sandinista de Liberaci\u00f3n Nacional trat\u00f3 de establecer juntas de reconstrucci\u00f3n nacional con sectores burgueses, desarmar a la poblaci\u00f3n, y formar un ej\u00e9rcito y una polic\u00eda regulares.<\/p>\n\n\n\n<p>En medio de ese proceso, el 14 de agosto de 1979, el gobierno sandinista arrest\u00f3 y deport\u00f3 a 70 integrantes de la Brigada Sim\u00f3n Bol\u00edvar que combatieron contra la dictadura de Anastasio Somoza y se dedicaban a organizar sindicatos independientes.<\/p>\n\n\n\n<p>Pero los trazos m\u00e1s visibles de la represi\u00f3n se produjeron tras el regreso al poder de Daniel Ortega en 2006. Antes de ser elegido, Ortega apoy\u00f3 la prohibici\u00f3n total del aborto en el pa\u00eds.&nbsp;En 2008 fraudeo las elecciones municipales y reprimi\u00f3 duramente las protestas en Managua y Le\u00f3n.&nbsp;En 2013 reform\u00f3 la ley electoral permitiendo la reelecci\u00f3n ilimitada y estableciendo su control sobre el Consejo Supremo Electoral.<\/p>\n\n\n\n<p>En 2014 aplast\u00f3 las protestas campesinas contra la expropiaci\u00f3n de sus tierras para la construcci\u00f3n de un canal interoce\u00e1nico.&nbsp;En 2018 reprimi\u00f3 las protestas contra la reforma de las pensiones.&nbsp;En 2020 impuso leyes de excepci\u00f3n que permiten detener por \u201ctraici\u00f3n a la patria\u201d a cualquier ciudadano que critique p\u00fablicamente su gobierno.&nbsp;En 2021 arrest\u00f3 a siete candidatos opositores ante la inminente derrota electoral de su impopular gobierno.<\/p>\n\n\n\n<h4 class=\"wp-block-heading\"><strong>Capitalismo y pobreza: mientras el pa\u00eds se hunde en la miseria, los sandinistas se enriquecen<\/strong><strong><\/strong><\/h4>\n\n\n\n<p>Nicaragua tiene 6 millones de habitantes, 40% campesinos.&nbsp;La mayor\u00eda vive en la pobreza.&nbsp;Pero el pa\u00eds tiene m\u00e1s millonarios que Costa Rica.&nbsp;Esta situaci\u00f3n se ha profundizado durante los 16 a\u00f1os de gobierno Ortega-Murillo.<\/p>\n\n\n\n<p>En 2006 entr\u00f3 en vigencia el Tratado de Libre Comercio con Estados Unidos (CAFTA), y con \u00e9l aument\u00f3 la inversi\u00f3n extranjera que controlar\u00e1 las riquezas del pa\u00eds.<\/p>\n\n\n\n<p>Adem\u00e1s, el expresidente de Venezuela, Hugo Ch\u00e1vez, estableci\u00f3 inversiones anuales por US$ 600 millones.&nbsp;Estas inversiones garantizaron un crecimiento promedio anual de 4% del PIB hasta 2018, cuando la econom\u00eda entr\u00f3 en recesi\u00f3n.<\/p>\n\n\n\n<p>El crecimiento econ\u00f3mico posibilita algunos programas asistenciales, que aseguraron la popularidad del gobierno hasta 2018, pero principalmente fortalece a la nueva burgues\u00eda sandinista, formada por dirigentes sandinistas que se apropian de bienes y concesiones p\u00fablicas, entre los que destaca la familia Ortega, due\u00f1a de 22 empresas capitalistas, en particular la red de televisi\u00f3n. Esta nueva clase capitalista estea aliada con la vieja clase capitalista, corrupta y derechista, para gobernar el pa\u00eds.<\/p>\n\n\n\n<h4 class=\"wp-block-heading\"><strong>Ret\u00f3rica: Ortega y la farsa del antiimperialismo<\/strong><\/h4>\n\n\n\n<p>Las relaciones con Estados Unidos est\u00e1n marcadas por dardos verbales y mucha colaboraci\u00f3n econ\u00f3mica y pol\u00edtica.<\/p>\n\n\n\n<p>El gobierno Ortega-Murillo mantiene el CAFTA, que beneficia principalmente a los capitalistas estadounidenses.&nbsp;Alrededor de 60% de las exportaciones de Nicaragua van para los Estados Unidos.<\/p>\n\n\n\n<p>Adem\u00e1s, el Ej\u00e9rcito nicarag\u00fcense mantiene una excelente relaci\u00f3n con el Comando Sur de las Fuerzas Armadas de los Estados Unidos.&nbsp;Tambi\u00e9n hay acuerdos con la DEA (agencia estadounidense de combate al narcotr\u00e1fico) en torno a la \u201cguerra contra las drogas\u201d.<\/p>\n\n\n\n<p>Finalmente, el gobierno de Ortega-Murillo se dedica a convertir a Nicaragua en un muro de contenci\u00f3n para la migraci\u00f3n terrestre hacia Estados Unidos.<\/p>\n\n\n\n<p>En la relaci\u00f3n con Estados Unidos, estas acciones hablan m\u00e1s que el repertorio antiimperialista.<\/p>\n\n\n\n<h4 class=\"wp-block-heading\"><strong>Dictaduras: el apoyo de Lula a la dictadura nicarag\u00fcense va a contramano de la lucha del pueblo brasile\u00f1o<\/strong><\/h4>\n\n\n\n<p>La posici\u00f3n del gobierno de Lula de quedarse del lado de la dictadura nicarag\u00fcense abandona la defensa de las libertades democr\u00e1ticas que han sido importantes en la historia reciente del Brasil.<\/p>\n\n\n\n<p>Brasil vivi\u00f3 bajo una dictadura c\u00edvico-militar entre 1964 y 1984. Durante este per\u00edodo, la dictadura asesin\u00f3 alrededor de 10.000 personas, entre activistas de izquierda en las ciudades, campesinos, trabajadores rurales y pueblos ind\u00edgenas.&nbsp;En el per\u00edodo m\u00e1s duro, los pa\u00edses vecinos y Estados Unidos apoyaron la dictadura y guardaron silencio sobre los cr\u00edmenes de lesa humanidad cometidos en el Brasil.&nbsp;Pero hubo gobiernos europeos o de izquierda que se opusieron a las atrocidades, y de esa manera fueron un importante punto de apoyo para la clase trabajadora y la izquierda brasile\u00f1a.<\/p>\n\n\n\n<p>Lamentablemente, Lula, \u00e9l mismo v\u00edctima de la infame Ley de Seguridad Nacional (LSN), se olvida de esa experiencia y le da la espalda al pueblo nicarag\u00fcense para apoyar una dictadura que es su aliada.<\/p>\n\n\n\n<p>Si esta estrategia prevalece, todos los explotados y oprimidos por reg\u00edmenes aliados a Lula, como los de Cuba (donde hay m\u00e1s de 700 presos pol\u00edticos), Venezuela, Rusia (que ya mat\u00f3 a 100.000 ucranianos en el \u00faltimo a\u00f1o), China (que reprimi\u00f3 las protestas en Hong Kong y arresta al pueblo Uigur en campos de concentraci\u00f3n en Xinjiang), Corea del Norte, no contar\u00e1n con el apoyo del gobierno brasile\u00f1o, pero podr\u00e1n contar con la solidaridad de todas y todos los que no abandonamos la lucha por las libertades democr\u00e1ticas ni renunciamos a la lucha por el socialismo y por la revoluci\u00f3n mundial.<\/p>\n\n\n\n<h4 class=\"wp-block-heading\"><strong>Nicaragua y la LIT: la Brigada Sim\u00f3n Bol\u00edvar en la Revoluci\u00f3n<\/strong><\/h4>\n\n\n\n<p>La revoluci\u00f3n nicarag\u00fcense jug\u00f3 un papel muy importante en la fundaci\u00f3n de la Liga Internacional de los Trabajadores &#8211; Cuarta Internacional (LIT-CI), la cual integra el PSTU del Brasil.<\/p>\n\n\n\n<p>En 1979, los trotskistas dirigidos por Nahuel Moreno formaron la Brigada Sim\u00f3n Bol\u00edvar para luchar en Nicaragua contra la dictadura de Somoza.&nbsp;La brigada sali\u00f3 de Colombia y pas\u00f3 a combatir en el Frente Sur, desde Costa Rica.<\/p>\n\n\n\n<p>Su principal hecho fue la toma de Bluefields, la principal ciudad portuaria de la costa atl\u00e1ntica.&nbsp;Tres combatientes murieron y varios resultaron heridos.<\/p>\n\n\n\n<p>Tras la ca\u00edda de Somoza, los brigadistas formaron un gobierno sin capitalistas en Bluefields, contrariando la orientaci\u00f3n de los sandinistas, y organizaron en la capital 90 sindicatos que representaban a unos 20.000 trabajadores y trabajadoras.<\/p>\n\n\n\n<p>Por ello, 70 extranjeros integrantes de la brigada fueron detenidos, deportados a Panam\u00e1, torturados por el gobierno local, y expulsados \u200b\u200ba sus pa\u00edses.<\/p>\n\n\n\n<p>Los dirigentes de la Cuarta Internacional (Secretariado Unificado), con sede en Par\u00eds y encabezada por Ernest Mandel, apoyaron la represi\u00f3n sandinista.&nbsp;Dos a\u00f1os despu\u00e9s, Mandel declar\u00f3 que los sandinistas eran m\u00e1s democr\u00e1ticos que los bolcheviques.<\/p>\n\n\n\n<p>Este apoyo a la represi\u00f3n llev\u00f3 a los trotskistas encabezados por Nahuel Moreno, entonces la principal corriente en Am\u00e9rica Latina, a romper con los mandelistas y fundar en 1982 la Liga Internacional de los Trabajadores \u2013 Cuarta Internacional (LIT-CI).<\/p>\n\n\n\n<p>Art\u00edculo publicado en <a href=\"http:\/\/www.pstu.org.br\" target=\"_blank\" rel=\"noopener\">www.pstu.org.br<\/a>, 15\/3\/2023.-<\/p>\n\n\n\n<p>Traducci\u00f3n: Natalia Estrada.<\/p>\n","protected":false},"excerpt":{"rendered":"<p>El 2 de marzo pasado, el grupo de especialistas designado por el Consejo de Derechos Humanos de la Organizaci\u00f3n de las Naciones Unidas (ONU) para investigar las violaciones en Nicaragua denunci\u00f3 el r\u00e9gimen de Daniel Ortega y de su esposa Rosario Murillo por cr\u00edmenes contra la humanidad. Por: Fabio Bosco Desde las protestas pac\u00edficas contra [&hellip;]<\/p>\n","protected":false},"author":4,"featured_media":51814,"menu_order":0,"comment_status":"open","ping_status":"open","sticky":false,"template":"","format":"standard","meta":{"jetpack_post_was_ever_published":false,"_jetpack_newsletter_access":"","_jetpack_dont_email_post_to_subs":false,"_jetpack_newsletter_tier_id":0,"_jetpack_memberships_contains_paywalled_content":false,"litci_post_political_author":"","_jetpack_memberships_contains_paid_content":false,"footnotes":""},"categories":[2686,2676],"tags":[12474,5333],"class_list":["post-73688","post","type-post","status-publish","format-standard","has-post-thumbnail","hentry","category-nicaragua","category-brasil","tag-daniel-ortega","tag-lula"],"jetpack_featured_media_url":"https:\/\/i0.wp.com\/litci.org\/es\/wp-content\/uploads\/2018\/11\/2018-04-24T024447Z_338489585_RC176A412D90_RTRMADP_3_NICARAGUA-PROTEST.jpg?fit=3500%2C2334&ssl=1","fimg_url":"https:\/\/i0.wp.com\/litci.org\/es\/wp-content\/uploads\/2018\/11\/2018-04-24T024447Z_338489585_RC176A412D90_RTRMADP_3_NICARAGUA-PROTEST.jpg?fit=3500%2C2334&ssl=1","categories_names":["Brasil","Nicaragua"],"author_info":{"name":"Administraci\u00f3n Site","pic":"https:\/\/secure.gravatar.com\/avatar\/1fc4a65db396208ca881747f59a66a20c6b8670747457224753e1e98c43f719b?s=96&d=mm&r=g"},"political_author":null,"tagline":"","jetpack_sharing_enabled":true,"_links":{"self":[{"href":"https:\/\/litci.org\/es\/wp-json\/wp\/v2\/posts\/73688","targetHints":{"allow":["GET"]}}],"collection":[{"href":"https:\/\/litci.org\/es\/wp-json\/wp\/v2\/posts"}],"about":[{"href":"https:\/\/litci.org\/es\/wp-json\/wp\/v2\/types\/post"}],"author":[{"embeddable":true,"href":"https:\/\/litci.org\/es\/wp-json\/wp\/v2\/users\/4"}],"replies":[{"embeddable":true,"href":"https:\/\/litci.org\/es\/wp-json\/wp\/v2\/comments?post=73688"}],"version-history":[{"count":1,"href":"https:\/\/litci.org\/es\/wp-json\/wp\/v2\/posts\/73688\/revisions"}],"predecessor-version":[{"id":73689,"href":"https:\/\/litci.org\/es\/wp-json\/wp\/v2\/posts\/73688\/revisions\/73689"}],"wp:featuredmedia":[{"embeddable":true,"href":"https:\/\/litci.org\/es\/wp-json\/wp\/v2\/media\/51814"}],"wp:attachment":[{"href":"https:\/\/litci.org\/es\/wp-json\/wp\/v2\/media?parent=73688"}],"wp:term":[{"taxonomy":"category","embeddable":true,"href":"https:\/\/litci.org\/es\/wp-json\/wp\/v2\/categories?post=73688"},{"taxonomy":"post_tag","embeddable":true,"href":"https:\/\/litci.org\/es\/wp-json\/wp\/v2\/tags?post=73688"}],"curies":[{"name":"wp","href":"https:\/\/api.w.org\/{rel}","templated":true}]}}