{"id":73576,"date":"2023-03-06T08:07:04","date_gmt":"2023-03-06T08:07:04","guid":{"rendered":"https:\/\/litci.org\/es\/?p=73576"},"modified":"2024-11-03T13:27:14","modified_gmt":"2024-11-03T13:27:14","slug":"una-mirada-a-la-situacion-de-la-mujer-pobre-en-el-peru","status":"publish","type":"post","link":"https:\/\/litci.org\/es\/una-mirada-a-la-situacion-de-la-mujer-pobre-en-el-peru\/","title":{"rendered":"Una mirada a la situaci\u00f3n de la mujer pobre en el Per\u00fa"},"content":{"rendered":"\n<p>Las mujeres pobres y trabajadoras, sobre todo del campo, se encuentran en la lucha contra el gobierno asesino de Dina Boluarte y el Congreso, sufriendo la represi\u00f3n desatada por el mismo.<\/p>\n\n\n\n<p>Por PST-Per\u00fa<\/p>\n\n\n\n<p>Sin embargo, adicionalmente, cargan sobre sus espaldas el peso de la crisis econ\u00f3mica, social y pol\u00edtica que arrastra el pa\u00eds, sometidas a trabajos precarios, peor pagados, menor acceso a educaci\u00f3n y salud, adem\u00e1s de desarrollar una mucho mayor cantidad de trabajo no remunerado en el hogar, en comparaci\u00f3n con sus compa\u00f1eros o familiares hombres. Esto, para no hablar de la violencia que directamente se ejerce contra ellas en el hogar o por sus parejas y exparejas, que muchas veces termina en su asesinato.<\/p>\n\n\n\n<p>Seg\u00fan el informe \u201cBrechas de g\u00e9nero 2022\u201d, del Instituto Nacional de Estad\u00edstica e Inform\u00e1tica (INEI), al 2022, en el Per\u00fa hab\u00eda 16 millones 641 mil mujeres y 16 millones 394 mil hombres terminando el 2021. Esto indica que las mujeres constituyen el 50,4% de la poblaci\u00f3n nacional.<\/p>\n\n\n\n<p>Y del total de la poblaci\u00f3n pobre, que tras 2020 se elev\u00f3 al 30% de la poblaci\u00f3n<a href=\"#_ftn1\" id=\"_ftnref1\"><sup>[1]<\/sup><\/a>, el 51.4% son mujeres.<\/p>\n\n\n\n<p>De ellas, el 32% de las mujeres mayores de 14 a\u00f1os no posee ingresos propios, en comparaci\u00f3n con el 14% de los hombres de la misma edad. En Apur\u00edmac, uno de los epicentros de las movilizaciones en el sur, esta situaci\u00f3n afecta al 40% de las mujeres.<\/p>\n\n\n\n<p>900 mil mujeres j\u00f3venes no estudian ni trabajan. Cifra que se agrava al conocer que el 67% de ellas no cuentan con habilidades formadas para acceder a empleos de calidad. La brecha salarial se encuentra alrededor del 25%.<\/p>\n\n\n\n<p>Hay un 17% m\u00e1s de hombres en las labores remuneradas, percibiendo, en promedio, 25% m\u00e1s salario que sus compa\u00f1eras por realizar la misma labor. La mayo parte de las trabajadoras se encuentran en microempresas, de como m\u00e1ximo 5 trabajadores. Y se encuentran concentradas en los rubros servicios (36,4%), comercio (27,5%) y en la agricultura (25,7%). La informalidad laboral alcanza al 80% de las mujeres en el Per\u00fa, seg\u00fan los informes m\u00e1s recientes.<\/p>\n\n\n\n<p>Pero las desigualdades no se detienen ah\u00ed. Por ejemplo, las mujeres peruanas destinan 39 horas con 28 minutos de la semana al trabajo del hogar (no remunerado) frente a las 15&nbsp; horas&nbsp; con&nbsp; 54&nbsp; minutos de los hombres. Esto es, 23 horas con 34 minutos m\u00e1s. Seg\u00fan Oxfam, al 2021, el trabajo no remunerado de las mujeres peruanas equival\u00eda al 20% del PBI.<\/p>\n\n\n\n<p>Esta situaci\u00f3n se manifiesta en la salud de las mujeres. Al 2021 el 44,3% de las mujeres informaron sufrir alguna dolencia de manera permanente, siendo 9,7 puntos porcentuales m\u00e1s que los hombres (34,6%).<\/p>\n\n\n\n<p>El c\u00e1ncer de mamas y el c\u00e9rvico-uterino, figuran entre las causas principales de mortalidad femenina y podr\u00edan ser tratables con un diagn\u00f3stico temprano de la enfermedad. Del total de defunciones femeninas registradas en el a\u00f1o 2019, el 22,0% fueron ocasionadas por esta enfermedad.<\/p>\n\n\n\n<p>La segunda causa de muerte de mujeres son la influenza y la neumon\u00eda, que ocasion\u00f3 el 12,2% de defunciones en las mujeres y en los hombres represent\u00f3 el 10,7%.<\/p>\n\n\n\n<p>El analfabetismo en las mujeres es casi el triple que en los hombres, llegando a un 7,6% de la poblaci\u00f3n femenina frente a un 2,7% de hombres. Esta tasa, sin embargo, se eleva por encima del 10% para las mujeres en las regiones andinas, llegando al 19,5% en la regi\u00f3n Apur\u00edmac.<\/p>\n\n\n\n<p>La maternidad adolescente registra un 8,9% a nivel nacional. En regiones amaz\u00f3nicas como Ucayali o Loreto, esta se eleva al 25% y 18%, respectivamente. A nivel nacional, el 28% de esas adolescentes provienen de sectores populares pobres.<\/p>\n\n\n\n<p>Y como si esto no fuera mucho, la polic\u00eda nacional, que hoy reprime salvajemente a la poblaci\u00f3n que sale a protestar, solo logr\u00f3 ubicar al 48% de las 11 524 mujeres registradas como desaparecidas el a\u00f1o pasado. Esto es, 5558 mujeres volvieron a casa. Tampoco ha hecho mucho por resolver los 137 feminicidios reportados durante 2022. 73% de las mujeres asesinadas, ten\u00edan menos de 40 a\u00f1os.<\/p>\n\n\n\n<p>Esta es la situaci\u00f3n en la que se encuentran, grosso modo, las mujeres en el Per\u00fa. Por eso, no sorprende que se encuentren codo a codo en la lucha que remece al pa\u00eds. Y que sea urgent\u00edsimo que la clase trabajadora y el pueblo pobre tome las banderas de la mujer pobre como parte de sus demandas, en el camino a conquistar la soluci\u00f3n a sus problemas.<\/p>\n\n\n\n<hr class=\"wp-block-separator has-alpha-channel-opacity\" \/>\n\n\n\n<p><a href=\"#_ftnref1\" id=\"_ftn1\"><sup>[1]<\/sup><\/a> La poblaci\u00f3n proyectada al 2023, en el Per\u00fa, es de 33,72 millones de habitantes.<\/p>\n","protected":false},"excerpt":{"rendered":"<p>Las mujeres pobres y trabajadoras, sobre todo del campo, se encuentran en la lucha contra el gobierno asesino de Dina Boluarte y el Congreso, sufriendo la represi\u00f3n desatada por el mismo. Por PST-Per\u00fa Sin embargo, adicionalmente, cargan sobre sus espaldas el peso de la crisis econ\u00f3mica, social y pol\u00edtica que arrastra el pa\u00eds, sometidas a [&hellip;]<\/p>\n","protected":false},"author":5,"featured_media":73577,"menu_order":0,"comment_status":"open","ping_status":"open","sticky":false,"template":"","format":"standard","meta":{"jetpack_post_was_ever_published":false,"_jetpack_newsletter_access":"","_jetpack_dont_email_post_to_subs":false,"_jetpack_newsletter_tier_id":0,"_jetpack_memberships_contains_paywalled_content":false,"litci_post_political_author":"","_jetpack_memberships_contains_paid_content":false,"footnotes":""},"categories":[18231,2738,2688],"tags":[18233,13907,18236],"class_list":["post-73576","post","type-post","status-publish","format-standard","has-post-thumbnail","hentry","category-8m-2023","category-mujeres","category-peru","tag-8m-2023","tag-8menelmundo","tag-8m-peru"],"jetpack_featured_media_url":"https:\/\/i0.wp.com\/litci.org\/es\/wp-content\/uploads\/2023\/03\/1.jpeg?fit=1080%2C724&ssl=1","fimg_url":"https:\/\/i0.wp.com\/litci.org\/es\/wp-content\/uploads\/2023\/03\/1.jpeg?fit=1080%2C724&ssl=1","categories_names":["8M 2023","Mujeres","Per\u00fa"],"author_info":{"name":"Kely","pic":"https:\/\/secure.gravatar.com\/avatar\/19003bf6219614b90207b39bd4a2733ce9cf96693efdfd639b15a829beed53d1?s=96&d=mm&r=g"},"political_author":null,"tagline":"","jetpack_sharing_enabled":true,"_links":{"self":[{"href":"https:\/\/litci.org\/es\/wp-json\/wp\/v2\/posts\/73576","targetHints":{"allow":["GET"]}}],"collection":[{"href":"https:\/\/litci.org\/es\/wp-json\/wp\/v2\/posts"}],"about":[{"href":"https:\/\/litci.org\/es\/wp-json\/wp\/v2\/types\/post"}],"author":[{"embeddable":true,"href":"https:\/\/litci.org\/es\/wp-json\/wp\/v2\/users\/5"}],"replies":[{"embeddable":true,"href":"https:\/\/litci.org\/es\/wp-json\/wp\/v2\/comments?post=73576"}],"version-history":[{"count":2,"href":"https:\/\/litci.org\/es\/wp-json\/wp\/v2\/posts\/73576\/revisions"}],"predecessor-version":[{"id":78011,"href":"https:\/\/litci.org\/es\/wp-json\/wp\/v2\/posts\/73576\/revisions\/78011"}],"wp:featuredmedia":[{"embeddable":true,"href":"https:\/\/litci.org\/es\/wp-json\/wp\/v2\/media\/73577"}],"wp:attachment":[{"href":"https:\/\/litci.org\/es\/wp-json\/wp\/v2\/media?parent=73576"}],"wp:term":[{"taxonomy":"category","embeddable":true,"href":"https:\/\/litci.org\/es\/wp-json\/wp\/v2\/categories?post=73576"},{"taxonomy":"post_tag","embeddable":true,"href":"https:\/\/litci.org\/es\/wp-json\/wp\/v2\/tags?post=73576"}],"curies":[{"name":"wp","href":"https:\/\/api.w.org\/{rel}","templated":true}]}}