{"id":73573,"date":"2023-03-07T10:52:35","date_gmt":"2023-03-07T10:52:35","guid":{"rendered":"https:\/\/litci.org\/es\/?p=73573"},"modified":"2024-11-03T13:27:14","modified_gmt":"2024-11-03T13:27:14","slug":"la-igualdad-no-puede-ser-un-eslogan-defendamosla-en-las-calles","status":"publish","type":"post","link":"https:\/\/litci.org\/es\/la-igualdad-no-puede-ser-un-eslogan-defendamosla-en-las-calles\/","title":{"rendered":"Estado Espa\u00f1ol | La igualdad no puede ser un eslogan: \u00a1Defend\u00e1mosla en las calles!"},"content":{"rendered":"\n<p>Este a\u00f1o, el 8 de marzo viene enmarcado por el ciclo electoral e importantes victorias gracias a las movilizaciones, pero tambi\u00e9n por un inicio de a\u00f1o tr\u00e1gico respecto a agresiones y asesinatos machistas, y un contexto de inflaci\u00f3n, crisis y miseria creciente que afectan de lleno las vidas de la clase trabajadora, especialmente de las mujeres.<\/p>\n\n\n\n<p>Por Corriente Roja &#8211; Estado Espa\u00f1ol<\/p>\n\n\n\n<h6 class=\"wp-block-heading\"><strong>Precariedad tiene nombre de mujer<\/strong><\/h6>\n\n\n\n<p>En el Estado espa\u00f1ol, el 75,3% de aproximadamente tres millones de personas que trabajan a tiempo parcial, son mujeres. El 54% de las familias monomarentales est\u00e1n en riesgo de pobreza y el 63,8% de las pensionistas, cobra una pensi\u00f3n que no llega a los 1000 euros y la brecha salarial de g\u00e9nero llega al 20,9%, seg\u00fan un informe reciente del sindicato Comisiones Obreras.<\/p>\n\n\n\n<p>&nbsp; Si con la crisis de 2007 retrocedimos en derechos laborales, la pandemia y la inflaci\u00f3n, han profundizado nuestra desigualdad. Esta cerr\u00f3 2022 en un 8,4%, pero el precio de alimentos, alquileres, gastos de luz o gas, sigue disparado. A esto se a\u00f1ade la espectacular subida de las hipotecas a inter\u00e9s variable, que ahogan a millones de familias.<\/p>\n\n\n\n<p>&nbsp;Un escenario muy crudo, en el que millones de mujeres, sobre todo las m\u00e1s j\u00f3venes, no logran independizarse ni tener condiciones de vida dignas, y que es caldo de cultivo para el aumento de las opresiones y la violencia machista.<\/p>\n\n\n\n<p><strong>El colectivo LGTBI<\/strong> est\u00e1 muy afectado por el paro y la precariedad, sobre todo las mujeres trans<em>migrantes sin papeles que<\/em> se ven abocadas a la prostituci\u00f3n. Faltan recursos en Educaci\u00f3n&nbsp;&nbsp;&nbsp; mientras se sigue financiando a la Iglesia Cat\u00f3lica, machista y LGTBIf\u00f3bica. Los delitos de odio&nbsp;&nbsp;&nbsp; han aumentado y el avance de la ultraderecha amenaza los derechos conseguidos. El feminismo transf\u00f3bico, intenta vincular a las personas trans con la gestaci\u00f3n subrogada, cuando la realidad es que esta tiene como clientes principales a parejas cisheterosexuales<\/p>\n\n\n\n<p>&nbsp;&nbsp; La ley de extranjer\u00eda que este gobierno mantiene, obliga a <strong>las mujeres inmigrantes<\/strong> a sobrevivir en la clandestinidad, hasta conseguir \u201cpapeles\u201d. Muchas trabajan en hosteler\u00eda, en el campo y, sobre todo, en el sector dom\u00e9stico. Aunque son contratadas como empleadas de hogar, a menudo atienden tambi\u00e9n a personas mayores y dependientes, en condiciones de semiesclavitud. Las empleadas de hogar lograron un decreto que reconoce derecho al paro y otros derechos laborales. Pero no para cerca del 40%, que trabaja en situaci\u00f3n administrativa irregular.<\/p>\n\n\n\n<p><strong>Un gobierno \u201cfeminista\u201d, al servicio de la patronal.<\/strong><\/p>\n\n\n\n<p>&nbsp;&nbsp; Este gobierno de coalici\u00f3n del PSOE (Partido socialista obrero espa\u00f1ol)-UP (Unidas Podemos), aprob\u00f3 medidas que recogen <strong>de forma limitada y parcial<\/strong>, algunas de las demandas en las calles. Como la Ley Org\u00e1nica de Garant\u00eda Integral de la Libertad Sexual, muy atacada por la derecha, que el PSOE pretende ahora reformar sin acuerdo con su socio de gobierno.<\/p>\n\n\n\n<p>Recientemente, la nueva Ley del Aborto que devuelve a las menores de 16-17 a\u00f1os el derecho a abortar sin consentimiento paterno, y elimina los tres d\u00edas previos de reflexi\u00f3n obligatorios. O la Ley trans, que elimina la necesidad de un diagn\u00f3stico psiqui\u00e1trico y dos a\u00f1os de tratamiento hormonal, como requisito para modificar la menci\u00f3n de sexo registral<\/p>\n\n\n\n<p>&nbsp;Todas estas leyes son el resultado de la lucha, pero hay que seguir combatiendo para mejorarlas. Adem\u00e1s, no acabar\u00e1n de ra\u00edz con nuestra desigualdad, discriminaci\u00f3n y violencia, porque no van a sus causas estructurales, que est\u00e1n en este sistema capitalista de opresi\u00f3n y explotaci\u00f3n.<\/p>\n\n\n\n<p>&nbsp;De la mano de una ministra que se dice feminista, el gobierno aprob\u00f3 en diciembre de 2021, una reforma laboral que ha supuesto una bajada general de salarios por la v\u00eda de los contratos \u201ca tiempo parcial\u00bb y los \u201cfijos discontinuos\u201d. Un modelo de flexibilidad, externalizaci\u00f3n y parcialidad, con el que vemos agravada nuestra precariedad. Pese a que ha supuesto la creaci\u00f3n de empleo con salarios miserables, en enero el paro subi\u00f3 en 70.000 personas, de las que siete de cada diez nuevas desempleadas eran mujeres.<\/p>\n\n\n\n<p>Mientras, con este gobierno, los beneficios empresariales baten r\u00e9cords y la fortuna de los &#8216;mil millonarios&#8217; creci\u00f3 a un ritmo de tres millones al d\u00eda. La pobreza escal\u00f3 hasta el 27,8%, casi un punto m\u00e1s respecto a 2020, y el deterioro, privatizaci\u00f3n y desmantelamiento de los servicios p\u00fablicos provoca que estos recaigan mayoritariamente en nosotras.<\/p>\n\n\n\n<p><strong>&nbsp; \u00a1Pese a todo,las mujeres salimos a luchar! <\/strong><strong><\/strong><\/p>\n\n\n\n<p>Enfrentando a la direcci\u00f3n de los sindicatos mayoritarios con sus mensajes de miedo y resignaci\u00f3n y sus maniobras para aislar todas las luchas, son cada vez m\u00e1s los trabajadores\/as que, en distintos sectores, salen a la calle para luchar por derechos y un salario digno. <strong><\/strong><\/p>\n\n\n\n<p>Es el caso de las dependientas de Inditex, la multinacional de Amancio Ortega y buque insignia del capitalismo espa\u00f1ol, que a\u00f1os tras a\u00f1o obtiene ganancias millonarias. Tras&nbsp;varios meses de movilizaciones y una huelga primero en Galicia y despu\u00e9s en todo el Estado, lograron varios beneficios laborales y un salario m\u00ednimo de 18.000 euros al a\u00f1o, que se incrementa en funci\u00f3n de los puestos desempe\u00f1ados, antig\u00fcedad, comisiones de venta, etc.<strong><\/strong><\/p>\n\n\n\n<p>O el de las trabajadoras del Servicio de ayuda a domicilio en lucha por un convenio y un trabajo de cuidados digno, que les permita dar una buena atenci\u00f3n y conciliar su vida laboral y familiar. Llevan a\u00f1os reclamando el reconocimiento de las enfermedades laborales que implica su trabajo y la desprivatizaci\u00f3n del sector, cuya gesti\u00f3n tienen las multinacionales que hacen negocio con \u00e9l, a costa de precariedad y bajos salarios.<\/p>\n\n\n\n<p>Tambi\u00e9n las mujeres estamos al frente por una Sanidad 100% p\u00fablica y universal. Una lucha que ha ido extendi\u00e9ndose en estos meses por todo el Estado. Un sector muy feminizado en varias de sus categor\u00edas (limpiadoras, celadoras, enfermeras.), que soporta desde hace a\u00f1os una sobrecarga de trabajo enorme, horarios imposibles y dificultades de conciliaci\u00f3n.&nbsp;<\/p>\n\n\n\n<p><strong>&nbsp;La igualdad no puede ser un eslogan electoral: \u00a1salgamos a defenderla en las calles!<\/strong><\/p>\n\n\n\n<p>El 8M, D\u00eda Internacional de la mujer trabajadora, es un d\u00eda de lucha de toda la clase trabajadora-que nunca fue tan numerosa, tan femenina, negra y LGBT- con las trabajadoras al frente. Un d\u00eda en el que sobran banqueras, empresarias o reinas ejercientes y em\u00e9ritas. Tambi\u00e9n concejalas, diputadas o ministras de gobiernos, que aprueban medidas que agravan nuestra precariedad y nos dejan desprotegidas frente a la violencia machista.<\/p>\n\n\n\n<p>En este sistema, la burgues\u00eda utiliza las opresiones para dividirnos y explotar m\u00e1s a un sector de la clase trabajadora. Necesitamos conseguir medidas que nos pongan en mejores condiciones para seguir luchando por una sociedad socialista, que es la \u00fanica que pondr\u00e1 las bases materiales para lograr una verdadera emancipaci\u00f3n femenina. Para ello, es preciso recuperar la unidad de toda la clase trabajadora, combatiendo el machismo en las organizaciones obreras, populares y estudiantiles. Llamamos a discutir en los barrios, centros de trabajo y estudio, la importancia de luchar por las demandas femeninas y de a acudir a las movilizaciones convocadas para ese d\u00eda.<\/p>\n","protected":false},"excerpt":{"rendered":"<p>Este a\u00f1o, el 8 de marzo viene enmarcado por el ciclo electoral e importantes victorias gracias a las movilizaciones, pero tambi\u00e9n por un inicio de a\u00f1o tr\u00e1gico respecto a agresiones y asesinatos machistas, y un contexto de inflaci\u00f3n, crisis y miseria creciente que afectan de lleno las vidas de la clase trabajadora, especialmente de las [&hellip;]<\/p>\n","protected":false},"author":5,"featured_media":73574,"menu_order":0,"comment_status":"open","ping_status":"open","sticky":false,"template":"","format":"standard","meta":{"jetpack_post_was_ever_published":false,"_jetpack_newsletter_access":"","_jetpack_dont_email_post_to_subs":false,"_jetpack_newsletter_tier_id":0,"_jetpack_memberships_contains_paywalled_content":false,"litci_post_political_author":"","_jetpack_memberships_contains_paid_content":false,"footnotes":""},"categories":[18231,2697],"tags":[],"class_list":["post-73573","post","type-post","status-publish","format-standard","has-post-thumbnail","hentry","category-8m-2023","category-estado-espanol"],"jetpack_featured_media_url":"https:\/\/i0.wp.com\/litci.org\/es\/wp-content\/uploads\/2023\/03\/AdobeStock_477295153-scaled-1.jpeg?fit=2560%2C1707&ssl=1","fimg_url":"https:\/\/i0.wp.com\/litci.org\/es\/wp-content\/uploads\/2023\/03\/AdobeStock_477295153-scaled-1.jpeg?fit=2560%2C1707&ssl=1","categories_names":["8M 2023","Estado Espa\u00f1ol"],"author_info":{"name":"Kely","pic":"https:\/\/secure.gravatar.com\/avatar\/19003bf6219614b90207b39bd4a2733ce9cf96693efdfd639b15a829beed53d1?s=96&d=mm&r=g"},"political_author":null,"tagline":"","jetpack_sharing_enabled":true,"_links":{"self":[{"href":"https:\/\/litci.org\/es\/wp-json\/wp\/v2\/posts\/73573","targetHints":{"allow":["GET"]}}],"collection":[{"href":"https:\/\/litci.org\/es\/wp-json\/wp\/v2\/posts"}],"about":[{"href":"https:\/\/litci.org\/es\/wp-json\/wp\/v2\/types\/post"}],"author":[{"embeddable":true,"href":"https:\/\/litci.org\/es\/wp-json\/wp\/v2\/users\/5"}],"replies":[{"embeddable":true,"href":"https:\/\/litci.org\/es\/wp-json\/wp\/v2\/comments?post=73573"}],"version-history":[{"count":3,"href":"https:\/\/litci.org\/es\/wp-json\/wp\/v2\/posts\/73573\/revisions"}],"predecessor-version":[{"id":73591,"href":"https:\/\/litci.org\/es\/wp-json\/wp\/v2\/posts\/73573\/revisions\/73591"}],"wp:featuredmedia":[{"embeddable":true,"href":"https:\/\/litci.org\/es\/wp-json\/wp\/v2\/media\/73574"}],"wp:attachment":[{"href":"https:\/\/litci.org\/es\/wp-json\/wp\/v2\/media?parent=73573"}],"wp:term":[{"taxonomy":"category","embeddable":true,"href":"https:\/\/litci.org\/es\/wp-json\/wp\/v2\/categories?post=73573"},{"taxonomy":"post_tag","embeddable":true,"href":"https:\/\/litci.org\/es\/wp-json\/wp\/v2\/tags?post=73573"}],"curies":[{"name":"wp","href":"https:\/\/api.w.org\/{rel}","templated":true}]}}