{"id":73332,"date":"2023-02-09T12:40:18","date_gmt":"2023-02-09T12:40:18","guid":{"rendered":"https:\/\/litci.org\/es\/?p=73332"},"modified":"2024-11-03T13:27:16","modified_gmt":"2024-11-03T13:27:16","slug":"enero-sangriento-demuestra-la-urgencia-de-fortalecer-la-solidaridad-con-el-pueblo-palestino","status":"publish","type":"post","link":"https:\/\/litci.org\/es\/enero-sangriento-demuestra-la-urgencia-de-fortalecer-la-solidaridad-con-el-pueblo-palestino\/","title":{"rendered":"Enero sangriento demuestra la urgencia de fortalecer la solidaridad con el pueblo palestino"},"content":{"rendered":"\n<p><\/p>\n\n\n\n<p><em>El primer mes de 2023 no deja dudas sobre la urgencia de fortalecer la solidaridad internacional con el pueblo palestino: 35 fueron asesinados por las fuerzas de ocupaci\u00f3n sionistas solo en Cisjordania y la Ciudad Vieja de Jerusal\u00e9n, incluidos seis menores de 18 a\u00f1os.\u00a0Desde Brasil urge que se cumpla la demanda al nuevo gobierno federal, de que reconozca el apartheid y, en consecuencia, suspenda los acuerdos con Israel, promoviendo un embargo militar inmediato.<\/em><\/p>\n\n\n\n<p><em>Por: Soraya Misleh<\/em> \/ <em>Publicado originalmente en Middle East Monitor<\/em><\/p>\n\n\n\n<p>Este reclamo, planteado por decenas de organizaciones \u00e1rabes-palestinas y brasile\u00f1as e intelectuales a los grupos de trabajo de Relaciones Exteriores y Derechos Humanos durante la transici\u00f3n de gobierno, debe estar en el centro de la movilizaci\u00f3n y presi\u00f3n de solidaridad con el pueblo palestino \u2013una demostraci\u00f3n efectiva de apoyo su justa causa en medio de la continua&nbsp;&nbsp;<a href=\"https:\/\/www.monitordooriente.com\/20190414-a-nakba-explicada\/\" target=\"_blank\" rel=\"noopener\">Nakba<\/a>&nbsp;&nbsp;(cat\u00e1strofe desde la formaci\u00f3n del Estado racista de Israel el 15 de mayo de 1948 mediante limpieza \u00e9tnica planificada).<\/p>\n\n\n\n<p>Adem\u00e1s, un embargo militar inmediato frente al r\u00e9gimen de apartheid institucionalizado y la agresiva expansi\u00f3n colonial sionista \u2013que diariamente mata a m\u00e1s y m\u00e1s hombres y mujeres palestinos\u2013 es parte importante de la lucha contra el genocidio de los pobres y los negros en las periferias brasile\u00f1as y el exterminio ind\u00edgena.<\/p>\n\n\n\n<p>Son las mismas armas que matan aqu\u00ed y all\u00e1, probadas cada d\u00eda sobre los conejillos de indias a que Israel convierte a los palestinos desde hace d\u00e9cadas.&nbsp;Abrazar la causa palestina no es solo solidaridad, sino tambi\u00e9n un grito de resistencia en el Brasil: basta de derramamiento de sangre negra, pobre e ind\u00edgena.&nbsp;Es luchar contra la opresi\u00f3n y la explotaci\u00f3n tambi\u00e9n aqu\u00ed.<\/p>\n\n\n\n<p>Con el cambio de gobierno \u2013afortunadamente con la derrota del genocida y adorador de la dictadura Bolsonaro, aliado expl\u00edcito del sionismo en la sede del Planalto\u2013, se retom\u00f3 la cl\u00e1sica diplomacia brasile\u00f1a.&nbsp;El gobierno bajo el liderazgo de Lula ya public\u00f3 notas en enero expresando su preocupaci\u00f3n por los acontecimientos en la Palestina ocupada, pero habla de \u201cconflicto\u201d, b\u00fasqueda de la paz, \u201cambas partes se abstuvieren\u201d de la violencia, \u201csoluci\u00f3n de dos Estados\u201d \u2013 que, si no fuese injusto desde siempre, est\u00e1 muerta y enterrada.<\/p>\n\n\n\n<p>Es importante que exprese preocupaci\u00f3n, es importante el cambio \u2013ya que Bolsonaro hac\u00eda propaganda ideol\u00f3gica descarada pro-Israel y buscaba a\u00fan m\u00e1s acuerdos\u2013, pero absolutamente insuficiente y revelador de una incomprensi\u00f3n que necesita ser superada urgentemente, para que de hecho esto repercuta en la tr\u00e1gica vida impuesta a los palestinos en la continua&nbsp;&nbsp;<em>Nakba<\/em>.&nbsp;Vale insistir: no es \u201cconflicto\u201d o \u201cenfrentamiento\u201d, es limpieza \u00e9tnica, masacre, genocidio.&nbsp;No son dos bandos a culpar por la violencia, sino uno opresor, colonizador, agresor: Israel; y un pueblo oprimido \u2013el palestino\u2013, humillado, usurpado, sin derechos humanos fundamentales, que tiene el leg\u00edtimo derecho de resistir por cualquier medio (como reconoce la propia Organizaci\u00f3n de las Naciones Unidas -ONU-, frente a una ocupaci\u00f3n).&nbsp;\u201cNo confunda la reacci\u00f3n del oprimido con la violencia del opresor\u201d, ense\u00f1aba ya Malcom X.<\/p>\n\n\n\n<p>No hay paz sin justicia, la cual debe abarcar a la totalidad del pueblo palestino: en los territorios ocupados en 1948 (\u201cIsrael\u201d) y en 1967 (Cisjordania, Gaza y Ciudad Vieja de Jerusal\u00e9n), en los refugios y en la di\u00e1spora.\u00a0La \u00fanica forma de garantizar justicia es una Palestina libre del r\u00edo al mar.<\/p>\n\n\n\n<figure class=\"wp-block-image size-large\"><img data-recalc-dims=\"1\" loading=\"lazy\" decoding=\"async\" width=\"1024\" height=\"1024\" src=\"https:\/\/i0.wp.com\/litci.org\/es\/wp-content\/uploads\/2023\/02\/WhatsApp-Image-2023-01-30-at-10.20.56-AM-1024x1024.jpeg?resize=1024%2C1024&#038;ssl=1\" alt=\"\" class=\"wp-image-73333\" srcset=\"https:\/\/i0.wp.com\/litci.org\/es\/wp-content\/uploads\/2023\/02\/WhatsApp-Image-2023-01-30-at-10.20.56-AM.jpeg?resize=1024%2C1024&amp;ssl=1 1024w, https:\/\/i0.wp.com\/litci.org\/es\/wp-content\/uploads\/2023\/02\/WhatsApp-Image-2023-01-30-at-10.20.56-AM.jpeg?resize=300%2C300&amp;ssl=1 300w, https:\/\/i0.wp.com\/litci.org\/es\/wp-content\/uploads\/2023\/02\/WhatsApp-Image-2023-01-30-at-10.20.56-AM.jpeg?resize=150%2C150&amp;ssl=1 150w, https:\/\/i0.wp.com\/litci.org\/es\/wp-content\/uploads\/2023\/02\/WhatsApp-Image-2023-01-30-at-10.20.56-AM.jpeg?resize=768%2C768&amp;ssl=1 768w, https:\/\/i0.wp.com\/litci.org\/es\/wp-content\/uploads\/2023\/02\/WhatsApp-Image-2023-01-30-at-10.20.56-AM.jpeg?resize=696%2C696&amp;ssl=1 696w, https:\/\/i0.wp.com\/litci.org\/es\/wp-content\/uploads\/2023\/02\/WhatsApp-Image-2023-01-30-at-10.20.56-AM.jpeg?resize=1068%2C1068&amp;ssl=1 1068w, https:\/\/i0.wp.com\/litci.org\/es\/wp-content\/uploads\/2023\/02\/WhatsApp-Image-2023-01-30-at-10.20.56-AM.jpeg?w=1080&amp;ssl=1 1080w\" sizes=\"auto, (max-width: 1000px) 100vw, 1000px\" \/><figcaption class=\"wp-element-caption\">vicLos rostros de las victimas. Tomado de: https:\/\/www.comunidadpalestinachile.cl\/<\/figcaption><\/figure>\n\n\n\n<h4 class=\"wp-block-heading\"><strong>Muerte al acecho<\/strong><\/h4>\n\n\n\n<p>Diecis\u00e9is de los 35 palestinos asesinados lo fueron en los \u00faltimos cinco d\u00edas de enero.&nbsp;En la noche del 25, uno de ellos fue asesinado en la aldea de al-Ram, cerca de Jerusal\u00e9n.&nbsp;El d\u00eda 26, en otra masacre planeada por las fuerzas de ocupaci\u00f3n en el campo de refugiados de Jenin, nueve palestinos fueron asesinados, incluida una mujer de 60 a\u00f1os, y m\u00e1s de 20 resultaron heridos, al menos cuatro gravemente.&nbsp;Lo que sucedi\u00f3 despu\u00e9s revela la crueldad del proyecto colonial: impedir los primeros auxilios y hasta la invasi\u00f3n del hospital de la regi\u00f3n por los mismos que cometieron la masacre, con lanzamiento de gases lacrim\u00f3genos en el ala de pediatr\u00eda.<\/p>\n\n\n\n<p>La situaci\u00f3n es dram\u00e1tica.&nbsp;La limpieza \u00e9tnica y el castigo colectivo avanzan en medio del abandono internacional.&nbsp;Solo en 2022, alrededor de 220 personas fueron asesinadas en Cisjordania y la Ciudad Vieja de Jerusal\u00e9n, incluidos 53 ni\u00f1os.<\/p>\n\n\n\n<p>Esta semana, m\u00e1s de 110 colonos sionistas volvieron a invadir la Explanada de las Mezquitas, algo cada vez m\u00e1s frecuente.&nbsp;Otros tres intentaron incendiar la Iglesia del Santo Sepulcro.&nbsp;Lugares sagrados respectivamente para musulmanes y cristianos en Jerusal\u00e9n, lo que muestra que no es una cuesti\u00f3n religiosa, sino que alcanza indistintamente a cualquier palestino, sea isl\u00e1mico o no.&nbsp;Sea un ni\u00f1o o no.&nbsp;Sea hombre o mujer, joven o viejo.&nbsp;Es colonizaci\u00f3n.<\/p>\n\n\n\n<h4 class=\"wp-block-heading\"><strong>Movilizaci\u00f3n<\/strong><\/h4>\n\n\n\n<p>\u00bfCu\u00e1ntos palestinos m\u00e1s tendr\u00e1n que morir para que se aprenda esta lecci\u00f3n?&nbsp;\u00bfCu\u00e1ntos m\u00e1s tendr\u00e1n que morir para que se masifique la indignaci\u00f3n?&nbsp;La comunidad \u00e1rabe-palestina en el Brasil y las organizaciones\/activistas solidarios tienen la triste experiencia de que lo que sucede en la Palestina ocupada solo moviliza a mucha gente cuando la limpieza \u00e9tnica en curso desde hace m\u00e1s de 75 a\u00f1os es visibilizada por los medios de comunicaci\u00f3n de masa y escandaliza de hecho.&nbsp;Esto solo ha sucedido incluso cuando ha habido bombardeos masivos en Gaza.<\/p>\n\n\n\n<p>En la estrecha franja, donde viven 2 millones de palestinos que han sido sometidos al inhumano cerco israel\u00ed durante 15 a\u00f1os, sin embargo, las bombas tambi\u00e9n caen a cuentagotas, peri\u00f3dicamente.&nbsp;Los ni\u00f1os tambi\u00e9n mueren de hambre y de enfermedades porque sus padres se ven impedidos de garantizar el tratamiento dado el bloqueo asesino, adem\u00e1s de la masacre que arrasa con todo, hasta con los hospitales, y no permite la reconstrucci\u00f3n.&nbsp;Enfermedades, incluidas las transmitidas por el agua, ya que 96% del agua es contaminada.&nbsp;\u201cIsrael\u201d envenena no solo los pozos, sino tambi\u00e9n los cultivos, impide la pesca y la agricultura de subsistencia.&nbsp;La crisis humanitaria es dram\u00e1tica.<\/p>\n\n\n\n<p>Es necesario cambiar con urgencia este guion de masificaci\u00f3n de la solidaridad.&nbsp;En este sentido, el llamado es que las organizaciones sindicales, pol\u00edticas, sociales y populares, todos y todas en la lucha contra la explotaci\u00f3n y la opresi\u00f3n, fortalezcan la movilizaci\u00f3n y la presi\u00f3n sobre el gobierno federal (pero tambi\u00e9n los estaduales y municipales) por el reconocimiento del apartheid y se comprometan con el BDS (boicot, desinversi\u00f3n y sanciones).&nbsp;Que pauten en sus espacios la conexi\u00f3n de sus luchas con la cuesti\u00f3n palestina, junto a la clase trabajadora, la juventud, lod negros, los ind\u00edgenas, las mujeres, los LGBTI, los oprimidos en general.&nbsp;Al fin y al cabo, es una causa internacional por excelencia, para que todos y todas puedan ser libres.<\/p>\n\n\n\n<p>Art\u00edculo reproducido en <a href=\"http:\/\/www.pstu.org.br\" target=\"_blank\" rel=\"noopener\">www.pstu.org.br<\/a>, 6\/2\/2023.-<\/p>\n\n\n\n<p>Traducci\u00f3n: Natalia Estrada.<\/p>\n","protected":false},"excerpt":{"rendered":"<p>El primer mes de 2023 no deja dudas sobre la urgencia de fortalecer la solidaridad internacional con el pueblo palestino: 35 fueron asesinados por las fuerzas de ocupaci\u00f3n sionistas solo en Cisjordania y la Ciudad Vieja de Jerusal\u00e9n, incluidos seis menores de 18 a\u00f1os.\u00a0Desde Brasil urge que se cumpla la demanda al nuevo gobierno federal, [&hellip;]<\/p>\n","protected":false},"author":5,"featured_media":73334,"menu_order":0,"comment_status":"open","ping_status":"open","sticky":false,"template":"","format":"standard","meta":{"jetpack_post_was_ever_published":false,"_jetpack_newsletter_access":"","_jetpack_dont_email_post_to_subs":false,"_jetpack_newsletter_tier_id":0,"_jetpack_memberships_contains_paywalled_content":false,"litci_post_political_author":"","_jetpack_memberships_contains_paid_content":false,"footnotes":""},"categories":[2713],"tags":[5840,3099,18204],"class_list":["post-73332","post","type-post","status-publish","format-standard","has-post-thumbnail","hentry","category-palestina","tag-cisjordania","tag-palestina-2","tag-solidaridad-con-palestina"],"jetpack_featured_media_url":"https:\/\/i0.wp.com\/litci.org\/es\/wp-content\/uploads\/2023\/02\/descarga-5.jpeg?fit=1200%2C675&ssl=1","fimg_url":"https:\/\/i0.wp.com\/litci.org\/es\/wp-content\/uploads\/2023\/02\/descarga-5.jpeg?fit=1200%2C675&ssl=1","categories_names":["Palestina"],"author_info":{"name":"Kely","pic":"https:\/\/secure.gravatar.com\/avatar\/19003bf6219614b90207b39bd4a2733ce9cf96693efdfd639b15a829beed53d1?s=96&d=mm&r=g"},"political_author":null,"tagline":"","jetpack_sharing_enabled":true,"_links":{"self":[{"href":"https:\/\/litci.org\/es\/wp-json\/wp\/v2\/posts\/73332","targetHints":{"allow":["GET"]}}],"collection":[{"href":"https:\/\/litci.org\/es\/wp-json\/wp\/v2\/posts"}],"about":[{"href":"https:\/\/litci.org\/es\/wp-json\/wp\/v2\/types\/post"}],"author":[{"embeddable":true,"href":"https:\/\/litci.org\/es\/wp-json\/wp\/v2\/users\/5"}],"replies":[{"embeddable":true,"href":"https:\/\/litci.org\/es\/wp-json\/wp\/v2\/comments?post=73332"}],"version-history":[{"count":2,"href":"https:\/\/litci.org\/es\/wp-json\/wp\/v2\/posts\/73332\/revisions"}],"predecessor-version":[{"id":78030,"href":"https:\/\/litci.org\/es\/wp-json\/wp\/v2\/posts\/73332\/revisions\/78030"}],"wp:featuredmedia":[{"embeddable":true,"href":"https:\/\/litci.org\/es\/wp-json\/wp\/v2\/media\/73334"}],"wp:attachment":[{"href":"https:\/\/litci.org\/es\/wp-json\/wp\/v2\/media?parent=73332"}],"wp:term":[{"taxonomy":"category","embeddable":true,"href":"https:\/\/litci.org\/es\/wp-json\/wp\/v2\/categories?post=73332"},{"taxonomy":"post_tag","embeddable":true,"href":"https:\/\/litci.org\/es\/wp-json\/wp\/v2\/tags?post=73332"}],"curies":[{"name":"wp","href":"https:\/\/api.w.org\/{rel}","templated":true}]}}