{"id":73240,"date":"2023-01-31T11:35:37","date_gmt":"2023-01-31T11:35:37","guid":{"rendered":"https:\/\/litci.org\/es\/?p=73240"},"modified":"2024-11-03T13:27:17","modified_gmt":"2024-11-03T13:27:17","slug":"2023-ya-expone-las-dificultades-del-gobierno","status":"publish","type":"post","link":"https:\/\/litci.org\/es\/2023-ya-expone-las-dificultades-del-gobierno\/","title":{"rendered":"2023 ya expone las dificultades del gobierno"},"content":{"rendered":"\n<p><em>Es demasiado pronto para decir si la primera gran dificultad a la que se ha enfrentado el Gobierno \u2013a saber, la relacionada con la subida del precio de la gasolina, provocada por las disposiciones combinadas del fin de las subvenciones lanzadas por el Ejecutivo anterior y la falta de realizaci\u00f3n de una promesa electoral (reducir los impuestos especiales sobre el combustible)\u2013 se\u00f1ala el final, o al menos el principio del final, de la luna de miel entre la coalici\u00f3n que gan\u00f3 las \u00faltimas elecciones y los electores.<\/em><em><\/em><\/p>\n\n\n\n<p>Por: Alberto Madoglio<\/p>\n\n\n\n<p><em><br><\/em>Parecer\u00eda que no, si confiamos en las encuestas que todav\u00eda muestran un s\u00f3lido consenso hacia el ejecutivo y en particular hacia el partido del primer ministro.&nbsp;Sin embargo, lo que la cuesti\u00f3n demuestra es la imposibilidad, en el marco de la situaci\u00f3n econ\u00f3mica nacional e internacional, de poner en marcha pol\u00edticas que de alguna manera puedan aliviar la situaci\u00f3n de malestar econ\u00f3mico y social que afecta a millones de trabajadores y trabajadoras, as\u00ed como a estratos de la peque\u00f1a burgues\u00eda que dio el voto a la coalici\u00f3n de centroderecha.<\/p>\n\n\n\n<p><strong>Un crecimiento que no borra los problemas hist\u00f3ricos del capitalismo italiano<\/strong><\/p>\n\n\n\n<p>Exist\u00eda la ilusi\u00f3n de que el crecimiento del PIB en 2021 y 2022 hab\u00eda marcado el final de la larga crisis que golpea la econom\u00eda nacional desde hace m\u00e1s de quince a\u00f1os.\u00a0En particular, los datos de crecimiento de 2022, que superaron todas las previsiones realizadas por diversos organismos financieros y gubernamentales, parec\u00edan confirmar esta idea.\u00a0En verdad, un an\u00e1lisis m\u00e1s preciso habr\u00eda sugerido una actitud m\u00e1s prudente, y\u00a0el<em> affaire <\/em>del combustible\u00a0fue solo la primera se\u00f1al de alarma que llama a todos a volver a la realidad.<\/p>\n\n\n\n<p><br>Despu\u00e9s del colapso de 2020 causado por la pandemia de Covid-19, era f\u00e1cil prever un repunte.\u00a0Y esto es lo que sucedi\u00f3 en 2021. El crecimiento de ese a\u00f1o tambi\u00e9n repercuti\u00f3 en el siguiente, tanto que la noticia reportada el 1 de febrero de 2022 por la agencia de noticias Ansa indicaba un +2,4 del PIB en 2022 debido a los datos del anterior a\u00f1o.<\/p>\n\n\n\n<p><br>No obstante, el crecimiento, depurado de aquel dato, fue inferior a 2%, nada desde\u00f1able si tenemos en cuenta los efectos negativos sobre la econom\u00eda causados por la agresi\u00f3n de Rusia a Ucrania iniciada hace poco menos de un a\u00f1o, pero en todo caso como para no justificar anuncios triunfantes y toques de trompeta.<br>De hecho, cabe recordar que Italia es la \u00fanica entre las grandes econom\u00edas del Viejo Continente que a\u00fan no ha recuperado el nivel de PIB anterior al estallido de la crisis provocada por las hipotecas subprime y la consiguiente quiebra del Lehman Brothers en 2008.<\/p>\n\n\n\n<p><br>Otros datos ensombrecen a\u00fan m\u00e1s el panorama.\u00a0La deuda p\u00fablica a\u00fan se mantiene en niveles elevados, lo que le impide, como a cualquier otro Gobierno, ir m\u00e1s all\u00e1 de medidas de maquillaje financiera, y conceder ayudas muy limitadas a los sectores m\u00e1s en crisis (l\u00edmite del aumento en el gas y la electricidad para algunos usuarios dom\u00e9sticos, por ejemplo) pero pagado con recortes en otras partidas (renta b\u00e1sica, bloqueo de recursos para aumentos salariales en el sector p\u00fablico, postergaci\u00f3n indefinida de cualquier hip\u00f3tesis de mejora del sistema de pensiones, etc.).<br>Esto tambi\u00e9n explica por qu\u00e9 Roma pudo destinar solo dos decenas de miles de millones de euros para limitar el peso de la factura energ\u00e9tica, frente a los cientos que preve\u00edan Berl\u00edn y Par\u00eds.<\/p>\n\n\n\n<p><br>Luego est\u00e1 el caso dram\u00e1tico del aumento de la inflaci\u00f3n, que ya super\u00f3 con creces el 10% anual, dato que no se registraba desde hac\u00eda m\u00e1s de cuarenta a\u00f1os.<br>Recordemos, adem\u00e1s, que no solo se trata del nivel m\u00e1s alto registrado en la Uni\u00f3n Europea, sino que tambi\u00e9n afecta salarios y gastos que, tambi\u00e9n aqu\u00ed \u00fanicos en el continente, han ca\u00eddo casi un 3% en t\u00e9rminos reales desde 1990.\u00a0Ni siquiera los proletarios de Grecia, Portugal y el Estado espa\u00f1ol, tambi\u00e9n afectados por dur\u00edsimas pol\u00edticas de austeridad, han sufrido tanto.<\/p>\n\n\n\n<p><strong>No hay soluci\u00f3n si no se cambia el sistema<\/strong><\/p>\n\n\n\n<p>Para 2023, como siempre, asistimos a un desaf\u00edo entre pesimistas y optimistas.\u00a0Los primeros se basan en previsiones, sobre todo la del Banco Mundial, que prev\u00e9 una recesi\u00f3n.\u00a0Los segundos, en particular los que apoyan al gobierno, bas\u00e1ndose en los datos de los dos \u00faltimos a\u00f1os que, como recordamos, han superado los auspicios, magnifican la capacidad de \u00abresiliencia\u00bb de la industria italiana, y las dotes de liderazgo en materia econ\u00f3mica de la premier Meloni y socios.<br>Tambi\u00e9n en este caso es la realidad la que asume la tarea de dirimir la disputa.\u00a0En concreto, la realidad est\u00e1 representada por los \u00faltimos datos sobre la producci\u00f3n industrial italiana.\u00a0Pues bien, Istat informa que en noviembre, \u00faltimo dato disponible, se produjo la tercera ca\u00edda mensual consecutiva, casi 4% respecto del mismo mes de 2021.<\/p>\n\n\n\n<p><br>En un intento por hacer el trago menos amargao, el sitio web de Milano Finanza afirma que el \u00abclima\u00bb de confianza de las empresas y las familias est\u00e1 mejorando y el desempleo se ha mantenido estable en cualquier caso (\u00a0<a href=\"http:\/\/www.milanofinanza.it\/\" target=\"_blank\" rel=\"noopener\">www.milanofinanza.it<\/a>\u00a013\/01\/2023).\u00a0Sin embargo, sabemos que los recortes de empleo, ya sean despidos, licencias u otros, suelen producirse con cierto retraso respecto a la ca\u00edda de la producci\u00f3n y la consiguiente ca\u00edda de los beneficios, por lo que es probable que esto se produzca en las pr\u00f3ximas semanas.<\/p>\n\n\n\n<p><br>El panorama internacional habla claro.\u00a0La guerra en Ucrania est\u00e1 lejos de cualquier perspectiva de paz o incluso de un alto el fuego.\u00a0China ha pasado de una pol\u00edtica de \u00abcero Covid\u00bb a una de \u00abtodo Covid\u00bb, se habla de casi 900.000.000 de infectados, lo que se traduce en un bloqueo de las actividades econ\u00f3micas.<\/p>\n\n\n\n<p><br>Cuando en marzo el Gobierno tenga que refinanciar las escasas ayudas asignadas, \u00bfqu\u00e9 podr\u00e1 hacer?\u00a0Sin lugar a dudas, en este sistema se prev\u00e9n tiempos oscuros para los proletarios en Italia.\u00a0La esperanza es que la clase obrera pueda finalmente liberar toda su rabia y su fuerza, hasta ahora reprimida, tambi\u00e9n gracias a la nefasta influencia de las burocracias sindicales, sobre todo la CGIL, que han trabajado a pleno para evitar explosiones de conflictividad social como las que venimos viendo desde hace meses en Gran Breta\u00f1a y en estos d\u00edas en Francia, en las luchas contra la reforma de las pensiones que quiere el presidente Macron.<\/p>\n\n\n\n<p><br>Es m\u00e1s que una esperanza.\u00a0Las luchas en los \u00faltimos a\u00f1os no han faltado: Whirlpool, Embraco, Gkn y Alitalia, por citar las m\u00e1s conocidas (y en lo que respecta a la ex aerol\u00ednea de bandera, la m\u00e1s grande y radical) demuestran que no es cierto, como explican algunos, que los trabajadores de la Bota ya no est\u00e1n dispuestos a luchar y sacrificarse para evitar un destino de miseria.<\/p>\n\n\n\n<p><br>Sin duda tendremos varios peque\u00f1os \u00abfocos\u00bb de rebeli\u00f3n.\u00a0Nuestra tarea como revolucionarios es hacer que estos enciendan un \u00abfuego\u00bb generalizado contra este sistema basado en la explotaci\u00f3n y la opresi\u00f3n.<\/p>\n\n\n\n<p>Art\u00edculo publicado en <a href=\"http:\/\/www.partitodialternativacomunista.org\" target=\"_blank\" rel=\"noopener\">www.partitodialternativacomunista.org<\/a>, 17\/1\/2023.-<\/p>\n\n\n\n<p>Traducci\u00f3n: Natalia Estrada.<\/p>\n","protected":false},"excerpt":{"rendered":"<p>Es demasiado pronto para decir si la primera gran dificultad a la que se ha enfrentado el Gobierno \u2013a saber, la relacionada con la subida del precio de la gasolina, provocada por las disposiciones combinadas del fin de las subvenciones lanzadas por el Ejecutivo anterior y la falta de realizaci\u00f3n de una promesa electoral (reducir [&hellip;]<\/p>\n","protected":false},"author":5,"featured_media":73241,"menu_order":0,"comment_status":"open","ping_status":"open","sticky":false,"template":"","format":"standard","meta":{"jetpack_post_was_ever_published":false,"_jetpack_newsletter_access":"","_jetpack_dont_email_post_to_subs":false,"_jetpack_newsletter_tier_id":0,"_jetpack_memberships_contains_paywalled_content":false,"litci_post_political_author":"","_jetpack_memberships_contains_paid_content":false,"footnotes":""},"categories":[2700,2657],"tags":[18195,2905],"class_list":["post-73240","post","type-post","status-publish","format-standard","has-post-thumbnail","hentry","category-italia","category-pdac-italia","tag-gobierno-de-italia","tag-italia-2"],"jetpack_featured_media_url":"https:\/\/i0.wp.com\/litci.org\/es\/wp-content\/uploads\/2023\/01\/7fbf16a6-bcca-468e-9e01-812f006ef570_alta-libre-aspect-ratio_default_0.jpg?fit=1200%2C800&ssl=1","fimg_url":"https:\/\/i0.wp.com\/litci.org\/es\/wp-content\/uploads\/2023\/01\/7fbf16a6-bcca-468e-9e01-812f006ef570_alta-libre-aspect-ratio_default_0.jpg?fit=1200%2C800&ssl=1","categories_names":["Italia","PdAC - Italia"],"author_info":{"name":"Kely","pic":"https:\/\/secure.gravatar.com\/avatar\/19003bf6219614b90207b39bd4a2733ce9cf96693efdfd639b15a829beed53d1?s=96&d=mm&r=g"},"political_author":null,"tagline":"","jetpack_sharing_enabled":true,"_links":{"self":[{"href":"https:\/\/litci.org\/es\/wp-json\/wp\/v2\/posts\/73240","targetHints":{"allow":["GET"]}}],"collection":[{"href":"https:\/\/litci.org\/es\/wp-json\/wp\/v2\/posts"}],"about":[{"href":"https:\/\/litci.org\/es\/wp-json\/wp\/v2\/types\/post"}],"author":[{"embeddable":true,"href":"https:\/\/litci.org\/es\/wp-json\/wp\/v2\/users\/5"}],"replies":[{"embeddable":true,"href":"https:\/\/litci.org\/es\/wp-json\/wp\/v2\/comments?post=73240"}],"version-history":[{"count":1,"href":"https:\/\/litci.org\/es\/wp-json\/wp\/v2\/posts\/73240\/revisions"}],"predecessor-version":[{"id":73242,"href":"https:\/\/litci.org\/es\/wp-json\/wp\/v2\/posts\/73240\/revisions\/73242"}],"wp:featuredmedia":[{"embeddable":true,"href":"https:\/\/litci.org\/es\/wp-json\/wp\/v2\/media\/73241"}],"wp:attachment":[{"href":"https:\/\/litci.org\/es\/wp-json\/wp\/v2\/media?parent=73240"}],"wp:term":[{"taxonomy":"category","embeddable":true,"href":"https:\/\/litci.org\/es\/wp-json\/wp\/v2\/categories?post=73240"},{"taxonomy":"post_tag","embeddable":true,"href":"https:\/\/litci.org\/es\/wp-json\/wp\/v2\/tags?post=73240"}],"curies":[{"name":"wp","href":"https:\/\/api.w.org\/{rel}","templated":true}]}}