{"id":73046,"date":"2023-01-11T14:01:24","date_gmt":"2023-01-11T14:01:24","guid":{"rendered":"https:\/\/litci.org\/es\/?p=73046"},"modified":"2024-11-03T13:27:19","modified_gmt":"2024-11-03T13:27:19","slug":"trabajadores-de-sidor-se-movilizan-por-salarios-y-reivindicaciones-laborales","status":"publish","type":"post","link":"https:\/\/litci.org\/es\/trabajadores-de-sidor-se-movilizan-por-salarios-y-reivindicaciones-laborales\/","title":{"rendered":"Venezuela | Trabajadores de Sidor se movilizan por salarios y reivindicaciones laborales"},"content":{"rendered":"\n<p>Este lunes 9 de enero de 2023, de manera simult\u00e1nea a que se realizaban las masivas movilizaciones de trabajadores educacionales y otros gremios del sector p\u00fablico en todo el pa\u00eds; los trabajadores de Sidor realizaron una serie de protestas, exigiendo salarios dignos, el cese de las violaciones a sus derechos establecidos en la convenci\u00f3n colectiva, as\u00ed como la recuperaci\u00f3n de las conquistas laborales arrebatadas por el gobierno de Nicol\u00e1s Maduro.<\/p>\n\n\n\n<p>Por UST-Venezuela<\/p>\n\n\n\n<p>Las protesta que inici\u00f3 con una nutrida asamblea, en horas de la ma\u00f1ana del 09\/01\/2023, avanz\u00f3 con la paralizaci\u00f3n de actividades en varias \u00e1reas de la empresa, la toma de los portones 1,4 y 6, trancas de calles, una caminata hasta la autopista Sim\u00f3n Bol\u00edvar, que comunica la ciudad de Puerto Ordaz con Ciudad Bol\u00edvar, extendi\u00e9ndose hasta horas de la noche, cuando los trabajadores decidieron hacer una vigilia en las inmediaciones del port\u00f3n 4 de la acer\u00eda.<\/p>\n\n\n\n<p>La mencionada vigil\u00eda a la altura del port\u00f3n 4 de la sider\u00fargica, fue, durante horas de la noche, asediada por efectivos de la represiva Guardia Nacional Bolivariana (GNB), que por m\u00e1s de dos horas cerraron los accesos de las calles aleda\u00f1as al port\u00f3n 4, impidiendo que familiares y amigos pudiesen hacer llegar agua, comida o cualquier tipo de ayuda solidaria a los trabajadores manifestantes.<\/p>\n\n\n\n<p>No obstante, esto no logr\u00f3 quebrar la resistencia de los sider\u00fargicos que hasta el mediod\u00eda de este martes 10 de enero seguian apostados manifest\u00e1ndose alrededor del port\u00f3n 4 de la empresa, expresando que no se retiraran hasta tanto no reciban una respuesta satisfactoria a sus reclamos.<\/p>\n\n\n\n<p>Dos aspectos son precisos de destacar al respecto de esta protesta, uno es la considerable masividad y la resistencia de los trabajadores en la misma y el otro es el hecho de que las acciones de protesta han sido decididas por fuera del control de las direcciones burocr\u00e1ticas que se abrogan la \u00abrepresentaci\u00f3n\u00bb de los trabajadores sidoristas e incluso en contra de las mismas, mediante la realizaci\u00f3n de asambleas de base.<\/p>\n\n\n\n<p>Desde la Unidad Socialista de los Trabajadores (UST), apoyamos la lucha de los trabajadores de Sidor, as\u00ed como sus reclamos por salarios iguales a la canasta b\u00e1sica, la defensa del contrato colectivo, la cancelaci\u00f3n de bonos vacacionales y de las prestaciones suspendidas desde mediados del a\u00f1o pasado, as\u00ed como tambien nos hacemos solidarios con las denuncias formuladas por estos en cuanto a atropellos patronales, arrebato de conquistas laborales, despidos indirectos bajo la figura de no requeridos, contra las jubilaciones forzosas implementadas por los directivos de la empresa y de la Corporaci\u00f3n Venezolana de Guayana (CVG), la represi\u00f3n contra los trabajadores que reclaman sus derechos y un largo etc\u00e9tera. Exigimos que todos estos reclamos sean atendidos.<\/p>\n\n\n\n<p>Exhortamos a los trabajadores y organizaciones sindicales, pol\u00edtico &#8211; sindicales de las empresas b\u00e1sicas y de otras industrias de la regi\u00f3n, as\u00ed como a las organizaciones populares y dem\u00e1s a rodear de solidaridad la lucha de los trabajadores sidoristas.<\/p>\n\n\n\n<p>Se\u00f1alamos que es pertinente propiciar la unidad con otros gremios de trabajadores en lucha como los que ayer 09\/01\/2023, se movilizaron en la manifestaci\u00f3n de los trabajadores educacionales, del sector salud, universitarios, entre otros.<\/p>\n\n\n\n<p>Por \u00faltimo consideramos que est\u00e1 lucha de los trabajadores de Sidor, adem\u00e1s de que debe ser ejemplo para el resto de los trabajadores del pa\u00eds; es parte integrante del proceso de reanimamiento de luchas obreras contra la destrucci\u00f3n salarial y el arrebato de nuestras conquistas y derechos laborales, contra la inflaci\u00f3n y la devaluaci\u00f3n promovida por el gobierno burgu\u00e9s de Nicol\u00e1s Maduro, contra la aplicaci\u00f3n del paquete de ajuste antiobrero y antipopular que este gobierno descarga contra los trabajadores y el pueblo humilde del pa\u00eds. Por lo tanto es de vital importancia rodearla del m\u00e1s irrestricto apoyo y solidaridad, extenderla y unificarla con otros conflictos en curso hasta derrotar al gobierno de Maduro y su pol\u00edtica ajustadora, hambreadora y represiva.<\/p>\n\n\n\n<p><strong>Martes 10 de enero 2023<\/strong><\/p>\n","protected":false},"excerpt":{"rendered":"<p>Este lunes 9 de enero de 2023, de manera simult\u00e1nea a que se realizaban las masivas movilizaciones de trabajadores educacionales y otros gremios del sector p\u00fablico en todo el pa\u00eds; los trabajadores de Sidor realizaron una serie de protestas, exigiendo salarios dignos, el cese de las violaciones a sus derechos establecidos en la convenci\u00f3n colectiva, [&hellip;]<\/p>\n","protected":false},"author":5,"featured_media":73047,"menu_order":0,"comment_status":"open","ping_status":"open","sticky":false,"template":"","format":"standard","meta":{"jetpack_post_was_ever_published":false,"_jetpack_newsletter_access":"","_jetpack_dont_email_post_to_subs":false,"_jetpack_newsletter_tier_id":0,"_jetpack_memberships_contains_paywalled_content":false,"litci_post_political_author":"","_jetpack_memberships_contains_paid_content":false,"footnotes":""},"categories":[2691,2737],"tags":[18140,18141,18142],"class_list":["post-73046","post","type-post","status-publish","format-standard","has-post-thumbnail","hentry","category-venezuela","category-movimiento-obrero","tag-trabajadores-de-sidor","tag-trabajadores-de-venezuela","tag-venezuela-trabajadores-de-sidor"],"jetpack_featured_media_url":"https:\/\/i0.wp.com\/litci.org\/es\/wp-content\/uploads\/2023\/01\/FmMe3UjXkAA46pY.jpeg?fit=1000%2C750&ssl=1","fimg_url":"https:\/\/i0.wp.com\/litci.org\/es\/wp-content\/uploads\/2023\/01\/FmMe3UjXkAA46pY.jpeg?fit=1000%2C750&ssl=1","categories_names":["Movimiento Obrero","Venezuela"],"author_info":{"name":"Kely","pic":"https:\/\/secure.gravatar.com\/avatar\/19003bf6219614b90207b39bd4a2733ce9cf96693efdfd639b15a829beed53d1?s=96&d=mm&r=g"},"political_author":null,"tagline":"","jetpack_sharing_enabled":true,"_links":{"self":[{"href":"https:\/\/litci.org\/es\/wp-json\/wp\/v2\/posts\/73046","targetHints":{"allow":["GET"]}}],"collection":[{"href":"https:\/\/litci.org\/es\/wp-json\/wp\/v2\/posts"}],"about":[{"href":"https:\/\/litci.org\/es\/wp-json\/wp\/v2\/types\/post"}],"author":[{"embeddable":true,"href":"https:\/\/litci.org\/es\/wp-json\/wp\/v2\/users\/5"}],"replies":[{"embeddable":true,"href":"https:\/\/litci.org\/es\/wp-json\/wp\/v2\/comments?post=73046"}],"version-history":[{"count":3,"href":"https:\/\/litci.org\/es\/wp-json\/wp\/v2\/posts\/73046\/revisions"}],"predecessor-version":[{"id":73057,"href":"https:\/\/litci.org\/es\/wp-json\/wp\/v2\/posts\/73046\/revisions\/73057"}],"wp:featuredmedia":[{"embeddable":true,"href":"https:\/\/litci.org\/es\/wp-json\/wp\/v2\/media\/73047"}],"wp:attachment":[{"href":"https:\/\/litci.org\/es\/wp-json\/wp\/v2\/media?parent=73046"}],"wp:term":[{"taxonomy":"category","embeddable":true,"href":"https:\/\/litci.org\/es\/wp-json\/wp\/v2\/categories?post=73046"},{"taxonomy":"post_tag","embeddable":true,"href":"https:\/\/litci.org\/es\/wp-json\/wp\/v2\/tags?post=73046"}],"curies":[{"name":"wp","href":"https:\/\/api.w.org\/{rel}","templated":true}]}}