{"id":72832,"date":"2022-12-07T03:40:48","date_gmt":"2022-12-07T03:40:48","guid":{"rendered":"https:\/\/litci.org\/es\/?p=72832"},"modified":"2024-11-03T13:27:21","modified_gmt":"2024-11-03T13:27:21","slug":"los-nadies-no-vivimos-sabroso-en-las-carceles-los-nadies-seguimos-luchando-por-justicia","status":"publish","type":"post","link":"https:\/\/litci.org\/es\/los-nadies-no-vivimos-sabroso-en-las-carceles-los-nadies-seguimos-luchando-por-justicia\/","title":{"rendered":"\u201cLos nadies no vivimos sabroso en las c\u00e1rceles, los nadies seguimos luchando por justicia\u201d"},"content":{"rendered":"\n<p>El indulto para los luchadores del paro nacional se cay\u00f3 en medio de las negociaciones con las bancadas del Congreso, como parte del texto de la Paz Total, Iv\u00e1n Cepeda celebra el hecho aduciendo que es una prueba de que \u201cnuestro gobierno sabe escuchar\u201d. Nosotros les decimos, \u00bfescuchar a qui\u00e9n? Tal vez a la derecha, a los polic\u00edas responsables de m\u00e1s de 89 asesinatos, a los explotadores y a los opresores, porque al pueblo trabajador, a los campesinos, a los ind\u00edgenas, a los detenidos y a sus familias, y en resumen a los luchadores del Paro, no han escuchado.<\/p>\n\n\n\n<p>Para hablar de este tema, El Socialista entrevist\u00f3 a Nia, joven colombiana, quien fue parte de las luchas de resistencia durante el paro nacional de 2021 en la ciudad de Cali. Igualmente, hace parte de una gran cantidad de j\u00f3venes y luchadores que votaron por Petro y Francia con la expectativa de un cambio, y que esperan que cumpla su promesa de liberar a los presos por luchar, cosa que hasta ahora no ha sucedido.<\/p>\n\n\n\n<p><em>\u00bfCu\u00e9ntanos brevemente qui\u00e9n eres y como participaste del paro del 2021?<\/em><\/p>\n\n\n\n<p>R\/ Soy una joven en busca de oportunidades buscando cambiar un poco mi pa\u00eds y dejarle algo mejor a las pr\u00f3ximas generaciones. Particip\u00e9 activamente en el estallido social, con donaciones, apoyo y siempre en resistencia.<\/p>\n\n\n\n<p><em>\u00bfQu\u00e9 opinas t\u00fa y dem\u00e1s j\u00f3venes que lucharon en el paro nacional del actual gobierno y su pol\u00edtica? \u00bfEn especial que opinan de lo que ha hecho el gobierno para liberar a los presos?<\/em><\/p>\n\n\n\n<p>R\/ como joven individual lucho por la liberaci\u00f3n de los presos pol\u00edticos, \u201cliberar a los q nos liberaron\u201d, en general los j\u00f3venes pensamos que es un poco ineficiente el actuar del gobierno actual, pero tambi\u00e9n sabemos que el actual gobierno no puede pasar del todo por encima de las leyes por q se convertir\u00eda en una dictadura; no es solo las ganas, sino que las leyes y las instituciones est\u00e1n hechas para evitar que se le d\u00e9 la libertad a los luchadores.<\/p>\n\n\n\n<p><em>Sabemos que muchos j\u00f3venes como t\u00fa votaron por Petro, \u00bfque esperaba la juventud de Petro?<\/em><\/p>\n\n\n\n<p>R\/Nosotros tenemos la esperanza de que haya justicia, de que cambie el narco estado que vivimos; y nos importa mucho la justicia clim\u00e1tica, porque no podemos olvidar la importancia de la Amazon\u00eda y todo el problema ambiental.<\/p>\n\n\n\n<p><em>\u00bfEsas expectativas se han cumplido? \u00bfComo ven que se haya retirado el indulto del proyecto de ley de Paz Total?<\/em><\/p>\n\n\n\n<p>R\/ para empezar, no hay \u201cpaz total\u201d hasta tanto los presos pol\u00edticos no est\u00e9n libres y no se desmonte el ESMAD y el resto del pie de fuerza no responda como el ESMAD. La ca\u00edda del indulto del proyecto de ley abre la puerta para poder condenar a todos los presos del Paro; se vio hace poco con \u201c19\u201d y otros compa\u00f1eros de Portal Resistencia, sabemos q esto sucede as\u00ed porque la Fiscal\u00eda act\u00faa independientemente, y el fiscal Barbosa siempre ha tenido la pol\u00edtica de criminalizar la protesta.<\/p>\n\n\n\n<p><em>Mucha gente cree que los j\u00f3venes detenidos son parte de una organizaci\u00f3n terrorista llamada primera l\u00ednea. \u00bfEn realidad qu\u00e9 es la primera l\u00ednea?<\/em><\/p>\n\n\n\n<p>R\/ la primera l\u00ednea se conforma de j\u00f3venes armados de valor, escudos, piedras y dem\u00e1s cosas que no son letales; no se trata de una organizaci\u00f3n como tal, mucho menos terrorista; sino de una forma en que los j\u00f3venes durante las movilizaciones o paros se organizan para defenderse ante armas que han quitado ojos, miembros y vidas como la de Dilan Cruz, entre muchos otros.<\/p>\n\n\n\n<p><em>\u00bfQu\u00e9 le dir\u00edas hoy a los trabajadores, a los que votaron por Petro y a muchos que siguen confiando en \u00e9l?<\/em><\/p>\n\n\n\n<p>R\/ lo primero, es que no podemos perder la fe tan r\u00e1pido. Este es un gobierno reciente, no pretendamos esperar que Petro y Francia sean la soluci\u00f3n de los problemas del pa\u00eds que por m\u00e1s de 20 a\u00f1os, los anteriores gobiernos han hecho migajas.<\/p>\n\n\n\n<p><strong><em>A la sociedad les decimos que los nadies no vivimos sabroso en las c\u00e1rceles, los nadies seguimos luchando por justicia.<\/em><\/strong><\/p>\n\n\n\n<p><em>\u00bfQu\u00e9 mensaje le env\u00edas a los detenidos?<\/em><\/p>\n\n\n\n<p>R\/ que no abandonaremos las calles, porque si las dejamos ellos ganan, que nunca los olvidaremos, sus nombres seguir\u00e1n sonando hasta verlos en libertad, y que esperamos reforzar la cadena de afectos para no dejar de exigir su libertad.<\/p>\n\n\n\n<p><em>\u00bfQu\u00e9 crees que podemos hacer para lograr la libertad de los presos por luchar?<\/em><\/p>\n\n\n\n<p>R\/No es esperar que el gobierno haga o no haga, ya que la fiscal\u00eda igualmente sigue actuando como un cuerpo independiente. El se\u00f1or Barbosa tiene como meta, como un prop\u00f3sito condenar a largos a\u00f1os de c\u00e1rcel a cada preso pol\u00edtico, por eso una exigencia urgente del movimiento debe ser la renuncia o la salida urgente de Barbosa de la Fiscal\u00eda.<\/p>\n\n\n\n<p><em> \u00bfSe han estado dando manifestaciones juveniles por la libertad de los presos, \u00bfCu\u00e1l ha sido la respuesta del Estado?<\/em><\/p>\n\n\n\n<p>R\/ todo se resume en represi\u00f3n y m\u00e1s represi\u00f3n. Por ejemplo, el 23 de octubre durante una movilizaci\u00f3n por la libertad de los presos, el ESMAD nos atac\u00f3, luego nos detuvieron en la tanqueta sin justa raz\u00f3n despu\u00e9s de perseguirnos con \u201ctaser\u201d (pistola de electrochoques), unidades motorizadas y de mucho abuso de autoridad; finalmente como no exist\u00eda ninguna prueba para acusarnos de ning\u00fan delito tuvieron que liberarnos, demostrando que se trat\u00f3 de una captura injusta. Lo mismo se vivi\u00f3 el 28 de octubre en el plant\u00f3n frente al Bunker de la Fiscal\u00eda, est\u00e1bamos tranquilos realizando un acto simb\u00f3lico cuando sali\u00f3 el ESMAD de las instalaciones de una manera muy agresiva a reprimir sin raz\u00f3n, estaban escondidos dentro del mismo Bunker y nos atacaron, de eso existen muchos videos que as\u00ed lo prueban. La verdad si la respuesta sigue siendo la represi\u00f3n, anunciamos que no dejaremos de luchar.<\/p>\n\n\n\n<p>nota: entrevista realizada el 15 de Noviembre de 2022<\/p>\n","protected":false},"excerpt":{"rendered":"<p>El indulto para los luchadores del paro nacional se cay\u00f3 en medio de las negociaciones con las bancadas del Congreso, como parte del texto de la Paz Total, Iv\u00e1n Cepeda celebra el hecho aduciendo que es una prueba de que \u201cnuestro gobierno sabe escuchar\u201d. Nosotros les decimos, \u00bfescuchar a qui\u00e9n? Tal vez a la derecha, [&hellip;]<\/p>\n","protected":false},"author":8,"featured_media":72833,"menu_order":0,"comment_status":"open","ping_status":"open","sticky":false,"template":"","format":"standard","meta":{"jetpack_post_was_ever_published":false,"_jetpack_newsletter_access":"","_jetpack_dont_email_post_to_subs":false,"_jetpack_newsletter_tier_id":0,"_jetpack_memberships_contains_paywalled_content":false,"litci_post_political_author":"","_jetpack_memberships_contains_paid_content":false,"footnotes":""},"categories":[2659,2678],"tags":[3077,6069],"class_list":["post-72832","post","type-post","status-publish","format-standard","has-post-thumbnail","hentry","category-pst-colombia","category-colombia","tag-colombia-3","tag-presos-politicos"],"jetpack_featured_media_url":"https:\/\/i0.wp.com\/litci.org\/es\/wp-content\/uploads\/2022\/12\/descarga-1.jpeg?fit=1024%2C682&ssl=1","fimg_url":"https:\/\/i0.wp.com\/litci.org\/es\/wp-content\/uploads\/2022\/12\/descarga-1.jpeg?fit=1024%2C682&ssl=1","categories_names":["Colombia","PST - Colombia"],"author_info":{"name":"Ingrid T","pic":"https:\/\/secure.gravatar.com\/avatar\/b3c042be910a2d715b6579f61f428fd3b1acd5921a466fc6b3b9fd3e8e72f6a2?s=96&d=mm&r=g"},"political_author":null,"tagline":"","jetpack_sharing_enabled":true,"_links":{"self":[{"href":"https:\/\/litci.org\/es\/wp-json\/wp\/v2\/posts\/72832","targetHints":{"allow":["GET"]}}],"collection":[{"href":"https:\/\/litci.org\/es\/wp-json\/wp\/v2\/posts"}],"about":[{"href":"https:\/\/litci.org\/es\/wp-json\/wp\/v2\/types\/post"}],"author":[{"embeddable":true,"href":"https:\/\/litci.org\/es\/wp-json\/wp\/v2\/users\/8"}],"replies":[{"embeddable":true,"href":"https:\/\/litci.org\/es\/wp-json\/wp\/v2\/comments?post=72832"}],"version-history":[{"count":1,"href":"https:\/\/litci.org\/es\/wp-json\/wp\/v2\/posts\/72832\/revisions"}],"predecessor-version":[{"id":72834,"href":"https:\/\/litci.org\/es\/wp-json\/wp\/v2\/posts\/72832\/revisions\/72834"}],"wp:featuredmedia":[{"embeddable":true,"href":"https:\/\/litci.org\/es\/wp-json\/wp\/v2\/media\/72833"}],"wp:attachment":[{"href":"https:\/\/litci.org\/es\/wp-json\/wp\/v2\/media?parent=72832"}],"wp:term":[{"taxonomy":"category","embeddable":true,"href":"https:\/\/litci.org\/es\/wp-json\/wp\/v2\/categories?post=72832"},{"taxonomy":"post_tag","embeddable":true,"href":"https:\/\/litci.org\/es\/wp-json\/wp\/v2\/tags?post=72832"}],"curies":[{"name":"wp","href":"https:\/\/api.w.org\/{rel}","templated":true}]}}