{"id":72306,"date":"2022-10-21T21:44:40","date_gmt":"2022-10-21T21:44:40","guid":{"rendered":"https:\/\/litci.org\/es\/?p=72306"},"modified":"2024-11-03T13:27:25","modified_gmt":"2024-11-03T13:27:25","slug":"partido-de-los-trabajadores-17-anos-construyendo-una-alternativa-obrera-y-socialista-en-costa-rica","status":"publish","type":"post","link":"https:\/\/litci.org\/es\/partido-de-los-trabajadores-17-anos-construyendo-una-alternativa-obrera-y-socialista-en-costa-rica\/","title":{"rendered":"Partido de los Trabajadores: 17 a\u00f1os construyendo una alternativa obrera y socialista en Costa Rica"},"content":{"rendered":"\n<p><em><br>\u201cNo somos un partido igual a los dem\u00e1s. No ambicionamos solamente tener m\u00e1s afiliados, m\u00e1s peri\u00f3dicos, m\u00e1s dinero, m\u00e1s diputados. Todo eso hace falta, pero no es m\u00e1s que un medio. Nuestro objetivo es la total liberaci\u00f3n, material y espiritual, de los trabajadores y de los explotados por medio de la revoluci\u00f3n socialista\u201d<\/em><\/p>\n\n\n\n<p>Le\u00f3n Trotsky, Fundaci\u00f3n de la Cuarta Internacional, 1938.<\/p>\n\n\n\n<h4 class=\"wp-block-heading\"><strong>La existencia de un partido revolucionario en Costa Rica es un hecho<\/strong><\/h4>\n\n\n\n<p>El 21 de octubre se cumplen 17 a\u00f1os de fundaci\u00f3n del Partido de los Trabajadores. Celebramos un a\u00f1o m\u00e1s de la existencia de un instrumento pol\u00edtico que busca la emancipaci\u00f3n total de las y los trabajadores en nuestro pa\u00eds y en el mundo.<\/p>\n\n\n\n<p>Aunque peque\u00f1o a\u00fan en tama\u00f1o, es un hecho conocido entre la vanguardia y un sector del movimiento sindical y popular la existencia de una organizaci\u00f3n que se empe\u00f1a en defender las banderas de la revoluci\u00f3n, del socialismo y la democracia obrera. Esa organizaci\u00f3n es el Partido de los Trabajadores, su existencia es un hecho incuestionable y un triunfo de la clase obrera.\u00a0\u00a0<\/p>\n\n\n\n<p><strong>Por PT &#8211; Costa Rica<\/strong><\/p>\n\n\n\n<h4 class=\"wp-block-heading\"><strong>El internacionalismo proletario<\/strong><\/h4>\n\n\n\n<p>El partido surge cuando un grupo de estudiantes, en el a\u00f1o 2005, salieron de otra organizaci\u00f3n llamada MTC, por defender la necesidad de construir un partido vinculado org\u00e1nicamente a la experiencia de la Liga Internacional de los Trabajadores. Desde su nacimiento, hemos luchado contra las desviaciones \u201cnacionalistas\u201d, lig\u00e1ndose al proceso m\u00e1s din\u00e1mico de reconstrucci\u00f3n del partido mundial de la revoluci\u00f3n: la LIT-CI. Esa convicci\u00f3n internacionalista nunca ha abandonado al partido, creemos firmemente que no existe \u201csocialismo nacional\u201d y que no es posible construir organizaciones socialistas sin ser parte de un movimiento mundial, sin ser parte de un partido mundial de la revoluci\u00f3n socialista organizado sobre la base del centralismo democr\u00e1tico.<\/p>\n\n\n\n<p>Este internacionalismo es tambi\u00e9n el que nos impuls\u00f3 a ayudar a reconstruir la LIT-CI en Centroam\u00e9rica, lucha hoy materializada en la existencia del PST hondure\u00f1o y el PCT salvadore\u00f1o.<\/p>\n\n\n\n<p>El internacionalismo proletario de nuestro partido tambi\u00e9n est\u00e1 presente en nuestra constante militancia entre los obreros y campesinos nicarag\u00fcenses en Costa Rica y en la lucha desde el primer d\u00eda contra las tiran\u00edas en los pa\u00edses vecinos de Daniel Ortega, Bukele, Roberto Michelleti y Juan Orlando Hern\u00e1ndez.<\/p>\n\n\n\n<p>M\u00e1s all\u00e1 de las fronteras centroamericanas con nuestra permanente colaboraci\u00f3n en los procesos m\u00e1s avanzados de la lucha de clases, hoy en d\u00eda representados, por ejemplo, en la revoluci\u00f3n chilena y con el apoyo obrero a la resistencia en Ucrania.<\/p>\n\n\n\n<h4 class=\"wp-block-heading\"><strong>El movimiento estudiantil<\/strong><\/h4>\n\n\n\n<p>El partido surgi\u00f3 en el movimiento estudiantil de la UCR; entre 2004 y 2012 jug\u00f3 un rol hegem\u00f3nico a trav\u00e9s de la corriente Convergencia, dirigiendo la Federaci\u00f3n de Estudiantes. All\u00ed luchamos por dinamizar el movimiento estudiantil y educarlo en m\u00e9todos de lucha directa, mecanismos de decisi\u00f3n democr\u00e1ticos, asamblearios, en construir una alianza obrero-estudiantil. As\u00ed luchamos por m\u00e1s becas y cupos, por edificios nuevos como el de Ciencias Sociales y Tecnolog\u00edas en Salud, se ocup\u00f3 varias veces el edificio de la Rector\u00eda y se construy\u00f3 un Encuentro Nacional de Estudiantes para luchar por el 8% del PIB a la educaci\u00f3n p\u00fablica y 1,5% para el FEES (banderas a\u00fan actuales). Para desplazarnos de la direcci\u00f3n del movimiento estudiantil se necesit\u00f3 un acuerdo corrupto entre el FA y PAC. Los efectos desorganizadores de ese nefasto pacto a\u00fan se sienten en el movimiento estudiantil.<\/p>\n\n\n\n<h4 class=\"wp-block-heading\"><strong>Antimperialismo<\/strong><\/h4>\n\n\n\n<p>Desde el movimiento estudiantil y en alianza con un sector del sindicalismo combativo, llevamos adelante la lucha contra el TLC en el a\u00f1o 2007, bajo la consigna huelga general contra el TLC, para diferenciarse del sector del PAC, los acad\u00e9micos y el sindicalismo blanco que apost\u00f3 por la lucha v\u00eda refer\u00e9ndum. En las aguas podridas de la democracia burguesa fue derrotado el movimiento, nuestro partido sali\u00f3 p\u00fablicamente a desconocer los resultados de ese proceso electoral. Fue la primera gran batalla contra la \u201csacrosanta democracia burguesa\u201d.<\/p>\n\n\n\n<h4 class=\"wp-block-heading\"><strong>El movimiento sindical y la lucha por la democracia sindical<\/strong><\/h4>\n\n\n\n<p>Luego el partido tuvo un giro hacia el movimiento sindical donde en dos ocasiones enfrent\u00f3 a la burocracia de Albino Vargas en la ANEP, en el mejor momento la tendencia RESCATE logr\u00f3 el 40% de los votos y fue solamente por los m\u00e9todos gansteriles de la burocracia sindical que no se logr\u00f3 una revoluci\u00f3n democr\u00e1tica en la ANEP. Entre el movimiento de empleados p\u00fablicos el partido ha llevado adelante una propuesta de sindicalismo combativo y democr\u00e1tico que busque la unidad de los empleados p\u00fablicos y los trabajadores del sector privados, esta ha sido nuestra bandera dentro de la ANEP, APSE, ANDE, SINDEU, UNATROPYT. Este proyecto ha permitido llevar a nuestro compa\u00f1ero Jhon Vega a la junta directiva de APSE en un verdadero remez\u00f3n antiburocr\u00e1tico en ese sindicato. Un reconocimiento de a\u00f1os de lucha por un sindicalismo de lucha y democr\u00e1tico.<\/p>\n\n\n\n<h4 class=\"wp-block-heading\"><strong>La lucha por la reforma agraria<\/strong>&nbsp;<\/h4>\n\n\n\n<p>El giro a construir un partido del pueblo trabajador se profundiz\u00f3 cuando iniciamos el trabajo entre los campesinos sin tierra, en abril de 2011 iniciamos la lucha por la tierra en Medio Queso de Los Chiles, provincia de Alajue, logrando la expropiaci\u00f3n en el a\u00f1o 2013. Hoy el partido acompa\u00f1a la experiencia de la Alianza Campesina, una ocupaci\u00f3n de tierras en 8 asentamientos y que involucra a 600 familias. La consigna sigue siendo la lucha por la reforma agraria y Tierra para el que la Trabaja. En estas luchas hemos enfrentado los enga\u00f1os de los bur\u00f3cratas del INDER de cuatro gobiernos distintos y el matonismo de los cuerpos de polic\u00eda y parapoliciales que campean libremente en el norte del pa\u00eds.<\/p>\n\n\n\n<h4 class=\"wp-block-heading\"><strong>El sindicalismo en el proletariado industrial y agr\u00edcola<\/strong><\/h4>\n\n\n\n<p>En el 2016, el partido acompa\u00f1\u00f3 la fundaci\u00f3n de SITRASEP desde donde se ha impulsado el sindicalismo en la empresa privada, en medio de la dura dictadura patronal que impera en las f\u00e1bricas de nuestro pa\u00eds. All\u00ed hemos acompa\u00f1ado la lucha y la organizaci\u00f3n de decenas de conflictos en las bananeras, las pi\u00f1eras, las construcciones y las empresas tercerizadas.<\/p>\n\n\n\n<p>Recientemente este trabajo se ha visto ampliado con la coordinaci\u00f3n y apoyo a los trabajos de UDECO en la Dos Pinos y SINATRAA. Podemos decir con todo orgullo que somos la organizaci\u00f3n pol\u00edtica cuyo centro es construirse en la clase obrera y ayudar a desarrollar una vanguardia obrera con conciencia socialista.<\/p>\n\n\n\n<h4 class=\"wp-block-heading\"><strong>Lucha contra las opresiones<\/strong><\/h4>\n\n\n\n<p>La lucha combinada contra la explotaci\u00f3n y la opresi\u00f3n ha acompa\u00f1ado siempre la formaci\u00f3n del partido en las luchas obreras y campesinas. Hemos destacado la lucha contra la xenofobia, para nosotros Centroam\u00e9rica es una sola naci\u00f3n y los trabajadores nicarag\u00fcenses la vanguardia de la lucha contra el capitalismo en nuestro pa\u00eds.<\/p>\n\n\n\n<p>Pero desde muy temprano nuestro partido tambi\u00e9n ha destacado en la lucha contra todas las formas de opresi\u00f3n y violencia contra las mujeres, desde nuestra fundaci\u00f3n hemos hecho nuestro el programa: educaci\u00f3n sexual cient\u00edfica, anticonceptivos gratuitos y derecho a decidir, como parte de la lucha contra el machismo. Aunque algunos partidos esconden este programa para no perder votos, nuestra organizaci\u00f3n ha sido la \u00fanica fuerza pol\u00edtica nacional que defiende sin ambages el derecho a decidir de las mujeres sobre su propio cuerpo. Pero no solamente es este programa democr\u00e1tico el que enarbolamos, hemos tambi\u00e9n realizado campa\u00f1as por la socializaci\u00f3n de las labores de cuido, es decir nuestro partido concibe la lucha por la liberaci\u00f3n de la mujer, como parte integrante de la lucha por la emancipaci\u00f3n de la clase obrera.<\/p>\n\n\n\n<h4 class=\"wp-block-heading\"><strong>Lucha contra la democracia de los ricos<\/strong><\/h4>\n\n\n\n<p>En contra de los prejuicios anarquistas y autonomistas nuestra organizaci\u00f3n ha participado en cuatro ocasiones en procesos electorales, usando las libertades democr\u00e1ticas para denunciar la falsedad del r\u00e9gimen de la democracia de los ricos y agitar nuestra propuesta socialista. Por primera vez decenas de miles de personas escucharon las propuestas socialistas en su vida. \u201cTirios y troyanos\u201d ha reconocido el valor y la seriedad con la que nuestros candidatos han enfrentado a los candidatos de la burgues\u00eda y el reformismo.<\/p>\n\n\n\n<p>Usamos las elecciones como un espacio para enfrentar a la burgues\u00eda y el reformismo, para proponer nuestras ideas socialistas, no para adormecer la conciencia de lucha como lo han hecho por a\u00f1os el \u201cprogresismo\u201d en sus dos variantes el PAC y el FA.<\/p>\n\n\n\n<h4 class=\"wp-block-heading\"><strong>Nuestras tareas hoy<\/strong><\/h4>\n\n\n\n<p>Estamos en presencia de la descomposici\u00f3n org\u00e1nica del neoliberalismo, la clase obrera ha ten\u00eda que sufrir los embates de la pandemia y de la guerra. La vida es insoportable, desempleo de 13,3%, millones en pobreza, casi un mill\u00f3n de trabajadores en la informalidad, inflaci\u00f3n de 12%, los salarios congelados, los servicios p\u00fablicos recortados brutalmente. La clase dominante en total perplejidad, ese es el gobierno de Rodrigo Chaves. Un gobierno que surge del malestar con la pol\u00edtica tradicional, que moviliza el conservadurismo y el machismo para sus propias filas y que como todos gobierna para los s\u00faper ricos.&nbsp; Ese es hoy nuestro principal enemigo en el pa\u00eds.<\/p>\n\n\n\n<p>Hoy nuestro partido ocupa el espacio de la oposici\u00f3n de izquierda radical al gobierno y al r\u00e9gimen de la democracia de los ricos y somos el partido del trabajo entre los migrantes obreros y campesinos, as\u00ed como el que lucha activamente contra todas las opresiones, contra las mujeres, los j\u00f3venes, la comunidad trans y LGTB+.<\/p>\n\n\n\n<p>Frente al gobierno de Rodrigo Chaves el gobierno de la descomposici\u00f3n neoliberal nuestro partido mantiene m\u00e1s vigentes que nunca sus propuestas y sus tareas: Un partido construido en la lucha de la clase obrera y los campesinos. Un partido para la lucha contra las opresiones, un partido que lucha por la unificaci\u00f3n socialista de Centroam\u00e9rica y que contribuye activamente en la construcci\u00f3n de la LIT-CI el embri\u00f3n de partido mundial de la revoluci\u00f3n socialista.&nbsp;&nbsp;<\/p>\n\n\n\n<p>Invitamos a toda la vanguardia estudiantil, obrera y campesina de este pa\u00eds a que conozca nuestra propuesta y nuestras ideas, a construir con nosotros el Partido de los Trabajadores, el partido de las luchas, de la revoluci\u00f3n y el socialismo.&nbsp;<\/p>\n","protected":false},"excerpt":{"rendered":"<p>\u201cNo somos un partido igual a los dem\u00e1s. No ambicionamos solamente tener m\u00e1s afiliados, m\u00e1s peri\u00f3dicos, m\u00e1s dinero, m\u00e1s diputados. Todo eso hace falta, pero no es m\u00e1s que un medio. Nuestro objetivo es la total liberaci\u00f3n, material y espiritual, de los trabajadores y de los explotados por medio de la revoluci\u00f3n socialista\u201d Le\u00f3n Trotsky, [&hellip;]<\/p>\n","protected":false},"author":5,"featured_media":72307,"menu_order":0,"comment_status":"open","ping_status":"open","sticky":false,"template":"","format":"standard","meta":{"jetpack_post_was_ever_published":false,"_jetpack_newsletter_access":"","_jetpack_dont_email_post_to_subs":false,"_jetpack_newsletter_tier_id":0,"_jetpack_memberships_contains_paywalled_content":false,"litci_post_political_author":"","_jetpack_memberships_contains_paid_content":false,"footnotes":""},"categories":[2662,2679],"tags":[],"class_list":["post-72306","post","type-post","status-publish","format-standard","has-post-thumbnail","hentry","category-pt-costa-rica","category-costa-rica"],"jetpack_featured_media_url":"https:\/\/i0.wp.com\/litci.org\/es\/wp-content\/uploads\/2022\/10\/279902992_305795545069794_7443194871513261301_n.jpg?fit=2000%2C1500&ssl=1","fimg_url":"https:\/\/i0.wp.com\/litci.org\/es\/wp-content\/uploads\/2022\/10\/279902992_305795545069794_7443194871513261301_n.jpg?fit=2000%2C1500&ssl=1","categories_names":["Costa Rica","PT - Costa Rica"],"author_info":{"name":"Kely","pic":"https:\/\/secure.gravatar.com\/avatar\/19003bf6219614b90207b39bd4a2733ce9cf96693efdfd639b15a829beed53d1?s=96&d=mm&r=g"},"political_author":null,"tagline":"","jetpack_sharing_enabled":true,"_links":{"self":[{"href":"https:\/\/litci.org\/es\/wp-json\/wp\/v2\/posts\/72306","targetHints":{"allow":["GET"]}}],"collection":[{"href":"https:\/\/litci.org\/es\/wp-json\/wp\/v2\/posts"}],"about":[{"href":"https:\/\/litci.org\/es\/wp-json\/wp\/v2\/types\/post"}],"author":[{"embeddable":true,"href":"https:\/\/litci.org\/es\/wp-json\/wp\/v2\/users\/5"}],"replies":[{"embeddable":true,"href":"https:\/\/litci.org\/es\/wp-json\/wp\/v2\/comments?post=72306"}],"version-history":[{"count":1,"href":"https:\/\/litci.org\/es\/wp-json\/wp\/v2\/posts\/72306\/revisions"}],"predecessor-version":[{"id":72308,"href":"https:\/\/litci.org\/es\/wp-json\/wp\/v2\/posts\/72306\/revisions\/72308"}],"wp:featuredmedia":[{"embeddable":true,"href":"https:\/\/litci.org\/es\/wp-json\/wp\/v2\/media\/72307"}],"wp:attachment":[{"href":"https:\/\/litci.org\/es\/wp-json\/wp\/v2\/media?parent=72306"}],"wp:term":[{"taxonomy":"category","embeddable":true,"href":"https:\/\/litci.org\/es\/wp-json\/wp\/v2\/categories?post=72306"},{"taxonomy":"post_tag","embeddable":true,"href":"https:\/\/litci.org\/es\/wp-json\/wp\/v2\/tags?post=72306"}],"curies":[{"name":"wp","href":"https:\/\/api.w.org\/{rel}","templated":true}]}}