{"id":72248,"date":"2022-10-15T13:22:22","date_gmt":"2022-10-15T13:22:22","guid":{"rendered":"https:\/\/litci.org\/es\/?p=72248"},"modified":"2024-11-03T13:27:25","modified_gmt":"2024-11-03T13:27:25","slug":"segunda-vuelta-para-derrotar-a-bolsonaro-voto-critico-a-lula","status":"publish","type":"post","link":"https:\/\/litci.org\/es\/segunda-vuelta-para-derrotar-a-bolsonaro-voto-critico-a-lula\/","title":{"rendered":"Segunda vuelta: para derrotar a Bolsonaro, voto cr\u00edtico a Lula"},"content":{"rendered":"\n<p><em>En la primera vuelta de las elecciones, el PSTU y el Polo Socialista y Revolucionario presentaron una alternativa de independencia de clase, que defend\u00eda que los trabajadores no pod\u00edan ser rehenes de los candidatos de derecha o de la conciliaci\u00f3n, junto con&nbsp; los grandes empresarios, banqueros y el agronegocio.<\/em><\/p>\n\n\n\n<p><strong>Por: Redacci\u00f3n PSTU Brasil<\/strong><\/p>\n\n\n\n<p>Por el contrario, nuestras candidaturas, tanto de Vera y Raquel a la presidencia, como las estaduales, realizaron una heroica campa\u00f1a, defendiendo el fortalecimiento de la organizaci\u00f3n y de la movilizaci\u00f3n de los trabajadores, a trav\u00e9s de un programa que incluye la expropiaci\u00f3n de multimillonarios y la estrategia de un gobierno socialista de los trabajadores y del pueblo pobre.<\/p>\n\n\n\n<p>Ahora, en la segunda vuelta, cuando no podemos presentar una candidatura independiente, el PSTU defiende el voto cr\u00edtico a Lula para derrotar a Bolsonaro en las elecciones.&nbsp;\u00bfPor qu\u00e9 un voto por Lula y por qu\u00e9 un voto cr\u00edtico?<\/p>\n\n\n\n<p>Porque Bolsonaro tiene un proyecto autoritario y amenaza las libertades democr\u00e1ticas.&nbsp;Seguir al frente del aparato del Estado es un camino abierto que, dadas las circunstancias, le facilitar\u00eda avanzar en un cambio reaccionario y bonapartista de r\u00e9gimen.&nbsp;Por eso, en la segunda vuelta, el PSTU har\u00e1 campa\u00f1a, junto a los trabajadores, contra Bolsonaro, llamando a un voto cr\u00edtico, porque sabemos que el bolsonarismo solo ser\u00e1 derrotado con movilizaci\u00f3n, autodefensa, y otro proyecto para el pa\u00eds.<\/p>\n\n\n\n<p>Llamamos, entonces, al voto cr\u00edtico por Lula y ayudaremos en la derrota electoral de Bolsonaro.&nbsp;Pero alertamos que no debemos confiar en un futuro gobierno de Lula, ni hacernos ilusiones de que solo con la derrota electoral de Bolsonaro se acabar\u00e1 el bolsonarismo.&nbsp;Por el contrario, no solo seguir\u00e1 existiendo, sino que podr\u00e1 hacerse a\u00fan m\u00e1s fuerte de aqu\u00ed en adelante si no avanzamos en la movilizaci\u00f3n, conciencia, organizaci\u00f3n y autodefensa de la clase, as\u00ed como en la construcci\u00f3n de una alternativa socialista y revolucionaria.<\/p>\n\n\n\n<p>Derrotar a Bolsonaro en las elecciones lo debilita y lo retrasa, por ahora.&nbsp;Pero las condiciones econ\u00f3micas y sociales que permiten su fortalecimiento no ser\u00e1n cambiadas por un gobierno con un programa liberal-burgu\u00e9s y de alianza con la patronal, como propone el PT.&nbsp;Necesitamos, por lo tanto, construir la movilizaci\u00f3n y la autodefensa, por un lado, y, dentro de eso, un proyecto socialista y revolucionario.<\/p>\n\n\n\n<p><strong>Derrotar a la ultra derecha. <\/strong><strong>Bolsonaro nunca m\u00e1s<\/strong><strong><\/strong><\/p>\n\n\n\n<p>El resultado de la primera vuelta fue un balde de agua fr\u00eda para la campa\u00f1a de Lula, que ten\u00eda fuertes expectativas de cerrar all\u00ed la cuenta.&nbsp;A pesar de vencer a Bolsonaro, con una diferencia relativamente expresiva de seis millones de votos, el resultado final, 48% contra 43%, fue mucho m\u00e1s ajustado de lo que indicaban las encuestas.<\/p>\n\n\n\n<p>Ya sea por un error metodol\u00f3gico o por un movimiento de puesta en marcha en los momentos finales de la campa\u00f1a, este resultado, sumado a las victorias del Senado y de los gobiernos estaduales, representa un avance de la ultraderecha, que toma el espacio del \u201ccentro\u201d y de la derecha tradicional, y una consolidaci\u00f3n del bolsonarismo.<\/p>\n\n\n\n<p>Esto refuerza el an\u00e1lisis de que la extrema derecha no es un fen\u00f3meno epis\u00f3dico, sino que vino para quedarse.&nbsp;Es un proceso que surge de la crisis capitalista y de la degradaci\u00f3n y retroceso del pa\u00eds.&nbsp;Tambi\u00e9n reafirma que el bolsonarismo y la extrema derecha no se pueden combatir solo a trav\u00e9s de elecciones.&nbsp;El PSTU fue una de las primeras organizaciones en levantar el \u201cFora Bolsonaro e Mour\u00e3o\u201d y defender en las calles el derrocamiento de este gobierno.&nbsp;Los partidos y organizaciones mayoritarias que act\u00faan en la clase trabajadora, con el PT al frente, sin embargo, prefirieron frenar las movilizaciones, que ven\u00edan en aumento, y apostar todo a las elecciones.&nbsp;Este es el camino m\u00e1s corto a la derrota.<\/p>\n\n\n\n<h4 class=\"wp-block-heading\"><strong>Dictadura: Bolsonaro amenaza cerrar el r\u00e9gimen<\/strong><\/h4>\n\n\n\n<p>No contento con ser responsable de cientos de miles de muertes durante la pandemia, la destrucci\u00f3n ambiental, el recrudecimiento de las ideolog\u00edas y violencias sexistas, racistas, LGBTIf\u00f3bicas y xen\u00f3fobas, la ofensiva contra los pueblos originarios, adem\u00e1s del regreso del pa\u00eds al Mapa del Hambre, del desempleo en masa y de la carest\u00eda, Bolsonaro ha escalado en sus amenazas autoritarias.<\/p>\n\n\n\n<p>Fueron sucesivas amenazas de no aceptar un resultado electoral que no le fuera favorable, al punto de poner al Ej\u00e9rcito en el rol de fiscalizador de la votaci\u00f3n, en una vergonzosa capitulaci\u00f3n del Poder Judicial.&nbsp;Ahora, adem\u00e1s de la continuidad de la amenaza de rechazo a un resultado desfavorable, en la segunda vuelta, Bolsonaro y aliados ya han hecho expl\u00edcito su proyecto de cerrar el r\u00e9gimen en el pr\u00f3ximo per\u00edodo, en caso de ser elegidos.<\/p>\n\n\n\n<p>El vicepresidente y senador electo por Rio Grande do Sul, Hamilton Mour\u00e3o, y el actual l\u00edder del gobierno en la C\u00e1mara, Ricardo Barros (PP-PR), divulgaron el proyecto de ampliaci\u00f3n del n\u00famero de ministros del Supremo Tribunal Federal (STF).&nbsp;Bolsonaro se limit\u00f3 a decir que la idea se discutir\u00e1 \u201cdespu\u00e9s de las elecciones\u201d.<\/p>\n\n\n\n<p>En realidad, sin embargo, el proyecto es del gobierno y es simple: aumentar el n\u00famero de ministros de los 11 actuales a 16 y, as\u00ed, tener mayor\u00eda en la Corte.&nbsp;De esta forma, adem\u00e1s del Ejecutivo y el Parlamento, el bolsonarismo se har\u00eda con el control del Poder Judicial, imponiendo una autocracia por dentro del r\u00e9gimen, como en pa\u00edses como Hungr\u00eda, Turqu\u00eda o la propia Venezuela.<\/p>\n\n\n\n<p>No defendemos esta \u201cricocracia\u201d actual, que es, en la pr\u00e1ctica, una dictadura de los multimillonarios, banqueros y grandes empresas, utilizada para imponer sus voluntades y perpetuar la explotaci\u00f3n y la opresi\u00f3n.&nbsp;Las propias elecciones son un ejemplo de ello.&nbsp;Basta recordar que nuestra candidatura fue expl\u00edcitamente invisibilizada y boicoteada.&nbsp;Pero, tampoco nos es indiferente si mantenemos las actuales libertades democr\u00e1ticas, aunque restringidas, o si vamos hacia un cierre del r\u00e9gimen y la eliminaci\u00f3n de la posibilidad de organizarnos y luchar.<\/p>\n\n\n\n<p>Es necesario alertar a la clase trabajadora, al pueblo pobre y a los sectores oprimidos sobre la amenaza del bolsonarismo a las libertades democr\u00e1ticas y la necesidad de combatirlo.&nbsp;Y, sobre todo, que esto solo se da a trav\u00e9s de la movilizaci\u00f3n y de la organizaci\u00f3n de la autodefensa de la clase, tanto contra la ofensiva del gobierno en este sentido, como contra los ataques e intimidaciones de sectores de la ultraderecha.<\/p>\n\n\n\n<p>Apostar las fichas a las elecciones, o en las instituciones de este mismo r\u00e9gimen democr\u00e1tico-burgu\u00e9s, como el STF, ya se ha demostrado que es un error.&nbsp;Las elecciones son solo un momento de esta lucha, que solo ser\u00e1 definida en las calles, sea quien sea el elegido en la segunda vuelta.<\/p>\n\n\n\n<h4 class=\"wp-block-heading\"><strong>Votar 13. Derrotar a Bolsonaro, pero sin ninguna confianza en un gobierno de Lula-Alckmin<\/strong><\/h4>\n\n\n\n<p>Si, antes, Lula-Alckmin ya apuntaban a un gobierno de continuidad de los ataques a la clase trabajadora, en la segunda vuelta, con la entrada en escena de nombres como P\u00e9rsio Arida, Lara Resende, Arm\u00ednio Fraga y el mismo FHC (es decir, toda la pandilla responsable del desmantelamiento neoliberal durante los gobiernos tucanos), esto se hizo a\u00fan m\u00e1s evidente.<\/p>\n\n\n\n<p>Adem\u00e1s de no tocar la Reforma Laboral, la actual coalici\u00f3n en torno a Lula ya indic\u00f3 que no tocar\u00e1 el Techo de Gastos y se\u00f1al\u00f3 una Reforma Administrativa en el sector p\u00fablico, en la misma l\u00ednea que el actual gobierno viene tratando de imponer.&nbsp;Y, por si fuera poco, anunci\u00f3 una \u201cCarta de Compromiso con los Evang\u00e9licos\u201d, que, entre sus puntos afirma que de ser electo, no \u201cenviar\u00e1 leyes al Congreso, ni cambiar\u00e1 norma alguna que involucre valores cristianos, de la familia y de la vida\u201d, anticipando p\u00e9simas noticias para mujeres, negros y negras y LGBTI.<\/p>\n\n\n\n<p>Si los 14 a\u00f1os de gobiernos de conciliaci\u00f3n del PT no resolvieron a fondo los problemas de la clase trabajadora, como el empleo o incluso el saneamiento b\u00e1sico, un futuro gobierno Lula-Alckmin, m\u00e1s a\u00fan en un contexto de crisis del capitalismo, indica un gobierno a\u00fan m\u00e1s a la derecha.&nbsp;Por eso, tenemos que organizar, desde ya, a la clase para avanzar en la movilizaci\u00f3n por empleo, derechos, salario, tierra y vivienda.&nbsp;Y contra todos los ataques que el futuro gobierno har\u00e1 junto a los patrones.<\/p>\n\n\n\n<p>La lucha por nuestras reivindicaciones no es solo la \u00fanica forma de cambiar las condiciones de vida de la clase trabajadora y de la mayor\u00eda de la poblaci\u00f3n.&nbsp;Es la \u00fanica forma de derrotar de verdad al bolsonarismo y a la ultraderecha, que estar\u00e1n al acecho, armados y organizados, esperando el inevitable desgaste y desmoralizaci\u00f3n del futuro gobierno, para volver con todo.&nbsp;Sea de la forma que sea.<\/p>\n\n\n\n<h4 class=\"wp-block-heading\"><strong>Vamos a la lucha. Organizar la lucha por empleos, salarios, tierra y derechos<\/strong><\/h4>\n\n\n\n<p>Debemos organizar la lucha y exigir la derogaci\u00f3n inmediata de las reformas Laboral y de la Previsi\u00f3n Social, lo que no querr\u00e1 hacer un gobierno de Lula-Alckmin.<\/p>\n\n\n\n<p>Debemos exigir una reducci\u00f3n de la jornada laboral sin reducci\u00f3n de salarios, la garant\u00eda del pleno empleo con derechos y registro para todos (incluidos los trabajadores de aplicaciones), y un aumento general de salarios frente a la carest\u00eda.<\/p>\n\n\n\n<p>Debemos exigir la Petrobras 100% estatal, bajo control de los trabajadores, y la reestatizaci\u00f3n de las empresas privatizadas, como Vale, CSN, y otras.&nbsp;Para garantizar la soberan\u00eda, es necesario frenar la entrega del pa\u00eds y, tambi\u00e9n, defender el medio ambiente.<\/p>\n\n\n\n<p>Aun es necesario exigir la demarcaci\u00f3n de tierras ind\u00edgenas, contra el Marco Temporal, y la reforma agraria y el apoyo a la agricultura familiar, contra el agronegocio.&nbsp;As\u00ed como la reparaci\u00f3n para el pueblo negro y la garant\u00eda de derechos de las mujeres y LGBTI, as\u00ed como el fin de la violencia contra estos sectores.<\/p>\n\n\n\n<p>Por educaci\u00f3n, salud, vivienda y servicios p\u00fablicos de calidad, necesitamos acabar con la Ley de Responsabilidad Fiscal, reemplaz\u00e1ndola por una Ley de Responsabilidad Social, suspendiendo el pago de la deuda a los banqueros.<\/p>\n\n\n\n<p>Y sabemos que, para acabar efectivamente con el hambre, el desempleo, la precarizaci\u00f3n y la carest\u00eda, es necesario atacar el lucro y las grandes propiedades, expropiando a los multimillonarios y a las 100 empresas m\u00e1s grandes que, hoy, controlan m\u00e1s de la mitad de la econom\u00eda del pa\u00eds.<\/p>\n\n\n\n<h4 class=\"wp-block-heading\"><strong>Venga con nosotros. Fortalecer una alternativa socialista y revolucionaria<\/strong><\/h4>\n\n\n\n<p>Es necesario avanzar en la organizaci\u00f3n de la clase tanto para enfrentar un eventual gobierno de Lula como para derrotar a la ultraderecha.&nbsp;Y en esta lucha ayudar a construir y fortalecer una alternativa revolucionaria y socialista.&nbsp;La extrema derecha crece como un subproducto de esta crisis del capitalismo y, tambi\u00e9n, sobre todo, por la decepci\u00f3n con los gobiernos que se dicen de izquierda pero que en la pr\u00e1ctica realizan un gobierno liberal y defienden esta corrupta ricocracia.<\/p>\n\n\n\n<p>Necesitamos un gobierno socialista de los trabajadores, donde la clase, junto con el pueblo pobre, gobierne a trav\u00e9s de consejos populares.&nbsp;Venga a construir con nosotros un partido revolucionario, para luchar por este proyecto.<\/p>\n\n\n\n<p>Art\u00edculo publicado en <a href=\"http:\/\/www.pstu.org.br\" target=\"_blank\" rel=\"noopener\">www.pstu.org.br<\/a>, 12\/10\/2022.-<\/p>\n\n\n\n<p>Traducci\u00f3n: Natalia Estrada.<\/p>\n","protected":false},"excerpt":{"rendered":"<p>En la primera vuelta de las elecciones, el PSTU y el Polo Socialista y Revolucionario presentaron una alternativa de independencia de clase, que defend\u00eda que los trabajadores no pod\u00edan ser rehenes de los candidatos de derecha o de la conciliaci\u00f3n, junto con&nbsp; los grandes empresarios, banqueros y el agronegocio. Por: Redacci\u00f3n PSTU Brasil Por el [&hellip;]<\/p>\n","protected":false},"author":5,"featured_media":72249,"menu_order":0,"comment_status":"open","ping_status":"open","sticky":false,"template":"","format":"standard","meta":{"jetpack_post_was_ever_published":false,"_jetpack_newsletter_access":"","_jetpack_dont_email_post_to_subs":false,"_jetpack_newsletter_tier_id":0,"_jetpack_memberships_contains_paywalled_content":false,"litci_post_political_author":"","_jetpack_memberships_contains_paid_content":false,"footnotes":""},"categories":[2676,12300],"tags":[17983,17984,17982,17980,17981],"class_list":["post-72248","post","type-post","status-publish","format-standard","has-post-thumbnail","hentry","category-brasil","category-electoral","tag-bolsonaro-lula-brasil","tag-elecciones-brasil-2022","tag-lula-voto","tag-sgunda-vuelta-brasil","tag-voto-critico-lula"],"jetpack_featured_media_url":"https:\/\/i0.wp.com\/litci.org\/es\/wp-content\/uploads\/2022\/10\/WhatsApp-Image-2022-05-01-at-17.54.17-696x464-2.jpeg?fit=696%2C464&ssl=1","fimg_url":"https:\/\/i0.wp.com\/litci.org\/es\/wp-content\/uploads\/2022\/10\/WhatsApp-Image-2022-05-01-at-17.54.17-696x464-2.jpeg?fit=696%2C464&ssl=1","categories_names":["Brasil","Electoral"],"author_info":{"name":"Kely","pic":"https:\/\/secure.gravatar.com\/avatar\/19003bf6219614b90207b39bd4a2733ce9cf96693efdfd639b15a829beed53d1?s=96&d=mm&r=g"},"political_author":null,"tagline":"","jetpack_sharing_enabled":true,"_links":{"self":[{"href":"https:\/\/litci.org\/es\/wp-json\/wp\/v2\/posts\/72248","targetHints":{"allow":["GET"]}}],"collection":[{"href":"https:\/\/litci.org\/es\/wp-json\/wp\/v2\/posts"}],"about":[{"href":"https:\/\/litci.org\/es\/wp-json\/wp\/v2\/types\/post"}],"author":[{"embeddable":true,"href":"https:\/\/litci.org\/es\/wp-json\/wp\/v2\/users\/5"}],"replies":[{"embeddable":true,"href":"https:\/\/litci.org\/es\/wp-json\/wp\/v2\/comments?post=72248"}],"version-history":[{"count":1,"href":"https:\/\/litci.org\/es\/wp-json\/wp\/v2\/posts\/72248\/revisions"}],"predecessor-version":[{"id":72250,"href":"https:\/\/litci.org\/es\/wp-json\/wp\/v2\/posts\/72248\/revisions\/72250"}],"wp:featuredmedia":[{"embeddable":true,"href":"https:\/\/litci.org\/es\/wp-json\/wp\/v2\/media\/72249"}],"wp:attachment":[{"href":"https:\/\/litci.org\/es\/wp-json\/wp\/v2\/media?parent=72248"}],"wp:term":[{"taxonomy":"category","embeddable":true,"href":"https:\/\/litci.org\/es\/wp-json\/wp\/v2\/categories?post=72248"},{"taxonomy":"post_tag","embeddable":true,"href":"https:\/\/litci.org\/es\/wp-json\/wp\/v2\/tags?post=72248"}],"curies":[{"name":"wp","href":"https:\/\/api.w.org\/{rel}","templated":true}]}}