{"id":72135,"date":"2022-10-07T14:07:00","date_gmt":"2022-10-07T14:07:00","guid":{"rendered":"https:\/\/litci.org\/es\/?p=72135"},"modified":"2024-11-03T13:27:26","modified_gmt":"2024-11-03T13:27:26","slug":"para-derrotar-a-bolsonaro-en-las-elecciones-el-pstu-pide-un-voto-critico-por-lula","status":"publish","type":"post","link":"https:\/\/litci.org\/es\/para-derrotar-a-bolsonaro-en-las-elecciones-el-pstu-pide-un-voto-critico-por-lula\/","title":{"rendered":"Para derrotar a Bolsonaro en las elecciones, el PSTU pide un voto cr\u00edtico por Lula"},"content":{"rendered":"\n<p>Agradecemos por los votos a Vera y en las candidaturas del PSTU y del Polo Socialista y Revolucionario que recibimos en la primera vuelta de las elecciones, en las que defendimos la expropiaci\u00f3n de los multimillonarios para acabar con la pobreza, y la necesidad de construir una alternativa de independencia de clase, socialista y revolucionaria en nuestro pa\u00eds, para luchar por un gobierno socialista de los trabajadores y del pueblo pobre.<\/p>\n\n\n\n<p>Por: PSTU Brasil<\/p>\n\n\n\n<p>En la segunda vuelta, cuando no podamos presentar una candidatura independiente, defendemos el voto cr\u00edtico a Lula para derrotar a Bolsonaro en las elecciones.&nbsp;Esto porque Bolsonaro reivindica la dictadura militar, defiende un proyecto autoritario y amenaza las libertades democr\u00e1ticas.&nbsp;Seguir controlando el aparato de Estado facilita su proyecto autoritario.&nbsp;Aunque sea necesario derrotar a Bolsonaro en las elecciones, y haremos campa\u00f1a junto a los trabajadores para ello, la derrota de la ultraderecha solo ser\u00e1 posible a trav\u00e9s de la movilizaci\u00f3n independiente de nuestra clase, la organizaci\u00f3n de la autodefensa y el cambio de las condiciones sociales y pol\u00edticas que dieron base para su surgimiento.<\/p>\n\n\n\n<p>Por eso defendemos el voto cr\u00edtico por Lula, ya que no apoyamos el proyecto capitalista, social-liberal y de conciliaci\u00f3n de clases del PT, expresado en la f\u00f3rmula Lula-Alckmin, de amplias alianzas con el capital.&nbsp;No integraremos ni apoyaremos ning\u00fan gobierno de este tipo.&nbsp;Seremos oposici\u00f3n.&nbsp;Ya hemos visto que un gobierno con la patronal para administrar el sistema ataca a los trabajadores, no acaba con los males de nuestro pueblo ni garantiza la soberan\u00eda del pa\u00eds.&nbsp;Por el contrario, la profundizaci\u00f3n de los problemas sociales combinados con el retroceso de la conciencia de clase fueron combustible para el surgimiento del bolsonarismo.<\/p>\n\n\n\n<p>Debemos preparar la lucha por la base, con independencia de clase, para exigir nuestras demandas.<\/p>\n\n\n\n<h4 class=\"wp-block-heading\"><strong>\u00a1Bolsonaro nunca m\u00e1s!<\/strong><\/h4>\n\n\n\n<p>Fuimos de los primeros en levantar el \u201cFora Bolsonaro e Mour\u00e3o\u201d y defender en las calles el derrocamiento de este gobierno.<\/p>\n\n\n\n<p>Bolsonaro es responsable de los cientos de miles de muertos en la pandemia.&nbsp;Tambi\u00e9n es responsable de la carest\u00eda, el desempleo y el hambre, y prepara una oleada de desalojos.<\/p>\n\n\n\n<p>El medio ambiente sigue siendo destruido por el avance abrumador del agronegocio, de las madereras y de las mineras, bajo la protecci\u00f3n y el inventivo de Bolsonaro, mientras avanza el genocidio de los pueblos ind\u00edgenas, la persecuci\u00f3n de activistas e investigadores, y el desmantelamiento de los organismos p\u00fablicos de protecci\u00f3n ambiental y de los pueblos originarios.&nbsp;Bolsonaro incluso amenaza las libertades democr\u00e1ticas, el derecho de organizaci\u00f3n y de expresi\u00f3n de la clase trabajadora.<\/p>\n\n\n\n<h4 class=\"wp-block-heading\"><strong>Organizar la lucha por empleo, salario, tierra y derechos<\/strong><\/h4>\n\n\n\n<p>Derrotando a Bolsonaro y eligiendo a Lula, no debemos confiar en el gobierno, sino avanzar en la lucha y la organizaci\u00f3n independiente de la clase trabajadora para, a trav\u00e9s de la movilizaci\u00f3n, exigir trabajo, salario, tierra, vivienda y derechos.<\/p>\n\n\n\n<p>Debemos organizar la lucha y exigir la revocaci\u00f3n inmediata de las reformas laborales y de la previsi\u00f3n, lo que un gobierno Lula-Alckmin no querr\u00e1 hacer.<\/p>\n\n\n\n<p>Debemos exigir la reducci\u00f3n de la jornada de trabajo sin reducci\u00f3n de salario, la garant\u00eda del pleno empleo con derechos y cartera para todos (incluidos los trabajadores de aplicaciones), el aumento general de salarios frente a la carest\u00eda.<\/p>\n\n\n\n<p>Debemos exigir la Petrobras 100% estatal, bajo control de los trabajadores, y la reestatizaci\u00f3n de las empresas privatizadas, como Vale, CSN y otras.&nbsp;Para garantizar la soberan\u00eda es necesario parar la entrega del pa\u00eds y tambi\u00e9n defender el medio ambiente.<\/p>\n\n\n\n<p>Es necesario exigir aun la demarcaci\u00f3n de tierras ind\u00edgenas contra el marco temporal, y la reforma agraria y la agricultura familiar contra el agronegocio.<\/p>\n\n\n\n<p>Por educaci\u00f3n, salud, vivienda y servicios p\u00fablicos de calidad, necesitamos acabar con la Ley de Responsabilidad Fiscal, reemplaz\u00e1ndola por una Ley de Responsabilidad Social, suspendiendo el pago de la deuda a los banqueros.<\/p>\n\n\n\n<p>Reforzamos la necesidad de organizar la lucha y la autodefensa de la clase trabajadora desde la base, porque la derrota del bolsonarismo no es posible solo con la derrota electoral de Bolsonaro.&nbsp;Exige movilizaci\u00f3n social y un programa que cambie las condiciones sociales y pol\u00edticas que lo alimentan.<\/p>\n\n\n\n<p>Art\u00edculo publicado en <a href=\"http:\/\/www.pstu.org.br\" target=\"_blank\" rel=\"noopener\">www.pstu.org.br<\/a>, 6\/10\/2022.-<\/p>\n\n\n\n<p>Traducci\u00f3n: Natalia Estrada.<\/p>\n","protected":false},"excerpt":{"rendered":"<p>Agradecemos por los votos a Vera y en las candidaturas del PSTU y del Polo Socialista y Revolucionario que recibimos en la primera vuelta de las elecciones, en las que defendimos la expropiaci\u00f3n de los multimillonarios para acabar con la pobreza, y la necesidad de construir una alternativa de independencia de clase, socialista y revolucionaria [&hellip;]<\/p>\n","protected":false},"author":4,"featured_media":72139,"menu_order":0,"comment_status":"open","ping_status":"open","sticky":false,"template":"","format":"standard","meta":{"jetpack_post_was_ever_published":false,"_jetpack_newsletter_access":"","_jetpack_dont_email_post_to_subs":false,"_jetpack_newsletter_tier_id":0,"_jetpack_memberships_contains_paywalled_content":false,"litci_post_political_author":"","_jetpack_memberships_contains_paid_content":false,"footnotes":""},"categories":[12300,5418,2676],"tags":[2836,13592,2882,3504],"class_list":["post-72135","post","type-post","status-publish","format-standard","has-post-thumbnail","hentry","category-electoral","category-75-anos-sin-trotsky","category-brasil","tag-brasil-2","tag-gobierno-bolsonaro","tag-pstu-2","tag-pt"],"jetpack_featured_media_url":"https:\/\/i0.wp.com\/litci.org\/es\/wp-content\/uploads\/2022\/10\/WhatsApp-Image-2022-03-28-at-16.09.07.jpeg?fit=1280%2C627&ssl=1","fimg_url":"https:\/\/i0.wp.com\/litci.org\/es\/wp-content\/uploads\/2022\/10\/WhatsApp-Image-2022-03-28-at-16.09.07.jpeg?fit=1280%2C627&ssl=1","categories_names":["75 a\u00f1os sin Trotsky","Brasil","Electoral"],"author_info":{"name":"Administraci\u00f3n Site","pic":"https:\/\/secure.gravatar.com\/avatar\/1fc4a65db396208ca881747f59a66a20c6b8670747457224753e1e98c43f719b?s=96&d=mm&r=g"},"political_author":null,"tagline":"","jetpack_sharing_enabled":true,"_links":{"self":[{"href":"https:\/\/litci.org\/es\/wp-json\/wp\/v2\/posts\/72135","targetHints":{"allow":["GET"]}}],"collection":[{"href":"https:\/\/litci.org\/es\/wp-json\/wp\/v2\/posts"}],"about":[{"href":"https:\/\/litci.org\/es\/wp-json\/wp\/v2\/types\/post"}],"author":[{"embeddable":true,"href":"https:\/\/litci.org\/es\/wp-json\/wp\/v2\/users\/4"}],"replies":[{"embeddable":true,"href":"https:\/\/litci.org\/es\/wp-json\/wp\/v2\/comments?post=72135"}],"version-history":[{"count":1,"href":"https:\/\/litci.org\/es\/wp-json\/wp\/v2\/posts\/72135\/revisions"}],"predecessor-version":[{"id":72137,"href":"https:\/\/litci.org\/es\/wp-json\/wp\/v2\/posts\/72135\/revisions\/72137"}],"wp:featuredmedia":[{"embeddable":true,"href":"https:\/\/litci.org\/es\/wp-json\/wp\/v2\/media\/72139"}],"wp:attachment":[{"href":"https:\/\/litci.org\/es\/wp-json\/wp\/v2\/media?parent=72135"}],"wp:term":[{"taxonomy":"category","embeddable":true,"href":"https:\/\/litci.org\/es\/wp-json\/wp\/v2\/categories?post=72135"},{"taxonomy":"post_tag","embeddable":true,"href":"https:\/\/litci.org\/es\/wp-json\/wp\/v2\/tags?post=72135"}],"curies":[{"name":"wp","href":"https:\/\/api.w.org\/{rel}","templated":true}]}}