{"id":72043,"date":"2022-09-26T15:16:32","date_gmt":"2022-09-26T15:16:32","guid":{"rendered":"https:\/\/litci.org\/es\/?p=72043"},"modified":"2024-11-03T13:27:27","modified_gmt":"2024-11-03T13:27:27","slug":"colombia-el-26-de-septiembre-no-marchamos-con-el-uribismo","status":"publish","type":"post","link":"https:\/\/litci.org\/es\/colombia-el-26-de-septiembre-no-marchamos-con-el-uribismo\/","title":{"rendered":"Colombia | El 26 de septiembre NO marchamos con el uribismo!"},"content":{"rendered":"\n<p>El Partido Socialista de los Trabajadores rechaza la movilizaci\u00f3n de este lunes 26 de septiembre y llama a&nbsp;<strong>no marchar,<\/strong>&nbsp;porque esta convocatoria es hecha desde los empresarios, terratenientes, ganaderos y narcotraficantes representados en el uribismo quienes han sido desplazados del gobierno. Su movilizaci\u00f3n responde a los intereses de su fracci\u00f3n burguesa, que ven en el actual gobierno de Petro y sus medidas una amenaza para sus privilegios, sus fraudulentas ganancias producto del despojo,la violencia y la sobreexplotaci\u00f3n.<\/p>\n\n\n\n<p>El uribismo, y otros sectores reaccionarios quieren utilizar el leg\u00edtimo descontento que genera en la poblaci\u00f3n medidas regresivas del gobierno Petro, como el aumento de la gasolina, para ponerlo al servicio de sus propios intereses. Pretenden confundir a la poblaci\u00f3n haciendo creer que su pol\u00edtica es para defender los intereses de los pobres, cuando en realidad es todo lo contrario.<\/p>\n\n\n\n<p>Su oposici\u00f3n al gobierno no se basa en el rechazo a las medidas regresivas que viene tomado, se trata de bloquear algunas reformas y pol\u00edticas con las que Petro quiere calmar el descontento social acumulado durante d\u00e9cadas por las pol\u00edticas antiobreras y antipopulares impuestas por los que hoy llaman a marchar.<\/p>\n\n\n\n<p>Usan la leg\u00edtima preocupaci\u00f3n generada por el anuncio del incremento en la gasolina, para mostrar su hip\u00f3crita preocupaci\u00f3n por el costo de vida, cuando han sido causantes de la crisis econ\u00f3mica y social que hoy se agudiza.<\/p>\n\n\n\n<p>No podemos olvidar que fue Uribe quien impuso el cobro de la gasolina a precios internacionales y cre\u00f3 el deficitario Fondo de Estabilizaci\u00f3n de Precios para beneficiar el negocio privado de las petroleras a costa del bolsillo nuestro. Los partidarios del uribismo en decadencia que hoy se quejan del alza de la gasolina hace unos meses, cuando eran parte del gobierno de Duque anunciaban la inminencia y la inevitabilidad de dichos aumentos.<\/p>\n\n\n\n<p>Lo que realmente les preocupa es que el gobierno no reprime con la suficiente fuerza las tomas de tierras, que se muestra a favor de la legalizaci\u00f3n del aborto y del fin del fracking y el desenfreno minero; que cuestiona la guerra contra las drogas, promulga el cambio de modelo energ\u00e9tico y del sistema de salud. Estos cambios, aunque no cuestionan ni la propiedad privada, ni el sistema capitalista, modifica algunas de las condiciones bajo las cuales obtuvieron fabulosas ganancias a costa de mayor desigualdad, pobreza y violencia hacia los trabajadores y sectores populares. Son la misma \u201cgente de bien\u201d que celebr\u00f3 la represi\u00f3n y el asesinato de manifestantes en el Paro Nacional.<\/p>\n\n\n\n<p>Ellos defienden la ley 100 y encubren la onerosa deuda que las EPS tiene con la red hospitalaria p\u00fablica; no quieren que se recuperen las horas extras, quieren continuar lucr\u00e1ndose con el trabajo precarizado y salarios miserables; los terratenientes y ganaderos quieren conservar con total impunidad las tierras que han expropiado con sus bandas paramilitares para seguir expropiando a los campesinos pobres y a los ind\u00edgenas, negros y raizales.<\/p>\n\n\n\n<p>El desastre social, econ\u00f3mico y ambiental que deja el capitalismo (como el mismo lo ha reconocido en la ONU) no ser\u00e1n superadas por las tibias reformas que propone Petro pactadas con un sector de la burgues\u00eda que ha gobernado este pa\u00eds y sin cuestionar el orden imperialista en decadencia. Menos a\u00fan ser\u00e1n resueltas las reivindicaciones del Paro Nacional sin tocar los intereses del conjunto de la burgues\u00eda, sea esta parte del gobierno o quienes se oponen a \u00e9l.<\/p>\n\n\n\n<p>Los trabajadores y los pobres necesitamos liberarnos de los regresivos impuestos que nos desangran, que sean los ricos y sus capitales quienes paguen los mayores impuestos; los trabajadores necesitamos enfrentar el desempleo y el costo de vida repartiendo el trabajo entre todos con salarios que aumenten acorde al costo de vida; debemos echar abajo la especulaci\u00f3n de precios; que el costo de la gasolina sea el directamente relacionado con su producci\u00f3n y no con la especulaci\u00f3n internacional, que baje el costo de los servicios p\u00fablicos y de la canasta familiar.<\/p>\n\n\n\n<p>La lucha y la movilizaci\u00f3n si es una necesidad urgente de los trabajadores y los pobres; pero no para defender los intereses de los poderosos, sino para exigir al actual gobierno que responda a las reivindicaciones y necesidades del pueblo trabajador; para organizarnos y conquistar lo que nos pertenece y para defendernos de quienes quieren mantener la miseria, la violencia y la desigualdad.<\/p>\n\n\n\n<p>Nuestra organizaci\u00f3n y movilizaci\u00f3n debe ser independiente de quienes nos han sometido, explotado y oprimido; para as\u00ed poder expropiar a los expropiadores, eliminar las EPS y estatizar la salud, la educaci\u00f3n, los servicios p\u00fablicos y la vivienda; el desmonte del Esmad, los paramilitares y el narcotr\u00e1fico, contra la violencia a la mujer y por el derecho al aborto libre y sin condiciones, entre otras medidas.<\/p>\n\n\n\n<p><em><strong>\u00a1No a la marcha uribista del 26<\/strong><\/em><em>&nbsp;de septiembre!<\/em><\/p>\n\n\n\n<p><em><strong>\u00a1Si a la movilizaci\u00f3n del mi\u00e9rcoles 28 de septiembre<\/strong><\/em><em>&nbsp;en favor del aborto legal, libre y seguro!<\/em><\/p>\n\n\n\n<p><em>Partido Socialista de los Trabajadores<\/em><\/p>\n\n\n\n<p><em>Comit\u00e9 Ejecutivo<\/em><\/p>\n\n\n\n<p><em>26 de septiembre de 2022.<\/em><\/p>\n","protected":false},"excerpt":{"rendered":"<p>El Partido Socialista de los Trabajadores rechaza la movilizaci\u00f3n de este lunes 26 de septiembre y llama a&nbsp;no marchar,&nbsp;porque esta convocatoria es hecha desde los empresarios, terratenientes, ganaderos y narcotraficantes representados en el uribismo quienes han sido desplazados del gobierno. Su movilizaci\u00f3n responde a los intereses de su fracci\u00f3n burguesa, que ven en el actual [&hellip;]<\/p>\n","protected":false},"author":4,"featured_media":72044,"menu_order":0,"comment_status":"open","ping_status":"open","sticky":false,"template":"","format":"standard","meta":{"jetpack_post_was_ever_published":false,"_jetpack_newsletter_access":"","_jetpack_dont_email_post_to_subs":false,"_jetpack_newsletter_tier_id":0,"_jetpack_memberships_contains_paywalled_content":false,"litci_post_political_author":"","_jetpack_memberships_contains_paid_content":false,"footnotes":""},"categories":[2678],"tags":[8387],"class_list":["post-72043","post","type-post","status-publish","format-standard","has-post-thumbnail","hentry","category-colombia","tag-uribe"],"jetpack_featured_media_url":"https:\/\/i0.wp.com\/litci.org\/es\/wp-content\/uploads\/2022\/09\/WhatsApp-Image-2022-09-26-at-12.15.46.jpeg?fit=483%2C377&ssl=1","fimg_url":"https:\/\/i0.wp.com\/litci.org\/es\/wp-content\/uploads\/2022\/09\/WhatsApp-Image-2022-09-26-at-12.15.46.jpeg?fit=483%2C377&ssl=1","categories_names":["Colombia"],"author_info":{"name":"Administraci\u00f3n Site","pic":"https:\/\/secure.gravatar.com\/avatar\/1fc4a65db396208ca881747f59a66a20c6b8670747457224753e1e98c43f719b?s=96&d=mm&r=g"},"political_author":null,"tagline":"","jetpack_sharing_enabled":true,"_links":{"self":[{"href":"https:\/\/litci.org\/es\/wp-json\/wp\/v2\/posts\/72043","targetHints":{"allow":["GET"]}}],"collection":[{"href":"https:\/\/litci.org\/es\/wp-json\/wp\/v2\/posts"}],"about":[{"href":"https:\/\/litci.org\/es\/wp-json\/wp\/v2\/types\/post"}],"author":[{"embeddable":true,"href":"https:\/\/litci.org\/es\/wp-json\/wp\/v2\/users\/4"}],"replies":[{"embeddable":true,"href":"https:\/\/litci.org\/es\/wp-json\/wp\/v2\/comments?post=72043"}],"version-history":[{"count":1,"href":"https:\/\/litci.org\/es\/wp-json\/wp\/v2\/posts\/72043\/revisions"}],"predecessor-version":[{"id":72045,"href":"https:\/\/litci.org\/es\/wp-json\/wp\/v2\/posts\/72043\/revisions\/72045"}],"wp:featuredmedia":[{"embeddable":true,"href":"https:\/\/litci.org\/es\/wp-json\/wp\/v2\/media\/72044"}],"wp:attachment":[{"href":"https:\/\/litci.org\/es\/wp-json\/wp\/v2\/media?parent=72043"}],"wp:term":[{"taxonomy":"category","embeddable":true,"href":"https:\/\/litci.org\/es\/wp-json\/wp\/v2\/categories?post=72043"},{"taxonomy":"post_tag","embeddable":true,"href":"https:\/\/litci.org\/es\/wp-json\/wp\/v2\/tags?post=72043"}],"curies":[{"name":"wp","href":"https:\/\/api.w.org\/{rel}","templated":true}]}}