{"id":71805,"date":"2022-08-26T14:14:43","date_gmt":"2022-08-26T14:14:43","guid":{"rendered":"https:\/\/litci.org\/es\/?p=71805"},"modified":"2024-11-03T13:27:30","modified_gmt":"2024-11-03T13:27:30","slug":"chile-un-ano-en-la-convencion-constitucional","status":"publish","type":"post","link":"https:\/\/litci.org\/es\/chile-un-ano-en-la-convencion-constitucional\/","title":{"rendered":"Chile | Un a\u00f1o en la Convenci\u00f3n Constitucional"},"content":{"rendered":"\n<p>Por Mar\u00eda Rivera, dirigenta del MIT y ex-constituyente por el Distrito 8<\/p>\n\n\n\n<p>En esta ocasi\u00f3n har\u00e9 el primer balance de mi participaci\u00f3n en la Convenci\u00f3n Constitucional. Lo primero, hay que recordar que el haber elegido 27 integrantes de La Lista del Pueblo, m\u00e1s la Vocer\u00eda de los Pueblos en que, 34 Convencionales firmamos una declaraci\u00f3n que plasmaba en buena parte las demandas de la Revoluci\u00f3n abierta el 18 de octubre, crearon expectativas en un importante sector del Pueblo.<\/p>\n\n\n\n<p>As\u00ed el 4 de julio de 2021 irrump\u00edamos en una instituci\u00f3n burguesa que se ve\u00eda obligada a contener en ella a diversas expresiones del Chile que hab\u00eda llenado las plazas, calles y avenidas llenos de rabia contra aquellos que hab\u00edan tenido el poder durante 30 a\u00f1os.<\/p>\n\n\n\n<p>Ese d\u00eda temprano nos reunimos en Plaza de la Dignidad, la misma que vio luchar a aguerridos j\u00f3venes en la primera l\u00ednea y organizarse brigadas de salud, autodefensa y alimentaci\u00f3n, as\u00ed como tambi\u00e9n vio dejar la vida en la lucha a Abel Acu\u00f1a, Cristian Valdebenito, Mauricio Fredes. Varias centenas de personas nos acompa\u00f1aron hasta el Ex Congreso, ah\u00ed nos esperaba el inicio de la Convenci\u00f3n con la formalidad acostumbrada por la \u00e9lite, la que r\u00e1pidamente se vio frustrada porque nos vimos en la obligaci\u00f3n de salir a la calle a enfrentar la represi\u00f3n desatada.<\/p>\n\n\n\n<p>Ese primer d\u00eda, en que por primera vez en un organismo burgu\u00e9s nos reun\u00edamos Pueblos Originarios, Independientes, y pol\u00edticos tradicionales, la mayor\u00eda de las y los convencionales hench\u00edan el pecho ocupando su lugar de autoridad, en una carpa sin buen sonido, sin un lugar donde alimentarnos, constatando que esta Convenci\u00f3n Constitucional, arrancada por la fuerza de la movilizaci\u00f3n, no ser\u00eda lo que muchos y muchas so\u00f1aban.<\/p>\n\n\n\n<figure class=\"wp-block-image\"><img decoding=\"async\" src=\"https:\/\/i0.wp.com\/www.vozdelostrabajadores.cl\/wp-content\/uploads\/2022\/08\/list-del-pueblo.jpg?resize=600%2C400&amp;ssl=1\" alt=\"\" class=\"wp-image-3911\" \/><figcaption>Convencionales de la Lista del Pueblo caminando hacia la Convenci\u00f3n Constitucional<\/figcaption><\/figure>\n\n\n\n<p>Ah\u00ed estaba yo, sin ninguna confianza, sin expectativas y levantando con orgullo las banderas del 18 de octubre y la bandera del Movimiento Internacional de Trabajadores, con la firme convicci\u00f3n de usar cada minuto para defender la lucha por el socialismo.<\/p>\n\n\n\n<p>No es f\u00e1cil para nadie estar en permanente alerta de no caer en las presiones. Las ense\u00f1anzas que nos han dejado los maestros, el estudio, la elaboraci\u00f3n y el apoyo de nuestra internacional la Liga Internacional de Trabajadores \u2013 Cuarta Internacional, nos permiti\u00f3 entrar y salir con la mirada erguida.<\/p>\n\n\n\n<p>Desde el primer instante pude constatar que ser independiente no es garant\u00eda de nada y que la diferencia la har\u00eda desde ese mismo instante el programa que cada uno de los 155 llevaba bajo el brazo. No fue dif\u00edcil saber quien era quien, por ejemplo la rimbombante Declaraci\u00f3n de \u201cLas Vocer\u00edas de los Pueblos\u201d, que atrap\u00f3 la atenci\u00f3n de la prensa, muy pronto se diluy\u00f3, porque las flamantes dirigentes de las Vocer\u00edas, feministas, 8M y otros independientes, solo se quedaron en emitir esa declaraci\u00f3n para \u00bfganar prensa quiz\u00e1s? R\u00e1pidamente sucumbieron a las presiones y en lugar de apoyarse en la movilizaci\u00f3n popular, ocuparon salones y pasillos, incluso las entrevistas en la prensa, para \u201cnegociar\u201d con los partidos, relegando las demandas del Pueblo en beneficio de los objetivos de los pol\u00edticos de siempre y sobre todo del Frente Amplio. As\u00ed, fueron quedando en el camino demandas urgentes como oponerse a los TLCs, la Educaci\u00f3n sin participaci\u00f3n de privados, el Fin a las AFP y luchar por liberar a los presos.<\/p>\n\n\n\n<p>El d\u00eda de la votaci\u00f3n de la norma de propiedad, una de las m\u00e1s importantes de la Nueva Constituci\u00f3n, fui testigo de las presiones que hac\u00edan los partidos de los m\u00e1s diversos colores a los independientes y a los Pueblos Originarios. En una de ellas, Patricio Fern\u00e1ndez PS, Ignacio Achurra FA, Javier Fuschlocher de Independientes No Neutrales, todos juntos presionando a las Convencionales Mapuche para que votaran que el Estado, en el caso de expropiar propiedades, deber\u00eda hacerlo con pago previo de indemnizaciones. Ese chantaje claramente ten\u00eda como objetivo defender a los grandes grupos econ\u00f3micos del pa\u00eds. Tambi\u00e9n me presionaron, pero como yo no les creo, no ca\u00ed en su maniobra, que dej\u00f3 felices a los due\u00f1os de las Forestales, de las grandes Mineras y de toda gran Empresa pues el Estado chileno jam\u00e1s tendr\u00e1 suficiente dinero para recuperar lo que nos han arrebatado.<\/p>\n\n\n\n<p>El primer periodo del proceso lo hice como integrante de la Comisi\u00f3n Provisoria de DDHH, me encontr\u00e9 frente a frente con el c\u00f3mplice de la Dictadura Almirante Jorge Arancibia a quien enfrent\u00e9 y emplac\u00e9 a que dijera donde est\u00e1n los Detenidos Desaparecidos, hombre de actitud soberbia y c\u00ednica, a quien la pandemia ayud\u00f3 a quedarse en su casa y disminuir el repudio permanente que le expres\u00e1bamos quienes no perdonamos ni olvidamos. Este c\u00f3mplice de la dictadura, que llegaba y se retiraba con guardaespaldas hizo parte de alguno de los colectivos que integraron los 37 representantes del sector m\u00e1s Conservador del pa\u00eds, los que tienen una facilidad gigante para mentir, no se ponen nerviosos, y se apoyan en los grandes equipos de asesores con olor a desinfectante que los asesoran. Alardean de su estirpe, humillan, se desesperan cuando nos escuchan y nos temen, los aterra el Pueblo Movilizado. Individualmente se muestran amables, Mar\u00eda \u00a1que honesta eres, \u00a1eres la m\u00e1s consecuente! \u00a1Eres muy valiente! Te respetamos, y cuando el secretario Smock anunciaba mi intervenci\u00f3n, un completo silencio era lo que me anteced\u00eda, todos sab\u00edan que exist\u00eda la posibilidad que los denunciara, los enfrentara por corruptos, por responsables de la miseria. Hoy, despu\u00e9s de conocerlos digo con la misma fuerza y con mayor certeza \u201cnunca debemos confiar en sus palabras de buena crianza\u201d, porque cuando lo consideren necesario actuar\u00e1n como realmente piensan y aplicar\u00e1n todo su poder contra nosotros.<\/p>\n\n\n\n<figure class=\"wp-block-image\"><img decoding=\"async\" src=\"https:\/\/i0.wp.com\/www.vozdelostrabajadores.cl\/wp-content\/uploads\/2022\/08\/jorge-arancibia_348081_2_611aeca5905e4.jpg?resize=696%2C392&amp;ssl=1\" alt=\"\" class=\"wp-image-3912\" \/><\/figure>\n\n\n\n<p>En la otra cara de la moneda compart\u00ed la Comisi\u00f3n con la m\u00edtica Machi Francisca Linconao, con quien iniciamos una gran amistad y pude conocer de m\u00e1s cerca a esta mujer Mapuche aguerrida, autoridad ancestral, desconfiada pero como no serlo si pas\u00f3 un a\u00f1o en la c\u00e1rcel v\u00edctima de un montaje. No me cabe duda, que la Machi seguir\u00e1 luchando por defender su tierra y expresando la impotencia y rabia de tanta discriminaci\u00f3n y malos tratos a su pueblo. Por mi parte en privado y P\u00fablicamente se lo dije \u201creivindico la lucha Mapuche por la recuperaci\u00f3n de las Tierras y no cuestiono la violencia que utilizan en esa lucha\u201d<\/p>\n\n\n\n<p>La decantaci\u00f3n de posiciones no se demor\u00f3. Los partidos tradicionales todos los ex Concerta, INN, PS y FA hoy Bloque gobernante tomaron la direcci\u00f3n, arrastrando a los independientes que al principio parec\u00edan decididos a dar una batalla, mostrando que las campa\u00f1as electorales \u201caguantan todo\u201d. Las Feministas organizaron \u201cuna colectiva\u201d encabezada por las 8M, tambi\u00e9n se organizaron los \u201cEcoconstituyentes\u201d, colectivos que se llenaron de ex-independientes que a poco andar sucumbieron o directamente se entregaron al ansiado poder tradicional.<\/p>\n\n\n\n<p>Mientras los pol\u00edticos de siempre, que dentro de la Convenci\u00f3n ten\u00edan claro que deb\u00edan proteger los privilegios de los poderosos, hac\u00edan y deshac\u00edan normas, el sector popular deb\u00eda dar explicaciones del numerito del \u201cPelao Vade\u201d haciendo esfuerzos para no ser contaminados, esfuerzo que se ver\u00eda prontamente derrotado con la aparici\u00f3n del candidato Presidencial de la Lista del Pueblo Diego Ancalao, quien resucit\u00f3 muertos, compr\u00f3 notarios y termin\u00f3 por destruir el otrora Proyecto Popular Lista del Pueblo.<\/p>\n\n\n\n<p>As\u00ed los 27 que llegamos como propuesta nos diluimos, integramos diversos colectivos o bancadas y seguimos al menos yo, defendiendo el programa que llev\u00f3 hasta ese hemiciclo que me permiti\u00f3 provocar la histeria de los poderosos, el miedo del Frente Amplio, la verg\u00fcenza de varios independientes, la emoci\u00f3n de algunas que se dicen Comunistas y el orgullo al escucharme de un importante sector de trabajadores.<\/p>\n\n\n\n<p>Hoy, cuando ya ha quedado atr\u00e1s esa parte del proceso de la Convenci\u00f3n constitucional, puedo decir sin temor a equivocarme: nuestro balance es positivo, Logramos levantar un programa Revolucionario, hablando con la verdad, proponiendo el camino al socialismo, \u00fanica forma de terminar con la corrupci\u00f3n en todas las instituciones del Estado, enfrentando al poder burgu\u00e9s, demostrando a que vamos los revolucionarios al Parlamento. No concedimos, no participamos de ninguna negociaci\u00f3n espuria a espaldas del Pueblo, no nos rendimos al poder institucional y hoy podemos salir a la calle a defender lo que ah\u00ed sembramos.<\/p>\n\n\n\n<p>Hoy debemos trabajar con ah\u00ednco y con la experiencia ganada, decir con total certeza que no es por dentro de la institucionalidad que encontraremos la salida. Hay que seguir luchando por construir un programa que unifique a la clase trabajadora, y recuperar los sindicatos, las asambleas territoriales, las organizaciones de mujeres, j\u00f3venes y ancianos, pueblos oprimidos y disidencias sexuales, un programa de todas y todos los que luchan y con las f\u00e9rrea independencia de clase para retomar las banderas que flamearon en octubre y cambiar de ra\u00edz este Chile. Para esto es muy necesario construir un Partido Revolucionario y desde ya el MIT se pone al servicio de esa tarea que urge, para que lo mejor de nuestra clase se apropie y realice esta tarea. Dejamos ac\u00e1 la invitaci\u00f3n a conocer nuestra propuesta.<\/p>\n\n\n\n<figure class=\"wp-block-image\"><img decoding=\"async\" src=\"https:\/\/i0.wp.com\/www.vozdelostrabajadores.cl\/wp-content\/uploads\/2022\/08\/279553523_363164642516649_6334994305773892037_n-1024x683.jpg?resize=696%2C464&amp;ssl=1\" alt=\"\" class=\"wp-image-3913\" \/><figcaption>Mar\u00eda Rivera en Manifestaci\u00f3n del 1 de Mayo de 2022<\/figcaption><\/figure>\n","protected":false},"excerpt":{"rendered":"<p>Por Mar\u00eda Rivera, dirigenta del MIT y ex-constituyente por el Distrito 8 En esta ocasi\u00f3n har\u00e9 el primer balance de mi participaci\u00f3n en la Convenci\u00f3n Constitucional. Lo primero, hay que recordar que el haber elegido 27 integrantes de La Lista del Pueblo, m\u00e1s la Vocer\u00eda de los Pueblos en que, 34 Convencionales firmamos una declaraci\u00f3n [&hellip;]<\/p>\n","protected":false},"author":4,"featured_media":71806,"menu_order":0,"comment_status":"open","ping_status":"open","sticky":false,"template":"","format":"standard","meta":{"litci_post_political_author":"","footnotes":""},"categories":[2677],"tags":[2904,14882],"class_list":["post-71805","post","type-post","status-publish","format-standard","has-post-thumbnail","hentry","category-chile","tag-chile-2","tag-maria-rivera"],"fimg_url":"https:\/\/litci.org\/es\/wp-content\/uploads\/2022\/08\/RIVERA2.jpeg","categories_names":["Chile"],"author_info":{"name":"Administraci\u00f3n Site","pic":"https:\/\/secure.gravatar.com\/avatar\/1fc4a65db396208ca881747f59a66a20c6b8670747457224753e1e98c43f719b?s=96&d=mm&r=g"},"political_author":null,"tagline":"","_links":{"self":[{"href":"https:\/\/litci.org\/es\/wp-json\/wp\/v2\/posts\/71805","targetHints":{"allow":["GET"]}}],"collection":[{"href":"https:\/\/litci.org\/es\/wp-json\/wp\/v2\/posts"}],"about":[{"href":"https:\/\/litci.org\/es\/wp-json\/wp\/v2\/types\/post"}],"author":[{"embeddable":true,"href":"https:\/\/litci.org\/es\/wp-json\/wp\/v2\/users\/4"}],"replies":[{"embeddable":true,"href":"https:\/\/litci.org\/es\/wp-json\/wp\/v2\/comments?post=71805"}],"version-history":[{"count":2,"href":"https:\/\/litci.org\/es\/wp-json\/wp\/v2\/posts\/71805\/revisions"}],"predecessor-version":[{"id":78172,"href":"https:\/\/litci.org\/es\/wp-json\/wp\/v2\/posts\/71805\/revisions\/78172"}],"wp:featuredmedia":[{"embeddable":true,"href":"https:\/\/litci.org\/es\/wp-json\/wp\/v2\/media\/71806"}],"wp:attachment":[{"href":"https:\/\/litci.org\/es\/wp-json\/wp\/v2\/media?parent=71805"}],"wp:term":[{"taxonomy":"category","embeddable":true,"href":"https:\/\/litci.org\/es\/wp-json\/wp\/v2\/categories?post=71805"},{"taxonomy":"post_tag","embeddable":true,"href":"https:\/\/litci.org\/es\/wp-json\/wp\/v2\/tags?post=71805"}],"curies":[{"name":"wp","href":"https:\/\/api.w.org\/{rel}","templated":true}]}}