{"id":71583,"date":"2022-08-10T12:33:53","date_gmt":"2022-08-10T12:33:53","guid":{"rendered":"https:\/\/litci.org\/es\/?p=71583"},"modified":"2024-11-03T13:27:31","modified_gmt":"2024-11-03T13:27:31","slug":"brasil-convencion-nacional-del-pstu-oficializo-a-vera-y-raquel-tremembe-para-la-presidencia","status":"publish","type":"post","link":"https:\/\/litci.org\/es\/brasil-convencion-nacional-del-pstu-oficializo-a-vera-y-raquel-tremembe-para-la-presidencia\/","title":{"rendered":"Brasil | Convenci\u00f3n Nacional del PSTU oficializ\u00f3 a Vera y Raquel Trememb\u00e9 para la Presidencia"},"content":{"rendered":"\n<p><\/p>\n\n\n\n<p><em>Con mucha animaci\u00f3n y alegr\u00eda, la Convenci\u00f3n Nacional del PSTU oficializ\u00f3 la candidatura de Vera y Kun\u00e3 Ypor\u00e3 (Raquel Trememb\u00e9) a la Presidencia de la Rep\u00fablica por el Polo Socialista y Revolucionario.&nbsp;Cerca de 300 personas asistieron a la sede del Sindicato de Trabajadores del Metro de S\u00e3o Paulo para participar de este momento hist\u00f3rico.&nbsp;Los afiliados presentes aprobaron por unanimidad la lista formada por una obrera negra y una ind\u00edgena, quienes defender\u00e1n en las elecciones un programa socialista y revolucionario.<\/em><em><\/em><\/p>\n\n\n\n<p>Por: Roberto Aguiar<\/p>\n\n\n\n<p>\u201c<em>Junto a la militancia del PSTU y del Polo Socialista y Revolucionario vamos a presentar un programa que responde a las necesidades m\u00e1s sentidas por la clase trabajadora, los sectores explotados y oprimidos y pobres de nuestro pa\u00eds.&nbsp;Vamos a combatir a Bolsonaro y su proyecto de dictadura, as\u00ed como el proyecto de conciliaci\u00f3n de clases de la f\u00f3rmula Lula-Alckmin, encabezada por el PT, con el apoyo del PCdoB y del PSOL.&nbsp;Vamos a llamar a la clase obrera a construir una alternativa independiente, sin alianzas con los patrones y la burgues\u00eda.&nbsp;Una alternativa socialista<\/em>\u201d, dijo Vera.<\/p>\n\n\n\n<p>La ind\u00edgena Kun\u00e3 Ypor\u00e3, tambi\u00e9n conocida como Raquel Trememb\u00e9, agradeci\u00f3 por componer una lista socialista y revolucionaria con Vera y se\u00f1al\u00f3 la importancia de construir una alternativa con independencia de clase, frente a la crisis del capitalismo.<\/p>\n\n\n\n<p>\u201c<em>Estamos presenciando quiz\u00e1s la mayor crisis del sistema capitalista y, con ella, se profundizan la desigualdad social, los ataques a los derechos humanos y al medio ambiente.&nbsp;Esta realidad de miedo y crueldad no puede frenar a los revolucionarios y los guardianes de los bosques.&nbsp;Un nuevo horizonte es posible.&nbsp;Nuestro primer paso es derrocar a Bolsonaro en las calles, no para defender la democracia de los ricos, sino para fortalecer los pilares de lucha y debilitar a la derecha reaccionaria<\/em>\u201d, afirm\u00f3 Trememb\u00e9.<\/p>\n\n\n\n<p>\u201c<em>Necesitamos estatizar empresas, derribar la tesis del Marco Temporal, demarcar y titular los territorios ind\u00edgenas y quilombolas, retomar el programa de reforma agraria que vise distribuir tierras econ\u00f3micamente productivas a los peque\u00f1os productores.&nbsp;Tambi\u00e9n es necesario expropiar las tierras utilizadas para reproducci\u00f3n del trabajo esclavo, la miner\u00eda ilegal y la extracci\u00f3n ilegal de maderas.&nbsp;Es necesario devolver el manejo de las unidades de conservaci\u00f3n a los pueblos extractivistas.&nbsp;Fortalecer la Funai, el Ibama, el ICMBio y el Incra.&nbsp;Todas estas demandas deben ser hechas en unidad con los trabajadores urbanos, en especial la clase obrera<\/em>\u201d, complet\u00f3 la candidata a vicepresidente.<\/p>\n\n\n\n<p>Vera tambi\u00e9n resalt\u00f3 la necesidad de la unidad de los trabajadores de la ciudad y del campo, los explotados y oprimidos, de los pueblos originarios y quilombolas en la defensa de las reivindicaciones hist\u00f3ricas y por el socialismo.&nbsp;Pautas estas que ser\u00e1n defendidas \u201cpor una lista 100% femenina, que defiende la destrucci\u00f3n de este sistema que nos explota y oprime, y que defiende otra sociedad, justa e igualitaria, una sociedad socialista\u201d.<\/p>\n\n\n\n<p>Art\u00edculo publicado en <a href=\"http:\/\/www.pstu.org.br\" target=\"_blank\" rel=\"noopener\">www.pstu.org.br<\/a>, 5\/8\/2022.-<\/p>\n\n\n\n<p>Traducci\u00f3n: Natalia Estrada.<\/p>\n","protected":false},"excerpt":{"rendered":"<p>Con mucha animaci\u00f3n y alegr\u00eda, la Convenci\u00f3n Nacional del PSTU oficializ\u00f3 la candidatura de Vera y Kun\u00e3 Ypor\u00e3 (Raquel Trememb\u00e9) a la Presidencia de la Rep\u00fablica por el Polo Socialista y Revolucionario.&nbsp;Cerca de 300 personas asistieron a la sede del Sindicato de Trabajadores del Metro de S\u00e3o Paulo para participar de este momento hist\u00f3rico.&nbsp;Los afiliados [&hellip;]<\/p>\n","protected":false},"author":4,"featured_media":71584,"menu_order":0,"comment_status":"open","ping_status":"open","sticky":false,"template":"","format":"standard","meta":{"jetpack_post_was_ever_published":false,"_jetpack_newsletter_access":"","_jetpack_dont_email_post_to_subs":false,"_jetpack_newsletter_tier_id":0,"_jetpack_memberships_contains_paywalled_content":false,"litci_post_political_author":"","_jetpack_memberships_contains_paid_content":false,"footnotes":""},"categories":[2676,12300],"tags":[2836,2882,13428],"class_list":["post-71583","post","type-post","status-publish","format-standard","has-post-thumbnail","hentry","category-brasil","category-electoral","tag-brasil-2","tag-pstu-2","tag-vera-lucia"],"jetpack_featured_media_url":"https:\/\/i0.wp.com\/litci.org\/es\/wp-content\/uploads\/2022\/08\/52255647133_5816a9868c_c-1.jpg?fit=799%2C533&ssl=1","fimg_url":"https:\/\/i0.wp.com\/litci.org\/es\/wp-content\/uploads\/2022\/08\/52255647133_5816a9868c_c-1.jpg?fit=799%2C533&ssl=1","categories_names":["Brasil","Electoral"],"author_info":{"name":"Administraci\u00f3n Site","pic":"https:\/\/secure.gravatar.com\/avatar\/1fc4a65db396208ca881747f59a66a20c6b8670747457224753e1e98c43f719b?s=96&d=mm&r=g"},"political_author":null,"tagline":"","jetpack_sharing_enabled":true,"_links":{"self":[{"href":"https:\/\/litci.org\/es\/wp-json\/wp\/v2\/posts\/71583","targetHints":{"allow":["GET"]}}],"collection":[{"href":"https:\/\/litci.org\/es\/wp-json\/wp\/v2\/posts"}],"about":[{"href":"https:\/\/litci.org\/es\/wp-json\/wp\/v2\/types\/post"}],"author":[{"embeddable":true,"href":"https:\/\/litci.org\/es\/wp-json\/wp\/v2\/users\/4"}],"replies":[{"embeddable":true,"href":"https:\/\/litci.org\/es\/wp-json\/wp\/v2\/comments?post=71583"}],"version-history":[{"count":1,"href":"https:\/\/litci.org\/es\/wp-json\/wp\/v2\/posts\/71583\/revisions"}],"predecessor-version":[{"id":71585,"href":"https:\/\/litci.org\/es\/wp-json\/wp\/v2\/posts\/71583\/revisions\/71585"}],"wp:featuredmedia":[{"embeddable":true,"href":"https:\/\/litci.org\/es\/wp-json\/wp\/v2\/media\/71584"}],"wp:attachment":[{"href":"https:\/\/litci.org\/es\/wp-json\/wp\/v2\/media?parent=71583"}],"wp:term":[{"taxonomy":"category","embeddable":true,"href":"https:\/\/litci.org\/es\/wp-json\/wp\/v2\/categories?post=71583"},{"taxonomy":"post_tag","embeddable":true,"href":"https:\/\/litci.org\/es\/wp-json\/wp\/v2\/tags?post=71583"}],"curies":[{"name":"wp","href":"https:\/\/api.w.org\/{rel}","templated":true}]}}