{"id":71380,"date":"2022-06-28T12:03:22","date_gmt":"2022-06-28T12:03:22","guid":{"rendered":"https:\/\/litci.org\/es\/lucha-lgbti-como-combatir-a-la-ultraderecha\/"},"modified":"2024-11-03T13:27:35","modified_gmt":"2024-11-03T13:27:35","slug":"lucha-lgbti-como-combatir-a-la-ultraderecha","status":"publish","type":"post","link":"https:\/\/litci.org\/es\/lucha-lgbti-como-combatir-a-la-ultraderecha\/","title":{"rendered":"Estado Espa\u00f1ol | Lucha LGBTI+: C\u00f3mo combatir a la ultraderecha"},"content":{"rendered":"<p><em>Los derechos del colectivo LGTBI est\u00e1n constantemente amenazados por unas instituciones \u00abtan democr\u00e1ticas\u00bb que dan cabida a organizaciones ultraderechistas que no dudan en utilizarnos como chivo expiatorio. En este contexto, es totalmente comprensible que cada vez que se celebran unas nuevas elecciones las alarmas del colectivo se activen y que, en cierto modo, la l\u00f3gica del \u00abvoto \u00fatil\u00bb impere: mejor ellos que VOX, \u00bfno?. Aunque \u00abellos\u00bb llevan desde 2018 en el gobierno central, y ante la crisis socioecon\u00f3mica que vivimos donde los desahucios, cortes de luz y contratos a tiempo parcial est\u00e1n a la orden del d\u00eda, parece que no existiese una alternativa digna \u00bfPodemos culpar al pueblo andaluz de que no haya votado este mismo mes a PSOE-UP? El PP obtuvo mayor\u00eda absoluta, pero con la mayor abstenci\u00f3n desde 1990 \u00bfDebemos alegrarnos de que puedan formar gobierno en solitario cuando ya est\u00e1n gobernando con VOX en Castilla y Le\u00f3n?\u00a0<\/em><\/p>\n<p><!--more--><\/p>\n<p><strong>Por Corriente Roja<\/strong><\/p>\n<p>Tan absurdo es votar al PP para acabar con VOX como lo es esperar que \u00e9ste no salga fortalecido de mandatos \u00abde izquierdas\u00bb m\u00e1s cercanos al oligopolio el\u00e9ctrico que al pueblo trabajador. La desigualdad y polarizaci\u00f3n sociales van de la mano y, en ausencia de una alternativa real que busque aglutinar el inter\u00e9s de la mayor\u00eda pobre y trabajadora, los discursos de odio seguir\u00e1n se\u00f1alando a falsos culpables de la miseria social para salvaguardar a la minor\u00eda que se lucra de ella. Y esta din\u00e1mica, por la que el espacio pol\u00edtico de la ultraderecha crece, no solo est\u00e1 instaurada en el Estado Espa\u00f1ol: es una realidad mundial en tanto lo es la lucha de clases.<\/p>\n<p>La mayor\u00eda del colectivo LGTBI es clase trabajadora por lo que tenemos que entender que, para combatir las pol\u00edticas de odio, debemos aliarnos con toda nuestra clase, y eso pasa no s\u00f3lo por combatir a nuestros enemigos m\u00e1s reaccionarios, sino tambi\u00e9n a aquellos que les ceden espacio pol\u00edtico al desatender las necesidades de la mayor\u00eda social. Incluso las demandas espec\u00edficas del colectivo LGTBI son utilizadas por estos partidos como mero reclamo electoral, dejando desastrosas consecuencias \u00bfD\u00f3nde est\u00e1 la Ley Trans de la que tanto se ha abanderado UP mientras sufr\u00edamos el tratamiento envenenado que se le ha dado en los medios y discursos parlamentarios? \u00bfPor qu\u00e9 debemos esperar a una pr\u00f3xima legislatura si no est\u00e1n asegurando algo que prometieron y que lejos de cumplir, est\u00e1 dejando tras de s\u00ed el aumento de transfobia?<\/p>\n<p>Desde Corriente Roja tenemos claro que la lucha contra la LGTBIfobia es inseparable de la lucha contra el sistema capitalista y todos sus agentes. No es una tarea f\u00e1cil pero la solidaridad de clase es nuestra mayor arma. Si nos organizamos como mayor\u00eda social para poner en com\u00fan nuestros intereses y se\u00f1alar al enemigo, la ultraderecha lo tendr\u00e1 mucho m\u00e1s dif\u00edcil: debemos construirnos como alternativa desde la movilizaci\u00f3n social.<\/p>\n<p><strong>Exijamos:<\/strong><\/p>\n<p>Libre autodeterminaci\u00f3n de g\u00e9nero sin requisitos patologizantes \u00a1Ley Trans e integral LGTBI YA!<\/p>\n<p>Recursos habitacionales para el colectivo para huir de la violencia LGTBIf\u00f3bica intrafamiliar y creaci\u00f3n de empleo p\u00fablico con cupo LGTBI \u00a1limitaci\u00f3n del alquiler y detenci\u00f3n de los desahucios! Pongamos los pisos vac\u00edos de bancos\/fondos inmobiliarios al servicio de un alquiler social.<\/p>\n<p>\u00a1Educaci\u00f3n sexual y en valores de Igualdad! Implementaci\u00f3n en el curr\u00edculo escolar con car\u00e1cter obligatorio \u00a1ni un euro m\u00e1s a la concertada cat\u00f3lica! \u00a1Educaci\u00f3n 100% p\u00fablica!<\/p>\n<p>\u00a1Aumento dr\u00e1stico en recursos sanitarios! Necesitamos personal formado y sensibilizado contra la LGTBIfobia.<\/p>\n<h2 class=\"has-text-align-center\"><strong>Ven a seguir construyendo este programa LGTBI y de clase en Corriente Roja.<\/strong><\/h2>\n","protected":false},"excerpt":{"rendered":"<p>Los derechos del colectivo LGTBI est\u00e1n constantemente amenazados por unas instituciones \u00abtan democr\u00e1ticas\u00bb que dan cabida a organizaciones ultraderechistas que no dudan en utilizarnos como chivo expiatorio. En este contexto, es totalmente comprensible que cada vez que se celebran unas nuevas elecciones las alarmas del colectivo se activen y que, en cierto modo, la l\u00f3gica [&hellip;]<\/p>\n","protected":false},"author":1,"featured_media":70198,"menu_order":0,"comment_status":"closed","ping_status":"closed","sticky":false,"template":"","format":"standard","meta":{"jetpack_post_was_ever_published":false,"_jetpack_newsletter_access":"","_jetpack_dont_email_post_to_subs":false,"_jetpack_newsletter_tier_id":0,"_jetpack_memberships_contains_paywalled_content":false,"litci_post_political_author":"","_jetpack_memberships_contains_paid_content":false,"footnotes":""},"categories":[5345,2656,2697],"tags":[17697,17696],"class_list":["post-71380","post","type-post","status-publish","format-standard","has-post-thumbnail","hentry","category-lgbt","category-corriente-roja-estado-espanol","category-estado-espanol","tag-lgtbi-ultraderecha","tag-lucha-lgtbi"],"jetpack_featured_media_url":"","fimg_url":false,"categories_names":["Corriente Roja - Estado Espa\u00f1ol","Estado Espa\u00f1ol","LGBT"],"author_info":{"name":"litci","pic":"https:\/\/secure.gravatar.com\/avatar\/c5ccde5393ccb83747702c5ca92f55d8fdaf99be9432d0142571c6d437fbaadb?s=96&d=mm&r=g"},"political_author":null,"tagline":"","jetpack_sharing_enabled":true,"_links":{"self":[{"href":"https:\/\/litci.org\/es\/wp-json\/wp\/v2\/posts\/71380","targetHints":{"allow":["GET"]}}],"collection":[{"href":"https:\/\/litci.org\/es\/wp-json\/wp\/v2\/posts"}],"about":[{"href":"https:\/\/litci.org\/es\/wp-json\/wp\/v2\/types\/post"}],"author":[{"embeddable":true,"href":"https:\/\/litci.org\/es\/wp-json\/wp\/v2\/users\/1"}],"replies":[{"embeddable":true,"href":"https:\/\/litci.org\/es\/wp-json\/wp\/v2\/comments?post=71380"}],"version-history":[{"count":1,"href":"https:\/\/litci.org\/es\/wp-json\/wp\/v2\/posts\/71380\/revisions"}],"predecessor-version":[{"id":78187,"href":"https:\/\/litci.org\/es\/wp-json\/wp\/v2\/posts\/71380\/revisions\/78187"}],"wp:featuredmedia":[{"embeddable":true,"href":"https:\/\/litci.org\/es\/wp-json\/"}],"wp:attachment":[{"href":"https:\/\/litci.org\/es\/wp-json\/wp\/v2\/media?parent=71380"}],"wp:term":[{"taxonomy":"category","embeddable":true,"href":"https:\/\/litci.org\/es\/wp-json\/wp\/v2\/categories?post=71380"},{"taxonomy":"post_tag","embeddable":true,"href":"https:\/\/litci.org\/es\/wp-json\/wp\/v2\/tags?post=71380"}],"curies":[{"name":"wp","href":"https:\/\/api.w.org\/{rel}","templated":true}]}}